{"id":28706,"date":"2025-05-12T16:33:39","date_gmt":"2025-05-12T13:33:39","guid":{"rendered":"https:\/\/akdenizhaber.com.tr\/?p=28706"},"modified":"2025-05-12T16:33:40","modified_gmt":"2025-05-12T13:33:40","slug":"side-ve-colakli-kreslerinden-anneler-gunune-ozel-kutlama","status":"publish","type":"post","link":"https:\/\/akdenizhaber.com.tr\/index.php\/2025\/05\/12\/side-ve-colakli-kreslerinden-anneler-gunune-ozel-kutlama\/","title":{"rendered":"Side ve \u00c7olakl\u0131 Kre\u015flerinden Anneler G\u00fcn\u00fc&#8217;ne \u00d6zel Kutlama"},"content":{"rendered":"\n<p>Manavgat Belediyesi\u2019ne ba\u011fl\u0131 Side Kre\u015f ve G\u00fcnd\u00fcz Bak\u0131mevi ile \u00c7olakl\u0131 Kre\u015f ve G\u00fcnd\u00fcz Bak\u0131mevi\u2019nde \u00f6\u011frenim g\u00f6ren minik \u00f6\u011frenciler ve velileri, Anneler G\u00fcn\u00fc vesilesiyle d\u00fczenlenen kutlamada bir araya geldi. Bo\u011faz Otel\u2019de ger\u00e7ekle\u015ftirilen kutlamada e\u011flenceli anlar ya\u015fand\u0131.<\/p>\n\n\n\n<p>Manavgat Belediyesi\u2019nin her y\u0131l geleneksel hale getirmeyi hedefledi\u011fi Anneler G\u00fcn\u00fc etkinli\u011fi, bu y\u0131l da b\u00fcy\u00fck bir co\u015fkuyla kutland\u0131. Etkinli\u011fe, Manavgat Belediye Ba\u015fkan Yard\u0131mc\u0131s\u0131 G\u00fcls\u00fcm \u00d6zer ve Kre\u015f M\u00fcd\u00fcr\u00fc \u0130hsan Can da kat\u0131ld\u0131.<\/p>\n\n\n\n<p>Etkinlik boyunca hem \u00e7ocuklar hem de veliler doyas\u0131ya e\u011flendi. \u00d6\u011frenciler oyun alanlar\u0131nda vakit ge\u00e7irirken, anneler de sohbet edip bol bol foto\u011fraf \u00e7ektirdi. Etkinli\u011fin ard\u0131ndan velilere Anneler G\u00fcn\u00fc\u2019ne \u00f6zel haz\u0131rlanan hediyeleri takdim edildi.<\/p>\n\n\n\n<p>Manavgat Belediyesi \/ B\u00fclten<\/p>\n","protected":false},"excerpt":{"rendered":"<p>Manavgat Belediyesi\u2019ne ba\u011fl\u0131 Side Kre\u015f ve G\u00fcnd\u00fcz Bak\u0131mevi ile \u00c7olakl\u0131 Kre\u015f ve G\u00fcnd\u00fcz Bak\u0131mevi\u2019nde \u00f6\u011frenim g\u00f6ren minik \u00f6\u011frenciler ve velileri, Anneler G\u00fcn\u00fc vesilesiyle d\u00fczenlenen kutlamada <a href=\"https:\/\/akdenizhaber.com.tr\/index.php\/2025\/05\/12\/side-ve-colakli-kreslerinden-anneler-gunune-ozel-kutlama\/\" class=\"read-more-link\">[more&#8230;]<\/a><\/p>\n","protected":false},"author":2,"featured_media":28707,"comment_status":"open","ping_status":"open","sticky":false,"template":"","format":"standard","meta":{"footnotes":""},"categories":[2],"tags":[],"class_list":["post-28706","post","type-post","status-publish","format-standard","has-post-thumbnail","hentry","category-gundem"],"_links":{"self":[{"href":"https:\/\/akdenizhaber.com.tr\/index.php\/wp-json\/wp\/v2\/posts\/28706","targetHints":{"allow":["GET"]}}],"collection":[{"href":"https:\/\/akdenizhaber.com.tr\/index.php\/wp-json\/wp\/v2\/posts"}],"about":[{"href":"https:\/\/akdenizhaber.com.tr\/index.php\/wp-json\/wp\/v2\/types\/post"}],"author":[{"embeddable":true,"href":"https:\/\/akdenizhaber.com.tr\/index.php\/wp-json\/wp\/v2\/users\/2"}],"replies":[{"embeddable":true,"href":"https:\/\/akdenizhaber.com.tr\/index.php\/wp-json\/wp\/v2\/comments?post=28706"}],"version-history":[{"count":1,"href":"https:\/\/akdenizhaber.com.tr\/index.php\/wp-json\/wp\/v2\/posts\/28706\/revisions"}],"predecessor-version":[{"id":28708,"href":"https:\/\/akdenizhaber.com.tr\/index.php\/wp-json\/wp\/v2\/posts\/28706\/revisions\/28708"}],"wp:featuredmedia":[{"embeddable":true,"href":"https:\/\/akdenizhaber.com.tr\/index.php\/wp-json\/wp\/v2\/media\/28707"}],"wp:attachment":[{"href":"https:\/\/akdenizhaber.com.tr\/index.php\/wp-json\/wp\/v2\/media?parent=28706"}],"wp:term":[{"taxonomy":"category","embeddable":true,"href":"https:\/\/akdenizhaber.com.tr\/index.php\/wp-json\/wp\/v2\/categories?post=28706"},{"taxonomy":"post_tag","embeddable":true,"href":"https:\/\/akdenizhaber.com.tr\/index.php\/wp-json\/wp\/v2\/tags?post=28706"}],"curies":[{"name":"wp","href":"https:\/\/api.w.org\/{rel}","templated":true}]}}