{"id":28656,"date":"2025-05-08T15:40:38","date_gmt":"2025-05-08T12:40:38","guid":{"rendered":"https:\/\/akdenizhaber.com.tr\/?p=28656"},"modified":"2025-05-08T15:40:40","modified_gmt":"2025-05-08T12:40:40","slug":"manavgat-belediyesinden-ucretsiz-su-kabagi-islemeciligi-kursu","status":"publish","type":"post","link":"https:\/\/akdenizhaber.com.tr\/index.php\/2025\/05\/08\/manavgat-belediyesinden-ucretsiz-su-kabagi-islemeciligi-kursu\/","title":{"rendered":"Manavgat Belediyesi\u2019nden \u00dccretsiz Su Kaba\u011f\u0131 \u0130\u015flemecili\u011fi Kursu"},"content":{"rendered":"\n<p>Manavgat Belediyesi, k\u00fclt\u00fcrel miras\u0131n ya\u015fat\u0131lmas\u0131 ve el sanatlar\u0131na olan ilgiyi art\u0131rmak amac\u0131yla, geleneksel el sanatlar\u0131ndan biri olan <strong>Su Kaba\u011f\u0131 \u0130\u015flemecili\u011fi Kursu<\/strong> i\u00e7in kay\u0131tlar\u0131 ba\u015flatt\u0131. Tamamen \u00fccretsiz olarak sunulacak olan bu e\u011fitim program\u0131, hem hobi aray\u0131\u015f\u0131nda olan vatanda\u015flara hem de el sanatlar\u0131nda kendini geli\u015ftirmek isteyen bireylere \u00f6nemli bir f\u0131rsat sunuyor.<\/p>\n\n\n\n<p>Manavgat Belediyesi\u2019nin alan\u0131nda uzman ve deneyimli e\u011fitmen kadrosu taraf\u0131ndan verilecek kurs kapsam\u0131nda; su kaba\u011f\u0131 delme, inceltme, \u00e7atlatma, yakma ve boyama tekniklerine dair e\u011fitimler verilecek.<\/p>\n\n\n\n<p>Kurslar, haftada iki g\u00fcn olmak \u00fczere Sal\u0131 ve Cuma g\u00fcnleri, 09:00 ile 14:50 saatleri aras\u0131nda yap\u0131lacak. Bu zaman dilimi i\u00e7erisinde, hem teorik hem de uygulamal\u0131 e\u011fitimler ger\u00e7ekle\u015ftirilecek. Kat\u0131l\u0131mc\u0131lar, e\u011fitmenler e\u015fli\u011finde birebir uygulamalar yaparak \u00f6\u011frendiklerini peki\u015ftirme imkan\u0131 bulacak.<\/p>\n\n\n\n<p>Kursa ba\u015fvurmak isteyen vatanda\u015flar\u0131n, \u015fahsen \u0130brahim S\u00f6zen Gen\u00e7lik Merkezi\u2019ne giderek kay\u0131t yapt\u0131rmalar\u0131 gerekmektedir. Telefon \u00fczerinden kay\u0131t kabul edilmemektedir.<\/p>\n\n\n\n<p>Manavgat Belediyesi \/ B\u00fclten<\/p>\n\n\n\n<p><\/p>\n","protected":false},"excerpt":{"rendered":"<p>Manavgat Belediyesi, k\u00fclt\u00fcrel miras\u0131n ya\u015fat\u0131lmas\u0131 ve el sanatlar\u0131na olan ilgiyi art\u0131rmak amac\u0131yla, geleneksel el sanatlar\u0131ndan biri olan Su Kaba\u011f\u0131 \u0130\u015flemecili\u011fi Kursu i\u00e7in kay\u0131tlar\u0131 ba\u015flatt\u0131. Tamamen <a href=\"https:\/\/akdenizhaber.com.tr\/index.php\/2025\/05\/08\/manavgat-belediyesinden-ucretsiz-su-kabagi-islemeciligi-kursu\/\" class=\"read-more-link\">[more&#8230;]<\/a><\/p>\n","protected":false},"author":2,"featured_media":28657,"comment_status":"open","ping_status":"open","sticky":false,"template":"","format":"standard","meta":{"footnotes":""},"categories":[2],"tags":[],"class_list":["post-28656","post","type-post","status-publish","format-standard","has-post-thumbnail","hentry","category-gundem"],"_links":{"self":[{"href":"https:\/\/akdenizhaber.com.tr\/index.php\/wp-json\/wp\/v2\/posts\/28656","targetHints":{"allow":["GET"]}}],"collection":[{"href":"https:\/\/akdenizhaber.com.tr\/index.php\/wp-json\/wp\/v2\/posts"}],"about":[{"href":"https:\/\/akdenizhaber.com.tr\/index.php\/wp-json\/wp\/v2\/types\/post"}],"author":[{"embeddable":true,"href":"https:\/\/akdenizhaber.com.tr\/index.php\/wp-json\/wp\/v2\/users\/2"}],"replies":[{"embeddable":true,"href":"https:\/\/akdenizhaber.com.tr\/index.php\/wp-json\/wp\/v2\/comments?post=28656"}],"version-history":[{"count":1,"href":"https:\/\/akdenizhaber.com.tr\/index.php\/wp-json\/wp\/v2\/posts\/28656\/revisions"}],"predecessor-version":[{"id":28658,"href":"https:\/\/akdenizhaber.com.tr\/index.php\/wp-json\/wp\/v2\/posts\/28656\/revisions\/28658"}],"wp:featuredmedia":[{"embeddable":true,"href":"https:\/\/akdenizhaber.com.tr\/index.php\/wp-json\/wp\/v2\/media\/28657"}],"wp:attachment":[{"href":"https:\/\/akdenizhaber.com.tr\/index.php\/wp-json\/wp\/v2\/media?parent=28656"}],"wp:term":[{"taxonomy":"category","embeddable":true,"href":"https:\/\/akdenizhaber.com.tr\/index.php\/wp-json\/wp\/v2\/categories?post=28656"},{"taxonomy":"post_tag","embeddable":true,"href":"https:\/\/akdenizhaber.com.tr\/index.php\/wp-json\/wp\/v2\/tags?post=28656"}],"curies":[{"name":"wp","href":"https:\/\/api.w.org\/{rel}","templated":true}]}}