{"id":28606,"date":"2025-05-05T16:58:03","date_gmt":"2025-05-05T13:58:03","guid":{"rendered":"https:\/\/akdenizhaber.com.tr\/?p=28606"},"modified":"2025-05-05T16:58:04","modified_gmt":"2025-05-05T13:58:04","slug":"gelecegin-mutfagi-barut-hemerada-tanitildi","status":"publish","type":"post","link":"https:\/\/akdenizhaber.com.tr\/index.php\/2025\/05\/05\/gelecegin-mutfagi-barut-hemerada-tanitildi\/","title":{"rendered":"\u201cGelece\u011fin Mutfa\u011f\u0131\u201d Barut Hemera\u2019da Tan\u0131t\u0131ld\u0131"},"content":{"rendered":"\n<p>Barut Hemera\u2019n\u0131n sponsorlu\u011funda hayata ge\u00e7irilen \u015eef \u00d6zge \u015eahin\u2019in Gelece\u011fin Mutfa\u011f\u0131 adl\u0131 kitab\u0131, turizm ve bas\u0131n d\u00fcnyas\u0131n\u0131n yo\u011fun ilgisiyle \u00f6zel bir etkinlikte tan\u0131t\u0131ld\u0131. Lansmanda kitab\u0131n\u0131 imzalayan \u015eahin, mutfakta s\u00fcrd\u00fcr\u00fclebilirlik ve israf\u0131n \u00f6nlenmesi konular\u0131na dikkat \u00e7ekti.<\/p>\n\n\n\n<p>G\u0131da At\u0131klar\u0131ndan Lezzetli D\u00f6n\u00fc\u015f\u00fcm<\/p>\n\n\n\n<p>Etkinlikte, g\u0131da at\u0131klar\u0131ndan d\u00f6n\u00fc\u015ft\u00fcr\u00fclm\u00fc\u015f \u00f6zg\u00fcn lezzetlerin tad\u0131m\u0131 yap\u0131ld\u0131. \u015eahin, g\u00fcn\u00fcm\u00fczde ev ve otel mutfaklar\u0131nda s\u0131kl\u0131kla kar\u015f\u0131la\u015f\u0131lan g\u0131da at\u0131klar\u0131n\u0131n yarat\u0131c\u0131 ve lezzetli yemeklere nas\u0131l d\u00f6n\u00fc\u015ft\u00fcr\u00fclebilece\u011fini g\u00f6zler \u00f6n\u00fcne serdi. Akdeniz \u00dcniversitesi Gastronomi B\u00f6l\u00fcm\u00fc \u00f6\u011frencileri de tad\u0131m etkinli\u011fine kat\u0131larak s\u00fcrd\u00fcr\u00fclebilir mutfak uygulamalar\u0131n\u0131 deneyimledi.<\/p>\n\n\n\n<p>\u015eef \u015eahin\u2019den Mutfakta \u0130sraf\u0131 \u00d6nleme \u00c7a\u011fr\u0131s\u0131<\/p>\n\n\n\n<p>Barut Hotels Y\u00f6netim Kurulu \u00dcyesi Cengiz Haydar Barut\u2019un da kat\u0131ld\u0131\u011f\u0131 etkinlikte konu\u015fan \u015eahin, bu projenin kendisi i\u00e7in b\u00fcy\u00fck \u00f6nem ta\u015f\u0131d\u0131\u011f\u0131n\u0131 belirterek, \u201cCengiz Haydar Barut ile \u00e7ok de\u011ferli bir projeye imza att\u0131k. Gelece\u011fin Mutfa\u011f\u0131, T\u00fcrkiye\u2019de az rastlanan bir kitap. Geleneksel ve unutulmaya y\u00fcz tutmu\u015f tarifleri yaz\u0131l\u0131 hale getirerek, mutfak k\u00fclt\u00fcr\u00fcm\u00fcz\u00fc gelecek nesillere aktard\u0131k\u201d dedi.<\/p>\n\n\n\n<p>T\u00fcrk mutfa\u011f\u0131n\u0131n asl\u0131nda bir \u201cyokluk mutfa\u011f\u0131\u201d oldu\u011funu vurgulayan \u015eahin, bu anlay\u0131\u015f\u0131n g\u00fcn\u00fcm\u00fczdeki at\u0131ks\u0131z mutfak felsefesiyle \u00f6rt\u00fc\u015ft\u00fc\u011f\u00fcn\u00fc belirtti. Mutfakta \u00e7al\u0131\u015fan herkesin israf\u0131 \u00f6nleme konusunda bilin\u00e7lenmesi gerekti\u011fini vurgulayan \u015eahin, g\u0131dan\u0131n de\u011ferinin her ge\u00e7en g\u00fcn artt\u0131\u011f\u0131n\u0131, maydanoz sap\u0131ndan peynir alt\u0131 suyuna kadar bir\u00e7ok at\u0131\u011f\u0131n de\u011ferlendirilmesi gerekti\u011fine dikkat \u00e7ekti.<\/p>\n\n\n\n<p>Kitap K\u00fcresel Alanda Yay\u0131lacak<\/p>\n\n\n\n<p>\u015eef \u00d6zge \u015eahin, kitab\u0131n\u0131n \u0130ngilizceye \u00e7evrildi\u011fini de m\u00fcjdeledi. \u201cBizim bu d\u00f6n\u00fc\u015f\u00fcm mutfa\u011f\u0131m\u0131z\u0131 neden d\u00fcnya tan\u0131mas\u0131n?\u201d ifadelerini kulland\u0131. Gelece\u011fin Mutfa\u011f\u0131, 2024 Aral\u0131k ay\u0131ndan beri sat\u0131\u015fta olup, Osmanl\u0131, Girit ve Karadeniz mutfaklar\u0131ndan esintiler bar\u0131nd\u0131r\u0131yor.<br>B\u00fc\u015fra Deveci \/ Haber<\/p>\n","protected":false},"excerpt":{"rendered":"<p>Barut Hemera\u2019n\u0131n sponsorlu\u011funda hayata ge\u00e7irilen \u015eef \u00d6zge \u015eahin\u2019in Gelece\u011fin Mutfa\u011f\u0131 adl\u0131 kitab\u0131, turizm ve bas\u0131n d\u00fcnyas\u0131n\u0131n yo\u011fun ilgisiyle \u00f6zel bir etkinlikte tan\u0131t\u0131ld\u0131. Lansmanda kitab\u0131n\u0131 imzalayan <a href=\"https:\/\/akdenizhaber.com.tr\/index.php\/2025\/05\/05\/gelecegin-mutfagi-barut-hemerada-tanitildi\/\" class=\"read-more-link\">[more&#8230;]<\/a><\/p>\n","protected":false},"author":2,"featured_media":28607,"comment_status":"open","ping_status":"open","sticky":false,"template":"","format":"standard","meta":{"footnotes":""},"categories":[2],"tags":[],"class_list":["post-28606","post","type-post","status-publish","format-standard","has-post-thumbnail","hentry","category-gundem"],"_links":{"self":[{"href":"https:\/\/akdenizhaber.com.tr\/index.php\/wp-json\/wp\/v2\/posts\/28606","targetHints":{"allow":["GET"]}}],"collection":[{"href":"https:\/\/akdenizhaber.com.tr\/index.php\/wp-json\/wp\/v2\/posts"}],"about":[{"href":"https:\/\/akdenizhaber.com.tr\/index.php\/wp-json\/wp\/v2\/types\/post"}],"author":[{"embeddable":true,"href":"https:\/\/akdenizhaber.com.tr\/index.php\/wp-json\/wp\/v2\/users\/2"}],"replies":[{"embeddable":true,"href":"https:\/\/akdenizhaber.com.tr\/index.php\/wp-json\/wp\/v2\/comments?post=28606"}],"version-history":[{"count":1,"href":"https:\/\/akdenizhaber.com.tr\/index.php\/wp-json\/wp\/v2\/posts\/28606\/revisions"}],"predecessor-version":[{"id":28608,"href":"https:\/\/akdenizhaber.com.tr\/index.php\/wp-json\/wp\/v2\/posts\/28606\/revisions\/28608"}],"wp:featuredmedia":[{"embeddable":true,"href":"https:\/\/akdenizhaber.com.tr\/index.php\/wp-json\/wp\/v2\/media\/28607"}],"wp:attachment":[{"href":"https:\/\/akdenizhaber.com.tr\/index.php\/wp-json\/wp\/v2\/media?parent=28606"}],"wp:term":[{"taxonomy":"category","embeddable":true,"href":"https:\/\/akdenizhaber.com.tr\/index.php\/wp-json\/wp\/v2\/categories?post=28606"},{"taxonomy":"post_tag","embeddable":true,"href":"https:\/\/akdenizhaber.com.tr\/index.php\/wp-json\/wp\/v2\/tags?post=28606"}],"curies":[{"name":"wp","href":"https:\/\/api.w.org\/{rel}","templated":true}]}}