{"id":28597,"date":"2025-05-05T17:18:00","date_gmt":"2025-05-05T14:18:00","guid":{"rendered":"https:\/\/akdenizhaber.com.tr\/?p=28597"},"modified":"2025-05-05T17:25:16","modified_gmt":"2025-05-05T14:25:16","slug":"hayat-gec-kalmayi-affetmez","status":"publish","type":"post","link":"https:\/\/akdenizhaber.com.tr\/index.php\/2025\/05\/05\/hayat-gec-kalmayi-affetmez\/","title":{"rendered":"HAYAT GE\u00c7 KALMAYI AFFETMEZ!.."},"content":{"rendered":"\n<p><\/p>\n\n\n\n<p>\u201cSevgili Aileme\u201d diye ba\u015fl\u0131yor kitap, okuduk\u00e7a okuyas\u0131 geliyor insan\u0131n..<\/p>\n\n\n\n<p>Bug\u00fcne dek yaz\u0131lm\u0131\u015f kitaplar\u0131n tam aksine var olu\u015fla, yok olu\u015f aras\u0131nda ge\u00e7en zaman dilimini \u00f6ylesine g\u00fczel bir dil ve \u00fcslupla anlatm\u0131\u015f ki Mehmet Ali Cengiz karde\u015fim tad\u0131na doyum olmaz bi\u00e7imde..<\/p>\n\n\n\n<p>K\u00fc\u00e7\u00fck ya\u015fta i\u011fneden korkan k\u00f6\u015fe bucak ka\u00e7an saklanan bir \u00e7ocuk..<\/p>\n\n\n\n\n\n<p>Ya\u015f ilerledik\u00e7e bu korkular\u0131 \u00fczerinden atamayan koca y\u00fcrekli bir insan..<\/p>\n\n\n\n<p>\u0130nsan ya\u015fam\u0131nda paran\u0131n \u00f6nemli bir ara\u00e7 olmad\u0131\u011f\u0131na dikkat \u00e7ekmi\u015f sat\u0131r aralar\u0131nda en b\u00fcy\u00fck zenginli\u011fin sa\u011fl\u0131k oldu\u011funu vurgulam\u0131\u015f, Henri Ford\u2019un o\u011flunun babas\u0131na yazd\u0131\u011f\u0131 mektuptan iki sat\u0131r aktarm\u0131\u015f okuyucusuna;<\/p>\n\n\n\n<p>\u201cBaba,hayal edip de ula\u015famad\u0131\u011f\u0131m hi\u00e7 bir \u015fey olmad\u0131. Ne varsa benden \u00f6nce haz\u0131rlam\u0131\u015fs\u0131n, hi\u00e7 birinde benim eme\u011fim yok. Mutsuzluktan mahvoldum. Gidiyorum\u201d..<\/p>\n\n\n\n<p>Sat\u0131rlar\u0131 ile D\u00fcnya\u2019n\u0131n en zengin adam\u0131n\u0131n o\u011flunun intihar\u0131n\u0131 sevgisizli\u011fe ba\u011flam\u0131\u015f, paran\u0131n ne denli berbat bir \u015fey oldu\u011funu getirmi\u015f dile..<\/p>\n\n\n\n<p>&nbsp;Konf\u00fc\u00e7y\u00fcs&#8217;e atfedilen \u015fu s\u00f6z\u00fc hep do\u011fru bir \u00f6nerme olarak tekrarlar\u0131z. \u201cBir ki\u015fiye iyilik yapmak istiyorsan ona bal\u0131k verme, bal\u0131k tutmay\u0131 \u00f6\u011fret.\u201d ..<\/p>\n\n\n\n<p>Bu s\u00f6ylemi dile getirivermi\u015f kitab\u0131nda sevgili dostum..<\/p>\n\n\n\n<p>Anjiyodan by pass\u2019a giden yolculu\u011fu korku ile umudu bir arada yo\u011furarak anlatm\u0131\u015f okuruna..<\/p>\n\n\n\n<p>Bir\u00e7ok insan\u0131n okuyup sa\u011fl\u0131k anlam\u0131nda ders almas\u0131 gereken \u201cHayat Ge\u00e7 Kalmay\u0131\u201d affetmez kitab\u0131n\u0131 herkes okumal\u0131. Doktora ne zaman nereden nas\u0131l gidilmesi gerekti\u011finin ger\u00e7e\u011fi bu kitab\u0131n sat\u0131r aralar\u0131nda gizli..<\/p>\n\n\n\n<p>Ge\u00e7ti\u011fimiz hafta sonu m\u00fctevazi bir kahvalt\u0131da bir araya geldik kitab\u0131n\u0131n her sat\u0131r aras\u0131nda sevgi ile bahsetti\u011fi k\u0131ymetli e\u015fi \u0130smet han\u0131mefendi, Masiad\u2019\u0131n \u00e7i\u00e7e\u011fi burnunda ba\u015fkan\u0131 Ahmet karde\u015fimiz..<\/p>\n\n\n\n<p>Gazeteciler bir arada idik.. Kahvalt\u0131da Manavgat\u2019\u0131n yak\u0131ndan tan\u0131d\u0131\u011f\u0131 g\u00fczel insan Doktor Muammer G\u00fcne\u015f\u2019te vard\u0131..<\/p>\n\n\n\n<p>Kitab\u0131 \u00f6ylesine g\u00fczel analiz etmi\u015f ki buradan sat\u0131rlara s\u0131\u011fd\u0131rmak m\u00fcmk\u00fcn de\u011fil..<\/p>\n\n\n\n<p>Dedi\u011fi tek \u015fey \u201cKitab\u0131 okumaya ba\u015flad\u0131m, \u00e7ocukluk korkular\u0131, doktordan, i\u011fneden.. Hem\u015fireden dersini \u00f6yle g\u00fczel \u00e7al\u0131\u015fm\u0131\u015f ki..Hekim olarak bu korkular\u0131 dile getirdi\u011fi i\u00e7in kendisine te\u015fekk\u00fcr ediyorum.. \u0130nsan sa\u011fl\u0131\u011f\u0131n\u0131n ne kadar \u00f6nemli oldu\u011funu vurgulam\u0131\u015f, \u201dGer\u00e7ek dostlar y\u0131ld\u0131zlara benzer, karanl\u0131k \u00e7\u00f6ker, onlar do\u011far\u201d s\u00f6ylemini aktarm\u0131\u015f kitab\u0131na.. Y\u00fcre\u011fine sa\u011fl\u0131k g\u00fczel dostum bence bu kitab\u0131 herkes okumal\u0131 bilhassa meslekta\u015flar\u0131m doktorlar\u0131n okumas\u0131n\u0131 tavsiye ederim\u201d diye konu\u015ftu..<\/p>\n\n\n\n<p>Duygulu ve g\u00fczel bir kahvalt\u0131 idi..<\/p>\n\n\n\n<p>Y\u0131llard\u0131r \u00e7ok yak\u0131ndan tan\u0131d\u0131\u011f\u0131m Mehmet Ali Cengiz karde\u015fim Nam\u0131k Karaman Fen Lisesi \u00f6\u011frencilerinin g\u00f6nl\u00fcnde taht kurmu\u015f bir insan..<\/p>\n\n\n\n<p>\u0130\u015f ya\u015fam\u0131n\u0131n d\u0131\u015f\u0131nda s\u00fcrekli \u00f6\u011frencilerle birlikte onlar\u0131n her t\u00fcrl\u00fc sorunlar\u0131n\u0131 y\u00fcreklice \u00e7\u00f6zen ve Fen lisesinden yeti\u015fen \u00f6\u011frencilerin Manavgat\u2019\u0131 daha iyi yerlere getirmesi ad\u0131na maddi-manevi hi\u00e7bir destekten ka\u00e7\u0131nmayan bu y\u00fcrekli adam \u201cHayat Ge\u00e7 Kalmay\u0131 Affetmez\u201d isimli kitab\u0131n\u0131n t\u00fcm gelirini Karamanc\u0131 Fen lisesine ba\u011f\u0131\u015flam\u0131\u015f..<\/p>\n\n\n\n<p>Helal olsun!..<\/p>\n\n\n\n<p>Y\u00fcre\u011fine diline kalemine sa\u011fl\u0131k karde\u015fim.<\/p>\n\n\n\n<p>Hay\u0131rl\u0131 u\u011furlu olsun..<\/p>\n\n\n\n<p>Yeni kitaplar\u0131n\u0131 bekliyoruz bilgin olsun..<\/p>\n\n\n\n<p>Haydi, kal\u0131n sa\u011fl\u0131cakla.<\/p>\n\n\n\n<p>Her \u015fey y\u00fcre\u011finize g\u00f6re olsun..<\/p>\n","protected":false},"excerpt":{"rendered":"<p>\u201cSevgili Aileme\u201d diye ba\u015fl\u0131yor kitap, okuduk\u00e7a okuyas\u0131 geliyor insan\u0131n.. Bug\u00fcne dek yaz\u0131lm\u0131\u015f kitaplar\u0131n tam aksine var olu\u015fla, yok olu\u015f aras\u0131nda ge\u00e7en zaman dilimini \u00f6ylesine g\u00fczel <a href=\"https:\/\/akdenizhaber.com.tr\/index.php\/2025\/05\/05\/hayat-gec-kalmayi-affetmez\/\" class=\"read-more-link\">[more&#8230;]<\/a><\/p>\n","protected":false},"author":2,"featured_media":28447,"comment_status":"open","ping_status":"open","sticky":false,"template":"","format":"standard","meta":{"footnotes":""},"categories":[2],"tags":[],"class_list":["post-28597","post","type-post","status-publish","format-standard","has-post-thumbnail","hentry","category-gundem"],"_links":{"self":[{"href":"https:\/\/akdenizhaber.com.tr\/index.php\/wp-json\/wp\/v2\/posts\/28597","targetHints":{"allow":["GET"]}}],"collection":[{"href":"https:\/\/akdenizhaber.com.tr\/index.php\/wp-json\/wp\/v2\/posts"}],"about":[{"href":"https:\/\/akdenizhaber.com.tr\/index.php\/wp-json\/wp\/v2\/types\/post"}],"author":[{"embeddable":true,"href":"https:\/\/akdenizhaber.com.tr\/index.php\/wp-json\/wp\/v2\/users\/2"}],"replies":[{"embeddable":true,"href":"https:\/\/akdenizhaber.com.tr\/index.php\/wp-json\/wp\/v2\/comments?post=28597"}],"version-history":[{"count":2,"href":"https:\/\/akdenizhaber.com.tr\/index.php\/wp-json\/wp\/v2\/posts\/28597\/revisions"}],"predecessor-version":[{"id":28637,"href":"https:\/\/akdenizhaber.com.tr\/index.php\/wp-json\/wp\/v2\/posts\/28597\/revisions\/28637"}],"wp:featuredmedia":[{"embeddable":true,"href":"https:\/\/akdenizhaber.com.tr\/index.php\/wp-json\/wp\/v2\/media\/28447"}],"wp:attachment":[{"href":"https:\/\/akdenizhaber.com.tr\/index.php\/wp-json\/wp\/v2\/media?parent=28597"}],"wp:term":[{"taxonomy":"category","embeddable":true,"href":"https:\/\/akdenizhaber.com.tr\/index.php\/wp-json\/wp\/v2\/categories?post=28597"},{"taxonomy":"post_tag","embeddable":true,"href":"https:\/\/akdenizhaber.com.tr\/index.php\/wp-json\/wp\/v2\/tags?post=28597"}],"curies":[{"name":"wp","href":"https:\/\/api.w.org\/{rel}","templated":true}]}}