{"id":28588,"date":"2025-05-01T16:13:25","date_gmt":"2025-05-01T13:13:25","guid":{"rendered":"https:\/\/akdenizhaber.com.tr\/?p=28588"},"modified":"2025-05-01T16:13:25","modified_gmt":"2025-05-01T13:13:25","slug":"cydd-manavgat-subesi-cagdas-trekking-grubu-ile-doga-yuruyusu","status":"publish","type":"post","link":"https:\/\/akdenizhaber.com.tr\/index.php\/2025\/05\/01\/cydd-manavgat-subesi-cagdas-trekking-grubu-ile-doga-yuruyusu\/","title":{"rendered":"\u00c7YDD Manavgat \u015eubesi \u00c7a\u011fda\u015f Trekking Grubu ile Do\u011fa Y\u00fcr\u00fcy\u00fc\u015f\u00fc"},"content":{"rendered":"\n<p>\u00c7a\u011fda\u015f Ya\u015fam\u0131 Destekleme Derne\u011fi Manavgat \u015eubesi\u2019ne ba\u011fl\u0131 \u00c7a\u011fda\u015f Trekking Grubu, 27 Nisan Pazar g\u00fcn\u00fc Okurcalar b\u00f6lgesinde do\u011fa ile i\u00e7 i\u00e7e keyifli bir y\u00fcr\u00fcy\u00fc\u015f etkinli\u011fi ger\u00e7ekle\u015ftirdi. Etkinlik, grubun koordinat\u00f6r\u00fc Do\u011fay Celayiro\u011flu ve rehberi Olg\u00fcn \u00d6zden taraf\u0131ndan organize edildi.<\/p>\n\n\n\n<p>Manavgat Atat\u00fcrk K\u00fclt\u00fcr Merkezi\u2019nden saat 09.00\u2019da hareket eden kat\u0131l\u0131mc\u0131lar, yakla\u015f\u0131k 30 dakikal\u0131k bir otob\u00fcs yolculu\u011funun ard\u0131ndan y\u00fcr\u00fcy\u00fc\u015f parkuruna ula\u015ft\u0131. Kolay-orta zorluk seviyesindeki yakla\u015f\u0131k 4 kilometrelik rota, b\u00fcy\u00fcleyici deniz manzaras\u0131 e\u015fli\u011finde tamamland\u0131.<\/p>\n\n\n\n<p>Rotan\u0131n belirlenmesinde katk\u0131 sunan Olgun \u00d6zden, y\u00fcr\u00fcy\u00fc\u015f boyunca rehberlik g\u00f6revini de \u00fcstlenerek etkinli\u011fin ak\u0131\u015f\u0131na destek verdi. Mola esnas\u0131nda payla\u015f\u0131lan kumanyalar, s\u0131cak i\u00e7ecekler ve samimi sohbetler kat\u0131l\u0131mc\u0131lar aras\u0131nda g\u00fczel bir ba\u011f kurulmas\u0131n\u0131 sa\u011flad\u0131.<\/p>\n\n\n\n<p>Etkinli\u011fe, \u00c7YDD Manavgat \u015eube Ba\u015fkan\u0131 Ayg\u00fcr Uyan\u0131k ve y\u00f6netim kurulu \u00fcyeleri de kat\u0131larak destek verdi. Kat\u0131l\u0131mlar\u0131yla do\u011fa sevgisi ve toplumsal dayan\u0131\u015fman\u0131n \u00f6nemine dikkat \u00e7ektiler.<\/p>\n\n\n\n<p>\u00c7a\u011fda\u015f Trekking Grubu, bu b\u00fct\u00fcnc\u00fcl yakla\u015f\u0131m\u0131 merkeze alan bak\u0131\u015f\u0131yla, Manavgat\u2019ta farkl\u0131 do\u011fa etkinlikleriyle yolculu\u011funa devam etmeyi hedefliyor.<\/p>\n\n\n\n<p>B\u00fc\u015fra Deveci \/ Haber<\/p>\n","protected":false},"excerpt":{"rendered":"<p>\u00c7a\u011fda\u015f Ya\u015fam\u0131 Destekleme Derne\u011fi Manavgat \u015eubesi\u2019ne ba\u011fl\u0131 \u00c7a\u011fda\u015f Trekking Grubu, 27 Nisan Pazar g\u00fcn\u00fc Okurcalar b\u00f6lgesinde do\u011fa ile i\u00e7 i\u00e7e keyifli bir y\u00fcr\u00fcy\u00fc\u015f etkinli\u011fi ger\u00e7ekle\u015ftirdi. <a href=\"https:\/\/akdenizhaber.com.tr\/index.php\/2025\/05\/01\/cydd-manavgat-subesi-cagdas-trekking-grubu-ile-doga-yuruyusu\/\" class=\"read-more-link\">[more&#8230;]<\/a><\/p>\n","protected":false},"author":2,"featured_media":28589,"comment_status":"open","ping_status":"open","sticky":false,"template":"","format":"standard","meta":{"footnotes":""},"categories":[2],"tags":[],"class_list":["post-28588","post","type-post","status-publish","format-standard","has-post-thumbnail","hentry","category-gundem"],"_links":{"self":[{"href":"https:\/\/akdenizhaber.com.tr\/index.php\/wp-json\/wp\/v2\/posts\/28588","targetHints":{"allow":["GET"]}}],"collection":[{"href":"https:\/\/akdenizhaber.com.tr\/index.php\/wp-json\/wp\/v2\/posts"}],"about":[{"href":"https:\/\/akdenizhaber.com.tr\/index.php\/wp-json\/wp\/v2\/types\/post"}],"author":[{"embeddable":true,"href":"https:\/\/akdenizhaber.com.tr\/index.php\/wp-json\/wp\/v2\/users\/2"}],"replies":[{"embeddable":true,"href":"https:\/\/akdenizhaber.com.tr\/index.php\/wp-json\/wp\/v2\/comments?post=28588"}],"version-history":[{"count":1,"href":"https:\/\/akdenizhaber.com.tr\/index.php\/wp-json\/wp\/v2\/posts\/28588\/revisions"}],"predecessor-version":[{"id":28590,"href":"https:\/\/akdenizhaber.com.tr\/index.php\/wp-json\/wp\/v2\/posts\/28588\/revisions\/28590"}],"wp:featuredmedia":[{"embeddable":true,"href":"https:\/\/akdenizhaber.com.tr\/index.php\/wp-json\/wp\/v2\/media\/28589"}],"wp:attachment":[{"href":"https:\/\/akdenizhaber.com.tr\/index.php\/wp-json\/wp\/v2\/media?parent=28588"}],"wp:term":[{"taxonomy":"category","embeddable":true,"href":"https:\/\/akdenizhaber.com.tr\/index.php\/wp-json\/wp\/v2\/categories?post=28588"},{"taxonomy":"post_tag","embeddable":true,"href":"https:\/\/akdenizhaber.com.tr\/index.php\/wp-json\/wp\/v2\/tags?post=28588"}],"curies":[{"name":"wp","href":"https:\/\/api.w.org\/{rel}","templated":true}]}}