{"id":28585,"date":"2025-05-01T16:11:09","date_gmt":"2025-05-01T13:11:09","guid":{"rendered":"https:\/\/akdenizhaber.com.tr\/?p=28585"},"modified":"2025-05-01T16:11:10","modified_gmt":"2025-05-01T13:11:10","slug":"muz-ureticileri-baskani-matso-adayi-onem-gok-ahmet-boztasi-hasret-ve-ozlemle-aniyoruz","status":"publish","type":"post","link":"https:\/\/akdenizhaber.com.tr\/index.php\/2025\/05\/01\/muz-ureticileri-baskani-matso-adayi-onem-gok-ahmet-boztasi-hasret-ve-ozlemle-aniyoruz\/","title":{"rendered":"Muz \u00dcreticileri Ba\u015fkan\u0131, MATSO Aday\u0131 \u00d6nem G\u00f6k; \u201cAhmet Bozta\u015f\u2019\u0131 Hasret ve \u00d6zlemle An\u0131yoruz\u201d"},"content":{"rendered":"\n<p><\/p>\n\n\n\n<p>KORONAV\u0130R\u00dcS rahats\u0131zl\u0131\u011f\u0131 nedeniyle 2021 y\u0131l\u0131nda tedavi g\u00f6rd\u00fc\u011f\u00fc hastanede hayat\u0131n\u0131 kaybeden Manavgat Ticaret ve Sanayi Odas\u0131&#8217;n\u0131n (MATSO) eski ba\u015fkan\u0131 Ahmet Bozta\u015f\u2019\u0131n vefat\u0131n\u0131n d\u00f6rd\u00fcnc\u00fc y\u0131l\u0131 nedeniyle Muz \u00dcreticileri Birli\u011fi Ba\u015fkan\u0131, MATSO Ba\u015fkan aday\u0131 i\u015f insan\u0131 \u00d6nem G\u00f6k bir a\u00e7\u0131klama yapt\u0131.<\/p>\n\n\n\n<p>Ahmet Bozta\u015f\u2019\u0131n, 21 Nisan 2021 tarihinde test ama\u00e7l\u0131 gitti\u011fi Manavgat\u2019taki \u00f6zel hastanede COV\u0130D-19 oldu\u011funu \u00f6\u011frenince tedavi alt\u0131na al\u0131nd\u0131\u011f\u0131n\u0131, daha sonra Akdeniz \u00dcniversitesi Hastanesinde tedavi s\u00fcreci sonras\u0131 4 May\u0131s 2021 tarihinde aram\u0131zdan ayr\u0131lan Manavgat\u2019\u0131n de\u011feri Ahmet Bozta\u015f\u2019\u0131 \u00f6zlem, sevgi hasretle and\u0131klar\u0131n\u0131 s\u00f6yleyen \u00d6nem G\u00f6k, Bozta\u015f\u2019\u0131n ya\u015fam\u0131 boyunca gen\u00e7lere \u00f6rnek oldu\u011funu ve a\u011fabeylik yapt\u0131\u011f\u0131na dikkat \u00e7ekerek \u015f\u00f6yle konu\u015ftu;<\/p>\n\n\n\n<p>\u201cYa\u015fad\u0131\u011f\u0131 s\u00fcre\u00e7 i\u00e7erisinde MATSO\u2019nun ve Manavgat\u2019\u0131n g\u00fcndeminden hi\u00e7 d\u00fc\u015fmeyen Organize Sanayi B\u00f6lgesi (OSB) kurulmas\u0131 i\u00e7in verdi\u011fi m\u00fccadele ile Sanayi ve Teknoloji Bakanl\u0131\u011f\u0131na onaylatan, De\u011ferli a\u011fabeyim, y\u00fcre\u011fi g\u00fczel insan Bozta\u015f ayr\u0131ca MATSO turizm fak\u00fcltesini de kentimize kazand\u0131rarak, Manavgat\u2019a \u00fcniversite i\u00e7in \u00f6nemli bir katk\u0131 sa\u011flam\u0131\u015ft\u0131r. Kendisine bir kez daha Allahtan rahmet, ailesine ve t\u00fcm sevenlerine sab\u0131rlar diliyorum. Seni unutmad\u0131k, unutmayaca\u011f\u0131z a\u011fabey \u00f6zlem ve hasretle an\u0131yoruz, mekan\u0131n cennet olsun\u201d dedi.<br>B\u00fc\u015fra Deveci \/ Haber<\/p>\n\n\n\n<p><\/p>\n","protected":false},"excerpt":{"rendered":"<p>KORONAV\u0130R\u00dcS rahats\u0131zl\u0131\u011f\u0131 nedeniyle 2021 y\u0131l\u0131nda tedavi g\u00f6rd\u00fc\u011f\u00fc hastanede hayat\u0131n\u0131 kaybeden Manavgat Ticaret ve Sanayi Odas\u0131&#8217;n\u0131n (MATSO) eski ba\u015fkan\u0131 Ahmet Bozta\u015f\u2019\u0131n vefat\u0131n\u0131n d\u00f6rd\u00fcnc\u00fc y\u0131l\u0131 nedeniyle Muz <a href=\"https:\/\/akdenizhaber.com.tr\/index.php\/2025\/05\/01\/muz-ureticileri-baskani-matso-adayi-onem-gok-ahmet-boztasi-hasret-ve-ozlemle-aniyoruz\/\" class=\"read-more-link\">[more&#8230;]<\/a><\/p>\n","protected":false},"author":2,"featured_media":28586,"comment_status":"open","ping_status":"open","sticky":false,"template":"","format":"standard","meta":{"footnotes":""},"categories":[2],"tags":[],"class_list":["post-28585","post","type-post","status-publish","format-standard","has-post-thumbnail","hentry","category-gundem"],"_links":{"self":[{"href":"https:\/\/akdenizhaber.com.tr\/index.php\/wp-json\/wp\/v2\/posts\/28585","targetHints":{"allow":["GET"]}}],"collection":[{"href":"https:\/\/akdenizhaber.com.tr\/index.php\/wp-json\/wp\/v2\/posts"}],"about":[{"href":"https:\/\/akdenizhaber.com.tr\/index.php\/wp-json\/wp\/v2\/types\/post"}],"author":[{"embeddable":true,"href":"https:\/\/akdenizhaber.com.tr\/index.php\/wp-json\/wp\/v2\/users\/2"}],"replies":[{"embeddable":true,"href":"https:\/\/akdenizhaber.com.tr\/index.php\/wp-json\/wp\/v2\/comments?post=28585"}],"version-history":[{"count":1,"href":"https:\/\/akdenizhaber.com.tr\/index.php\/wp-json\/wp\/v2\/posts\/28585\/revisions"}],"predecessor-version":[{"id":28587,"href":"https:\/\/akdenizhaber.com.tr\/index.php\/wp-json\/wp\/v2\/posts\/28585\/revisions\/28587"}],"wp:featuredmedia":[{"embeddable":true,"href":"https:\/\/akdenizhaber.com.tr\/index.php\/wp-json\/wp\/v2\/media\/28586"}],"wp:attachment":[{"href":"https:\/\/akdenizhaber.com.tr\/index.php\/wp-json\/wp\/v2\/media?parent=28585"}],"wp:term":[{"taxonomy":"category","embeddable":true,"href":"https:\/\/akdenizhaber.com.tr\/index.php\/wp-json\/wp\/v2\/categories?post=28585"},{"taxonomy":"post_tag","embeddable":true,"href":"https:\/\/akdenizhaber.com.tr\/index.php\/wp-json\/wp\/v2\/tags?post=28585"}],"curies":[{"name":"wp","href":"https:\/\/api.w.org\/{rel}","templated":true}]}}