{"id":28537,"date":"2025-04-28T17:16:02","date_gmt":"2025-04-28T14:16:02","guid":{"rendered":"https:\/\/akdenizhaber.com.tr\/?p=28537"},"modified":"2025-04-28T17:16:03","modified_gmt":"2025-04-28T14:16:03","slug":"yenilikci-grup-kahvaltida-bulustu-masmo-adayi-yakup-gokcen-birlikteligimiz-guclu-bicimde-devam-ediyor","status":"publish","type":"post","link":"https:\/\/akdenizhaber.com.tr\/index.php\/2025\/04\/28\/yenilikci-grup-kahvaltida-bulustu-masmo-adayi-yakup-gokcen-birlikteligimiz-guclu-bicimde-devam-ediyor\/","title":{"rendered":"Yenilik\u00e7i Grup Kahvalt\u0131da Bulu\u015ftu                             MASMO Aday\u0131 Yakup G\u00f6k\u00e7en;\u201d Birlikteli\u011fimiz G\u00fc\u00e7l\u00fc Bi\u00e7imde Devam Ediyor\u201d"},"content":{"rendered":"\n<p><\/p>\n\n\n\n<p>Manavgat Serbest Muhasebeci Mali m\u00fc\u015favirler odas\u0131 Yenilik\u00e7i grup Ba\u015fkan aday\u0131 Mali M\u00fc\u015favir, Ba\u011f\u0131ms\u0131z denet\u00e7i Yakup G\u00f6k\u00e7en, Yenilik\u00e7i grubun birlikteli\u011finin daha g\u00fc\u00e7l\u00fc bi\u00e7imde devam etti\u011fini s\u00f6yledi.<\/p>\n\n\n\n<p>Bilgili, tecr\u00fcbeli ve t\u00fcm sorunlar\u0131 yakinen bilen bir y\u00f6netim olu\u015fturarak yola \u00e7\u0131kt\u0131klar\u0131n\u0131 ifade eden G\u00f6k\u00e7en ge\u00e7ti\u011fimiz g\u00fcnlerde bir kahvalt\u0131da yenilik\u00e7i grup ile bir araya geldi.<\/p>\n\n\n\n<p>Yenilik\u00e7i grup y\u00f6netiminde yer alacak isimlerin kat\u0131ld\u0131\u011f\u0131 kahvalt\u0131 olduk\u00e7a keyifli ve ne\u015feli ge\u00e7ti.<\/p>\n\n\n\n<p>Yenilik\u00e7i grup ba\u015fkan aday\u0131 Yakup G\u00f6k\u00e7en bug\u00fcn oldu\u011fu gibi yar\u0131nlarda da yenilik\u00e7i grubun birlik ve beraberlik i\u00e7inde hareket edece\u011fini ifade ederek \u015f\u00f6yle konu\u015ftu;<\/p>\n\n\n\n<p>\u201cManavgat Yenilik\u00e7i Mali M\u00fc\u015favirler Grubu olarak, Y\u00fcr\u00fctme Kurulumuz ve 01 Haziran tarihinde yap\u0131lacak olan genel kurulumuzdaki kurul adaylar\u0131m\u0131zla birlikte d\u00fczenledi\u011fimiz kahvalt\u0131 organizasyonunda ailelerimizle s\u0131cak ve samimi bir ortamda bulu\u015ftuk. Mesle\u011fimizin sorunlar\u0131n\u0131 hep birlikte idrak ettik, \u00e7\u00f6z\u00fcm yollar\u0131 \u00fczerine fikirler geli\u015ftirdik. \u00d6n\u00fcm\u00fczdeki se\u00e7im s\u00fcrecinde t\u00fcm aday arkada\u015flar\u0131m\u0131za ba\u015far\u0131lar diliyoruz. Yenilik\u00e7i Grup olarak mesle\u011fimizin icras\u0131nda daha etkili olmakta ve sorumluluk \u00fcstlenmekte kararl\u0131y\u0131z. Siz de\u011ferli meslekta\u015flar\u0131m\u0131z\u0131n tevecc\u00fch\u00fc ve deste\u011fiyle \u00e7ok daha b\u00fcy\u00fck ba\u015far\u0131lara imza ataca\u011f\u0131m\u0131za y\u00fcrekten inan\u0131yoruz. Kat\u0131lan, kat\u0131lamayan, g\u00f6nl\u00fc bizimle olan t\u00fcm meslekta\u015flar\u0131m\u0131za y\u00fcrekten te\u015fekk\u00fcr ederiz. Birlikte g\u00fc\u00e7l\u00fcy\u00fcz, birlikte ba\u015faraca\u011f\u0131z!\u201d dedi.<\/p>\n\n\n\n<p>B\u00fc\u015fra Deveci \/ Haber<\/p>\n","protected":false},"excerpt":{"rendered":"<p>Manavgat Serbest Muhasebeci Mali m\u00fc\u015favirler odas\u0131 Yenilik\u00e7i grup Ba\u015fkan aday\u0131 Mali M\u00fc\u015favir, Ba\u011f\u0131ms\u0131z denet\u00e7i Yakup G\u00f6k\u00e7en, Yenilik\u00e7i grubun birlikteli\u011finin daha g\u00fc\u00e7l\u00fc bi\u00e7imde devam etti\u011fini s\u00f6yledi. <a href=\"https:\/\/akdenizhaber.com.tr\/index.php\/2025\/04\/28\/yenilikci-grup-kahvaltida-bulustu-masmo-adayi-yakup-gokcen-birlikteligimiz-guclu-bicimde-devam-ediyor\/\" class=\"read-more-link\">[more&#8230;]<\/a><\/p>\n","protected":false},"author":2,"featured_media":28538,"comment_status":"open","ping_status":"open","sticky":false,"template":"","format":"standard","meta":{"footnotes":""},"categories":[2],"tags":[],"class_list":["post-28537","post","type-post","status-publish","format-standard","has-post-thumbnail","hentry","category-gundem"],"_links":{"self":[{"href":"https:\/\/akdenizhaber.com.tr\/index.php\/wp-json\/wp\/v2\/posts\/28537","targetHints":{"allow":["GET"]}}],"collection":[{"href":"https:\/\/akdenizhaber.com.tr\/index.php\/wp-json\/wp\/v2\/posts"}],"about":[{"href":"https:\/\/akdenizhaber.com.tr\/index.php\/wp-json\/wp\/v2\/types\/post"}],"author":[{"embeddable":true,"href":"https:\/\/akdenizhaber.com.tr\/index.php\/wp-json\/wp\/v2\/users\/2"}],"replies":[{"embeddable":true,"href":"https:\/\/akdenizhaber.com.tr\/index.php\/wp-json\/wp\/v2\/comments?post=28537"}],"version-history":[{"count":1,"href":"https:\/\/akdenizhaber.com.tr\/index.php\/wp-json\/wp\/v2\/posts\/28537\/revisions"}],"predecessor-version":[{"id":28539,"href":"https:\/\/akdenizhaber.com.tr\/index.php\/wp-json\/wp\/v2\/posts\/28537\/revisions\/28539"}],"wp:featuredmedia":[{"embeddable":true,"href":"https:\/\/akdenizhaber.com.tr\/index.php\/wp-json\/wp\/v2\/media\/28538"}],"wp:attachment":[{"href":"https:\/\/akdenizhaber.com.tr\/index.php\/wp-json\/wp\/v2\/media?parent=28537"}],"wp:term":[{"taxonomy":"category","embeddable":true,"href":"https:\/\/akdenizhaber.com.tr\/index.php\/wp-json\/wp\/v2\/categories?post=28537"},{"taxonomy":"post_tag","embeddable":true,"href":"https:\/\/akdenizhaber.com.tr\/index.php\/wp-json\/wp\/v2\/tags?post=28537"}],"curies":[{"name":"wp","href":"https:\/\/api.w.org\/{rel}","templated":true}]}}