{"id":28477,"date":"2025-04-24T16:03:56","date_gmt":"2025-04-24T13:03:56","guid":{"rendered":"https:\/\/akdenizhaber.com.tr\/?p=28477"},"modified":"2025-04-24T16:03:57","modified_gmt":"2025-04-24T13:03:57","slug":"manavgatta-23-nisan-coskusu-8-ulkeden-380-cocuk-dansci-bayram-icin-sahne-aliyor","status":"publish","type":"post","link":"https:\/\/akdenizhaber.com.tr\/index.php\/2025\/04\/24\/manavgatta-23-nisan-coskusu-8-ulkeden-380-cocuk-dansci-bayram-icin-sahne-aliyor\/","title":{"rendered":"Manavgat\u2019ta 23 Nisan Co\u015fkusu: 8 \u00dclkeden 380 \u00c7ocuk Dans\u00e7\u0131 Bayram \u0130\u00e7in Sahne Al\u0131yor"},"content":{"rendered":"\n<p>23 Nisan Ulusal Egemenlik ve \u00c7ocuk Bayram\u0131, Manavgat\u2019ta bu y\u0131l da renkli ve co\u015fkulu etkinliklerle kutlan\u0131yor. Kutlamalar kapsam\u0131nda, Ukrayna, Bulgaristan, Kabardino Balkarya Cumhuriyeti, K\u0131rg\u0131zistan, Kazakistan, Moldova, T\u00fcrkiye ve G\u00fcrcistan\u2019dan gelen toplam 380 dans\u00e7\u0131 \u00e7ocuk, Manavgat\u2019ta sahne alarak d\u00fcnya \u00e7ocuklar\u0131n\u0131n karde\u015fli\u011fini ve k\u00fclt\u00fcrel zenginli\u011fini g\u00f6zler \u00f6n\u00fcne serecek.<\/p>\n\n\n\n<p>Geleneksel danslar\u0131n ve \u00fclkelerine \u00f6zg\u00fc kost\u00fcmlerin sergilenece\u011fi g\u00f6steriler, 23 Nisan ruhunu tam anlam\u0131yla ya\u015fat\u0131rken, k\u00fclt\u00fcrel kayna\u015fman\u0131n da en g\u00fczel \u00f6rneklerinden birine sahne olacak.<\/p>\n\n\n\n<p>Ba\u015fkan Kara\u2019ya Anlaml\u0131 Ziyaret ve Hediyeler<\/p>\n\n\n\n<p>Etkinlikler kapsam\u0131nda Manavgat\u2019a gelen yabanc\u0131 dans gruplar\u0131, Manavgat Belediye Ba\u015fkan\u0131 Op. Dr. Niyazi Nefi Kara\u2019y\u0131 da Atat\u00fcrk K\u00fclt\u00fcr Merkezi\u2019nde ziyaret etti. Nezaket ziyaretinde bulunan dans gruplar\u0131, \u00fclkelerine \u00f6zg\u00fc hediyelerle Ba\u015fkan Kara\u2019ya te\u015fekk\u00fcr ederek, kendilerini misafir eden Manavgat halk\u0131na ve belediyeye duyduklar\u0131 memnuniyeti dile getirdiler.<\/p>\n\n\n\n<p>Ba\u015fkan Kara, \u00e7ocuklar\u0131n bu anlaml\u0131 g\u00fcnde Manavgat\u2019ta bir araya gelmesinden b\u00fcy\u00fck mutluluk duydu\u011funu belirterek, \u201c23 Nisan, sadece T\u00fcrkiye\u2019nin de\u011fil, t\u00fcm d\u00fcnya \u00e7ocuklar\u0131n\u0131n bayram\u0131d\u0131r. Gazi Mustafa Kemal Atat\u00fcrk\u2019\u00fcn bu bayram\u0131 \u00e7ocuklara arma\u011fan etmesi, gelecek nesillerin bar\u0131\u015f ve karde\u015flik i\u00e7inde b\u00fcy\u00fcmesine verdi\u011fi \u00f6nemin en g\u00fczel g\u00f6stergesidir.\u201d dedi.<\/p>\n\n\n\n<p>Manavgat Belediyesi \/ B\u00fclten<\/p>\n","protected":false},"excerpt":{"rendered":"<p>23 Nisan Ulusal Egemenlik ve \u00c7ocuk Bayram\u0131, Manavgat\u2019ta bu y\u0131l da renkli ve co\u015fkulu etkinliklerle kutlan\u0131yor. Kutlamalar kapsam\u0131nda, Ukrayna, Bulgaristan, Kabardino Balkarya Cumhuriyeti, K\u0131rg\u0131zistan, Kazakistan, <a href=\"https:\/\/akdenizhaber.com.tr\/index.php\/2025\/04\/24\/manavgatta-23-nisan-coskusu-8-ulkeden-380-cocuk-dansci-bayram-icin-sahne-aliyor\/\" class=\"read-more-link\">[more&#8230;]<\/a><\/p>\n","protected":false},"author":2,"featured_media":28478,"comment_status":"open","ping_status":"open","sticky":false,"template":"","format":"standard","meta":{"footnotes":""},"categories":[2],"tags":[],"class_list":["post-28477","post","type-post","status-publish","format-standard","has-post-thumbnail","hentry","category-gundem"],"_links":{"self":[{"href":"https:\/\/akdenizhaber.com.tr\/index.php\/wp-json\/wp\/v2\/posts\/28477","targetHints":{"allow":["GET"]}}],"collection":[{"href":"https:\/\/akdenizhaber.com.tr\/index.php\/wp-json\/wp\/v2\/posts"}],"about":[{"href":"https:\/\/akdenizhaber.com.tr\/index.php\/wp-json\/wp\/v2\/types\/post"}],"author":[{"embeddable":true,"href":"https:\/\/akdenizhaber.com.tr\/index.php\/wp-json\/wp\/v2\/users\/2"}],"replies":[{"embeddable":true,"href":"https:\/\/akdenizhaber.com.tr\/index.php\/wp-json\/wp\/v2\/comments?post=28477"}],"version-history":[{"count":1,"href":"https:\/\/akdenizhaber.com.tr\/index.php\/wp-json\/wp\/v2\/posts\/28477\/revisions"}],"predecessor-version":[{"id":28479,"href":"https:\/\/akdenizhaber.com.tr\/index.php\/wp-json\/wp\/v2\/posts\/28477\/revisions\/28479"}],"wp:featuredmedia":[{"embeddable":true,"href":"https:\/\/akdenizhaber.com.tr\/index.php\/wp-json\/wp\/v2\/media\/28478"}],"wp:attachment":[{"href":"https:\/\/akdenizhaber.com.tr\/index.php\/wp-json\/wp\/v2\/media?parent=28477"}],"wp:term":[{"taxonomy":"category","embeddable":true,"href":"https:\/\/akdenizhaber.com.tr\/index.php\/wp-json\/wp\/v2\/categories?post=28477"},{"taxonomy":"post_tag","embeddable":true,"href":"https:\/\/akdenizhaber.com.tr\/index.php\/wp-json\/wp\/v2\/tags?post=28477"}],"curies":[{"name":"wp","href":"https:\/\/api.w.org\/{rel}","templated":true}]}}