{"id":28471,"date":"2025-04-24T16:03:19","date_gmt":"2025-04-24T13:03:19","guid":{"rendered":"https:\/\/akdenizhaber.com.tr\/?p=28471"},"modified":"2025-04-24T16:03:20","modified_gmt":"2025-04-24T13:03:20","slug":"manavgat-belediyesi-egitim-kurumlarinin-23-nisan-coskusu","status":"publish","type":"post","link":"https:\/\/akdenizhaber.com.tr\/index.php\/2025\/04\/24\/manavgat-belediyesi-egitim-kurumlarinin-23-nisan-coskusu\/","title":{"rendered":"Manavgat Belediyesi E\u011fitim Kurumlar\u0131n\u0131n 23 Nisan Co\u015fkusu"},"content":{"rendered":"\n<p>Manavgat Belediye Ba\u015fkan\u0131 Op. Dr. Niyazi Nefi Kara, e\u015fi Dr. Hacer Ceyhan Kara ile birlikte Manavgat Belediyesi e\u011fitim kurumlar\u0131n\u0131n 23 Nisan Ulusal Egemenlik ve \u00c7ocuk Bayram\u0131 etkinlikleri kapsam\u0131nda d\u00fczenledi\u011fi g\u00f6sterilere kat\u0131ld\u0131.<\/p>\n\n\n\n<p>Manavgat Belediyesi\u2019nin e\u011fitim kurumlar\u0131 Side, \u00c7olakl\u0131, Sar\u0131lar, T\u00fcrkan S\u00f6zen, Ta\u015fa\u011f\u0131l Kre\u015f ve G\u00fcnd\u00fcz Bak\u0131mevi \u00f6\u011frencileri ile Il\u0131ca Meliha Ercan Engelsiz Ya\u015fam Merkezi, Side Gen\u00e7lik Merkezi ve \u00c7ocuk K\u00fclt\u00fcr Merkezi \u00f6\u011frencileri, 23 Nisan Ulusal Egemenlik ve \u00c7ocuk Bayram\u0131\u2019n\u0131 \u00e7e\u015fitli etkinliklerle kutlad\u0131.<\/p>\n\n\n\n<p>23 Nisan kutlamalar\u0131 sabah saatlerinde Cumhuriyet Meydan\u0131\u2019nda toplanan y\u00fczlerce \u00e7ocu\u011fun kortej y\u00fcr\u00fcy\u00fc\u015f\u00fcyle ba\u015flad\u0131. Ellerinde T\u00fcrk bayraklar\u0131yla y\u00fcr\u00fcyen \u00e7ocuklara Manavgat Belediyesi\u2019nin \u00d6zg\u00fcrl\u00fck Bandosu ve Uluslararas\u0131 Halk Danslar\u0131 Toplulu\u011fu e\u015flik etti. Mar\u015flar ve \u015fark\u0131lar e\u015fli\u011finde Atat\u00fcrk K\u00fclt\u00fcr Merkezi\u2019ne y\u00fcr\u00fcyen kortej, vatanda\u015flar taraf\u0131ndan alk\u0131\u015flarla kar\u015f\u0131land\u0131.<\/p>\n\n\n\n<p>Kortej y\u00fcr\u00fcy\u00fc\u015f\u00fcn\u00fcn ard\u0131ndan \u00e7ocuklar, \u00f6\u011fretmenleriyle birlikte g\u00fcnlerdir haz\u0131rland\u0131klar\u0131 g\u00f6sterileri sahneledi. 23 Nisan kutlamalar\u0131na kat\u0131lan \u00e7ocuklar, haz\u0131rlad\u0131klar\u0131 \u015fiir, dans ve halk oyunlar\u0131 g\u00f6sterilerini sundu. \u00c7ocuklar ve \u00f6\u011fretmenler, g\u00fcn\u00fcn anlam\u0131na ithafen k\u0131rm\u0131z\u0131-beyaz elbiseler giydi.&nbsp;<\/p>\n\n\n\n<p>Ba\u015fkan Kara: \u201c\u00c7ocuklar\u0131m\u0131z Gelece\u011fimizin Teminat\u0131\u201d<\/p>\n\n\n\n<p>Etkinlik sonunda bir konu\u015fma yapan Manavgat Belediye Ba\u015fkan\u0131 Op. Dr. Niyazi Nefi Kara, \u00e7ocuklar\u0131n bayram co\u015fkusuna tan\u0131kl\u0131k etmekten b\u00fcy\u00fck mutluluk duydu\u011funu belirtti.<\/p>\n\n\n\n<p>\u201cUlu \u00d6nder Gazi Mustafa Kemal Atat\u00fcrk\u2019\u00fcn \u00e7ocuklara arma\u011fan etti\u011fi bu anlaml\u0131 g\u00fcnde, onlar\u0131n y\u00fcz\u00fcndeki tebess\u00fcme tan\u0131kl\u0131k etmek bizler i\u00e7in en b\u00fcy\u00fck mutluluk. Gelece\u011fimizin teminat\u0131 \u00e7ocuklar\u0131m\u0131zla gurur duyuyoruz. E\u011fitim kurumlar\u0131m\u0131z\u0131n de\u011ferli y\u00f6neticilerine, \u00f6\u011fretmenlerimize ve velilerimize te\u015fekk\u00fcr ediyor, t\u00fcm \u00e7ocuklar\u0131m\u0131z\u0131n 23 Nisan Ulusal Egemenlik ve \u00c7ocuk Bayram\u0131\u2019n\u0131 kutluyorum.\u201d<\/p>\n\n\n\n<p>Ba\u015fkan Kara ve e\u015fi Dr. Hacer Ceyhan Kara, etkinlik boyunca \u00e7ocuklarla yak\u0131ndan ilgilenerek bol bol foto\u011fraf \u00e7ektirdi.<\/p>\n\n\n\n<p>Manavgat Belediyesi\/ B\u00fclten<\/p>\n","protected":false},"excerpt":{"rendered":"<p>Manavgat Belediye Ba\u015fkan\u0131 Op. Dr. Niyazi Nefi Kara, e\u015fi Dr. Hacer Ceyhan Kara ile birlikte Manavgat Belediyesi e\u011fitim kurumlar\u0131n\u0131n 23 Nisan Ulusal Egemenlik ve \u00c7ocuk <a href=\"https:\/\/akdenizhaber.com.tr\/index.php\/2025\/04\/24\/manavgat-belediyesi-egitim-kurumlarinin-23-nisan-coskusu\/\" class=\"read-more-link\">[more&#8230;]<\/a><\/p>\n","protected":false},"author":2,"featured_media":28472,"comment_status":"open","ping_status":"open","sticky":false,"template":"","format":"standard","meta":{"footnotes":""},"categories":[2],"tags":[],"class_list":["post-28471","post","type-post","status-publish","format-standard","has-post-thumbnail","hentry","category-gundem"],"_links":{"self":[{"href":"https:\/\/akdenizhaber.com.tr\/index.php\/wp-json\/wp\/v2\/posts\/28471","targetHints":{"allow":["GET"]}}],"collection":[{"href":"https:\/\/akdenizhaber.com.tr\/index.php\/wp-json\/wp\/v2\/posts"}],"about":[{"href":"https:\/\/akdenizhaber.com.tr\/index.php\/wp-json\/wp\/v2\/types\/post"}],"author":[{"embeddable":true,"href":"https:\/\/akdenizhaber.com.tr\/index.php\/wp-json\/wp\/v2\/users\/2"}],"replies":[{"embeddable":true,"href":"https:\/\/akdenizhaber.com.tr\/index.php\/wp-json\/wp\/v2\/comments?post=28471"}],"version-history":[{"count":1,"href":"https:\/\/akdenizhaber.com.tr\/index.php\/wp-json\/wp\/v2\/posts\/28471\/revisions"}],"predecessor-version":[{"id":28475,"href":"https:\/\/akdenizhaber.com.tr\/index.php\/wp-json\/wp\/v2\/posts\/28471\/revisions\/28475"}],"wp:featuredmedia":[{"embeddable":true,"href":"https:\/\/akdenizhaber.com.tr\/index.php\/wp-json\/wp\/v2\/media\/28472"}],"wp:attachment":[{"href":"https:\/\/akdenizhaber.com.tr\/index.php\/wp-json\/wp\/v2\/media?parent=28471"}],"wp:term":[{"taxonomy":"category","embeddable":true,"href":"https:\/\/akdenizhaber.com.tr\/index.php\/wp-json\/wp\/v2\/categories?post=28471"},{"taxonomy":"post_tag","embeddable":true,"href":"https:\/\/akdenizhaber.com.tr\/index.php\/wp-json\/wp\/v2\/tags?post=28471"}],"curies":[{"name":"wp","href":"https:\/\/api.w.org\/{rel}","templated":true}]}}