{"id":28468,"date":"2025-04-24T16:02:03","date_gmt":"2025-04-24T13:02:03","guid":{"rendered":"https:\/\/akdenizhaber.com.tr\/?p=28468"},"modified":"2025-04-24T16:02:04","modified_gmt":"2025-04-24T13:02:04","slug":"bocek-makamini-cocuk-baskana-devreti","status":"publish","type":"post","link":"https:\/\/akdenizhaber.com.tr\/index.php\/2025\/04\/24\/bocek-makamini-cocuk-baskana-devreti\/","title":{"rendered":"B\u00f6cek makam\u0131n\u0131 \u00e7ocuk ba\u015fkana devreti"},"content":{"rendered":"\n<p>Antalya B\u00fcy\u00fck\u015fehir Belediye Ba\u015fkan\u0131 Muhittin B\u00f6cek, 23 Nisan Ulusal Egemenlik ve \u00c7ocuk Bayram\u0131 kutlamalar\u0131 kapsam\u0131nda koltu\u011funu Cengiz Topel \u0130lkokulu 4. s\u0131n\u0131f \u00f6\u011frencisi Deniz Erdemir\u2019e devretti. \u00c7ocuk Ba\u015fkan Erdemir, Atat\u00fcrk\u2019\u00fcn d\u00fcnya \u00e7ocuklar\u0131na arma\u011fan etti\u011fi 23 Nisan\u2019\u0131n bar\u0131\u015f\u0131n, dostlu\u011fun ve karde\u015fli\u011fin simgesi oldu\u011funu belirterek, \u201cDi\u011fer \u00fclkelerde sava\u015f\u0131n g\u00f6lgesinde hayatlar\u0131n\u0131 s\u00fcrd\u00fcren t\u00fcm \u00e7ocuklar\u0131n bir an \u00f6nce bar\u0131\u015fa kavu\u015fmalar\u0131n\u0131 temenni ediyorum. Birlikte oynayan, birlikte g\u00fclen, birbirlerinin farkl\u0131l\u0131klar\u0131na sayg\u0131 duyan \u00e7ocuklar gelecekte de bar\u0131\u015f dolu bir d\u00fcnya kurar\u201d dedi.<\/p>\n\n\n\n<p>T\u00fcrkiye B\u00fcy\u00fck Millet Meclisi\u2019nin a\u00e7\u0131l\u0131\u015f\u0131n\u0131n 105&#8217;inci y\u0131l d\u00f6n\u00fcm\u00fc ve 23 Nisan Ulusal Egemenlik ve \u00c7ocuk Bayram\u0131 kapsam\u0131nda Antalya B\u00fcy\u00fck\u015fehir Belediye Ba\u015fkanl\u0131\u011f\u0131 Hizmet Binas\u0131 \u00f6n\u00fcnde bulunan Atat\u00fcrk An\u0131t\u0131&#8217;na \u00e7elenk sunma t\u00f6reni d\u00fczenlendi. T\u00f6rende, Antalya B\u00fcy\u00fck\u015fehir Belediye Ba\u015fkan\u0131 Muhittin B\u00f6cek makam\u0131n\u0131 devretti\u011fi \u00e7ocuk ba\u015fkan Deniz Erdemir ile birlikte an\u0131ta \u00e7elenk sundu.<\/p>\n\n\n\n<p>\u00c7OCUK BA\u015eKAN G\u00d6REVDE<\/p>\n\n\n\n<p>\u00c7elenk sunma t\u00f6renin ard\u0131ndan B\u00fcy\u00fck\u015fehir Belediye Ba\u015fkanl\u0131\u011f\u0131 makam\u0131nda devir teslim t\u00f6reni yap\u0131ld\u0131. B\u00fcy\u00fck\u015fehir Belediye Ba\u015fkan\u0131 Muhittin B\u00f6cek, koltu\u011funu Cengiz Topel \u0130lkokulu 4. S\u0131n\u0131f \u00d6\u011frencisi Deniz Erdemir\u2019e devretti. Antalya B\u00fcy\u00fck\u015fehir Belediye Ba\u015fkan\u0131 Muhittin B\u00f6cek\u2019ten ba\u015fkanl\u0131k koltu\u011funu devralan \u00e7ocuk ba\u015fkan Deniz Erdemir, 23 Nisan Ulusal Egemenlik ve \u00c7ocuk Bayram\u0131 dolay\u0131s\u0131yla yapt\u0131\u011f\u0131 konu\u015fmada, \u201cUlu \u00d6nderimiz Atat\u00fcrk, 23 Nisan\u2019\u0131 biz \u00e7ocuklara arma\u011fan ederek, gelece\u011fimiz i\u00e7in g\u00fc\u00e7l\u00fc bir ba\u011f kurdu. Bu bayram, bar\u0131\u015f\u0131n, dostlu\u011fun ve karde\u015fli\u011fin simgesidir. Sava\u015f\u0131n g\u00f6lgesinde ya\u015fayan t\u00fcm \u00e7ocuklar\u0131n da bir an \u00f6nce bar\u0131\u015fa kavu\u015fmas\u0131n\u0131 diliyorum\u201d dedi.<\/p>\n\n\n\n<p>DO\u011eAYI KORUYAN PROJELER<\/p>\n\n\n\n<p>\u00c7ocuk ba\u015fkan Erdemir, Antalyal\u0131 \u00e7ocuklar\u0131n da k\u00fclt\u00fcrel ve sanatsal geli\u015fimlerine katk\u0131 sa\u011flayacak projelerin desteklenmesi, okul k\u00fct\u00fcphanelerinin zenginle\u015ftirilmesini istedi. Erdemir, \u201cDo\u011fay\u0131 koruyan projelerle parklarda \u00e7ocuklar\u0131n ne\u015fesi, sokaklar\u0131m\u0131zda ise dostluk \u00e7o\u011falacak\u201d ifadelerini kulland\u0131.<\/p>\n\n\n\n<p>D\u00dcNYA \u00c7OCUKLARINA ARMA\u011eAN BAYRAM<\/p>\n\n\n\n<p>Ba\u015fkan\u0131 Muhittin B\u00f6cek de 23 Nisan Ulusal Egemenlik ve \u00c7ocuk Bayram\u0131\u2019n\u0131 kutlad\u0131.<\/p>\n\n\n\n<p>Ba\u015fkan B\u00f6cek, \u201cB\u00fcy\u00fck\u015fehir Belediyesi olarak, do\u011fumdan ya\u015f alana kadar \u00e7ocuklar\u0131m\u0131za Halk S\u00fct, Halk Mama, kre\u015f hizmetleri ve burslar gibi bir\u00e7ok imk\u00e2n sa\u011fl\u0131yoruz. Ayr\u0131ca T\u00fcrkiye\u2019nin \u00f6rnek belediyelerinden biri olman\u0131n gururunu ya\u015f\u0131yorum. Sevgili Deniz&#8217;in e\u011fitim hayat\u0131nda ve gelece\u011finde yolunun a\u00e7\u0131k olmas\u0131n\u0131 diliyor, ba\u015far\u0131lar temenni ediyorum\u201d dedi.<\/p>\n\n\n\n<p>Ba\u015fkan B\u00f6cek daha sonra \u00e7ocuk ba\u015fkan Deniz Erdemir\u2019e g\u00fcn\u00fcn an\u0131s\u0131na hediye vererek hat\u0131ra foto\u011fraf\u0131 \u00e7ektirdi.<br>Antalya B\u00fcy\u00fck\u015fehir Belediyesi \/ B\u00fclten<\/p>\n","protected":false},"excerpt":{"rendered":"<p>Antalya B\u00fcy\u00fck\u015fehir Belediye Ba\u015fkan\u0131 Muhittin B\u00f6cek, 23 Nisan Ulusal Egemenlik ve \u00c7ocuk Bayram\u0131 kutlamalar\u0131 kapsam\u0131nda koltu\u011funu Cengiz Topel \u0130lkokulu 4. s\u0131n\u0131f \u00f6\u011frencisi Deniz Erdemir\u2019e devretti. <a href=\"https:\/\/akdenizhaber.com.tr\/index.php\/2025\/04\/24\/bocek-makamini-cocuk-baskana-devreti\/\" class=\"read-more-link\">[more&#8230;]<\/a><\/p>\n","protected":false},"author":2,"featured_media":28469,"comment_status":"open","ping_status":"open","sticky":false,"template":"","format":"standard","meta":{"footnotes":""},"categories":[2],"tags":[],"class_list":["post-28468","post","type-post","status-publish","format-standard","has-post-thumbnail","hentry","category-gundem"],"_links":{"self":[{"href":"https:\/\/akdenizhaber.com.tr\/index.php\/wp-json\/wp\/v2\/posts\/28468","targetHints":{"allow":["GET"]}}],"collection":[{"href":"https:\/\/akdenizhaber.com.tr\/index.php\/wp-json\/wp\/v2\/posts"}],"about":[{"href":"https:\/\/akdenizhaber.com.tr\/index.php\/wp-json\/wp\/v2\/types\/post"}],"author":[{"embeddable":true,"href":"https:\/\/akdenizhaber.com.tr\/index.php\/wp-json\/wp\/v2\/users\/2"}],"replies":[{"embeddable":true,"href":"https:\/\/akdenizhaber.com.tr\/index.php\/wp-json\/wp\/v2\/comments?post=28468"}],"version-history":[{"count":1,"href":"https:\/\/akdenizhaber.com.tr\/index.php\/wp-json\/wp\/v2\/posts\/28468\/revisions"}],"predecessor-version":[{"id":28470,"href":"https:\/\/akdenizhaber.com.tr\/index.php\/wp-json\/wp\/v2\/posts\/28468\/revisions\/28470"}],"wp:featuredmedia":[{"embeddable":true,"href":"https:\/\/akdenizhaber.com.tr\/index.php\/wp-json\/wp\/v2\/media\/28469"}],"wp:attachment":[{"href":"https:\/\/akdenizhaber.com.tr\/index.php\/wp-json\/wp\/v2\/media?parent=28468"}],"wp:term":[{"taxonomy":"category","embeddable":true,"href":"https:\/\/akdenizhaber.com.tr\/index.php\/wp-json\/wp\/v2\/categories?post=28468"},{"taxonomy":"post_tag","embeddable":true,"href":"https:\/\/akdenizhaber.com.tr\/index.php\/wp-json\/wp\/v2\/tags?post=28468"}],"curies":[{"name":"wp","href":"https:\/\/api.w.org\/{rel}","templated":true}]}}