{"id":28464,"date":"2025-04-24T16:01:28","date_gmt":"2025-04-24T13:01:28","guid":{"rendered":"https:\/\/akdenizhaber.com.tr\/?p=28464"},"modified":"2025-04-24T16:01:28","modified_gmt":"2025-04-24T13:01:28","slug":"meclis-salonu-cocuk-sesleriyle-senlendi","status":"publish","type":"post","link":"https:\/\/akdenizhaber.com.tr\/index.php\/2025\/04\/24\/meclis-salonu-cocuk-sesleriyle-senlendi\/","title":{"rendered":"Meclis salonu \u00e7ocuk sesleriyle \u015fenlendi"},"content":{"rendered":"\n<p>Antalya B\u00fcy\u00fck\u015fehir Belediyesi 23 Nisan Ulusal Egemenlik ve \u00c7ocuk Bayram\u0131 kapsam\u0131nda olu\u015fturdu\u011fu Temsili \u00c7ocuk Meclisi, B\u00fcy\u00fck\u015fehir Belediye Meclis Toplant\u0131 Salonu\u2019nda topland\u0131. Meclis s\u0131ralar\u0131na ellerinde T\u00fcrk bayraklar\u0131yla oturan Antalyal\u0131 \u00e7ocuklar, daha g\u00fczel Antalya ve d\u00fcnya i\u00e7in yap\u0131labilecek \u00e7al\u0131\u015fmalar\u0131 masaya yat\u0131rd\u0131.<\/p>\n\n\n\n<p>Antalya B\u00fcy\u00fck\u015fehir Belediyesi Gen\u00e7lik Meclisi Genel Kurul Toplant\u0131s\u0131\u2019nda 23 Nisan Ulusal Egemenlik ve \u00c7ocuk Bayram\u0131\u2019na \u00f6zel olarak 7-12 ya\u015f aras\u0131 \u00e7ocuklar\u0131 Meclis Salonu\u2019nda a\u011f\u0131rlad\u0131.<\/p>\n\n\n\n<p>\u00c7OCUKLARDAN \u2018UMUT YE\u015eERT\u0130YORUZ\u2019 PROJES\u0130<\/p>\n\n\n\n<p>Antalya B\u00fcy\u00fck\u015fehir Belediye Ba\u015fkan\u0131 Muhittin B\u00f6cek\u2019i temsilen B\u00fcy\u00fck\u015fehir Belediyesi Genel Sekreter Yard\u0131mc\u0131s\u0131 Cemil B\u00f6cek, \u00e7ocuk meclisinde bir konu\u015fma yapt\u0131. Ba\u015fkan Muhittin B\u00f6cek\u2019in selam ve sevgilerini \u00e7ocuklara ileten Cemil B\u00f6cek, \u201cSizleri bug\u00fcn B\u00fcy\u00fck\u015fehir Belediyemizde a\u011f\u0131rlamaktan \u00e7ok mutluyuz. Egemenli\u011fi kay\u0131ts\u0131z \u015farts\u0131z milletine emanet etmi\u015f bir Ata\u2019n\u0131n \u00e7ocuklar\u0131 olarak sizlerle gurur duyuyoruz. Umuyorum bu masalarda bir g\u00fcn sizler olursunuz \u00fclkemiz i\u00e7in \u00e7ok k\u0131ymetli kararlar al\u0131rs\u0131n\u0131z ve gelece\u011fimize \u015fekil verirsiniz. Hepinizin bayram\u0131n\u0131 kutlar\u0131m\u201d dedi.<\/p>\n\n\n\n<p>TAVS\u0130YE KARARLARI ALIP HAYALLER\u0130N\u0130 PAYLA\u015eTILAR<\/p>\n\n\n\n<p>Meclis salonunda toplanan ve 60 ki\u015fiden olu\u015fan \u00c7ocuk Meclisi, Antalya\u2019n\u0131n ve \u00fclkenin gelece\u011fini \u015fekillendirmeye y\u00f6nelik tavsiye kararlar\u0131 ald\u0131, hayallerini payla\u015ft\u0131. \u00d6\u011frenci Atlas To\u015fur<\/p>\n\n\n\n<p>ba\u015fkanl\u0131\u011f\u0131nda toplanan mecliste, tek tek s\u00f6z alan \u00e7ocuklar taleplerini s\u0131ralad\u0131. Mecliste ayr\u0131ca Antalya\u2019ya kazand\u0131r\u0131lmas\u0131 i\u00e7in g\u00fcndeme al\u0131nan \u2018Umut Ye\u015fertiyoruz\u2019 isimli proje oy birli\u011fiyle kabul edildi. Proje kapsam\u0131nda do\u011fay\u0131 korumak ve gelece\u011fe ye\u015fil bir miras b\u0131rakmak amac\u0131yla \u00f6\u011frenciler taraf\u0131ndan fidan dikimi etkinli\u011fi ger\u00e7ekle\u015ftirilecek.<\/p>\n\n\n\n<p>23 N\u0130SAN ATAT\u00dcRK\u2019\u00dcN KIYMETL\u0130 HED\u0130YES\u0130D\u0130R<\/p>\n\n\n\n<p>Temsili \u00c7ocuk Meclisi Ba\u015fkan\u0131 Atlas To\u015fur konu\u015fmas\u0131nda, \u201cBu g\u00fczel g\u00fcn\u00fc bizlere arma\u011fan eden Gazi Mustafa Kemal Atat\u00fcrk\u2019e sayg\u0131, minnet ve \u015f\u00fckranlar\u0131m\u0131 sunuyorum. Bug\u00fcn bizleri burada a\u011f\u0131rlayan Antalya B\u00fcy\u00fck\u015fehir Belediye Ba\u015fkan\u0131 Muhittin B\u00f6cek\u2019e te\u015fekk\u00fcr ediyorum. 23 Nisan sadece bir bayram de\u011fil, Atat\u00fcrk\u2019\u00fcn biz \u00e7ocuklara g\u00f6sterdi\u011fi sevgi, g\u00fcven ve k\u0131ymetli hediyedir.&nbsp; Biz \u00e7ocuklar bar\u0131\u015f dolu, adil, \u00f6zg\u00fcr ve mutlu bir d\u00fcnya istiyoruz. Sesimiz duyulsun gelece\u011fimiz i\u00e7in s\u00f6z sahibi olmak istiyoruz \u00e7\u00fcnk\u00fc biz bug\u00fcnlerin umudu gelece\u011fin mimarlar\u0131y\u0131z. Hayal kurmak ve soru sormak bizim en b\u00fcy\u00fck g\u00fcc\u00fcm\u00fczd\u00fcr istersek her \u015feyi ba\u015farabiliriz \u00e7\u00fcnk\u00fc biz birlikte g\u00fc\u00e7l\u00fcy\u00fcz.&nbsp; 23 Nisan Ulusal Egemenlik ve \u00c7ocuk Bayram\u0131 kutlu olsun\u201d diye konu\u015ftu.<\/p>\n\n\n\n<p>Meclis toplant\u0131s\u0131n\u0131n sonunda \u00e7ocuklara Antalya B\u00fcy\u00fck\u015fehir Belediye Ba\u015fkan\u0131 Muhittin B\u00f6cek\u2019in bayram hediyeleri verilirken, aileleriyle birlikte hat\u0131ra foto\u011fraflar\u0131 \u00e7ekildi.<\/p>\n\n\n\n<p>Antalya B\u00fcy\u00fck\u015fehir Belediyesi \/ B\u00fclten<\/p>\n","protected":false},"excerpt":{"rendered":"<p>Antalya B\u00fcy\u00fck\u015fehir Belediyesi 23 Nisan Ulusal Egemenlik ve \u00c7ocuk Bayram\u0131 kapsam\u0131nda olu\u015fturdu\u011fu Temsili \u00c7ocuk Meclisi, B\u00fcy\u00fck\u015fehir Belediye Meclis Toplant\u0131 Salonu\u2019nda topland\u0131. Meclis s\u0131ralar\u0131na ellerinde T\u00fcrk <a href=\"https:\/\/akdenizhaber.com.tr\/index.php\/2025\/04\/24\/meclis-salonu-cocuk-sesleriyle-senlendi\/\" class=\"read-more-link\">[more&#8230;]<\/a><\/p>\n","protected":false},"author":2,"featured_media":28465,"comment_status":"open","ping_status":"open","sticky":false,"template":"","format":"standard","meta":{"footnotes":""},"categories":[2],"tags":[],"class_list":["post-28464","post","type-post","status-publish","format-standard","has-post-thumbnail","hentry","category-gundem"],"_links":{"self":[{"href":"https:\/\/akdenizhaber.com.tr\/index.php\/wp-json\/wp\/v2\/posts\/28464","targetHints":{"allow":["GET"]}}],"collection":[{"href":"https:\/\/akdenizhaber.com.tr\/index.php\/wp-json\/wp\/v2\/posts"}],"about":[{"href":"https:\/\/akdenizhaber.com.tr\/index.php\/wp-json\/wp\/v2\/types\/post"}],"author":[{"embeddable":true,"href":"https:\/\/akdenizhaber.com.tr\/index.php\/wp-json\/wp\/v2\/users\/2"}],"replies":[{"embeddable":true,"href":"https:\/\/akdenizhaber.com.tr\/index.php\/wp-json\/wp\/v2\/comments?post=28464"}],"version-history":[{"count":1,"href":"https:\/\/akdenizhaber.com.tr\/index.php\/wp-json\/wp\/v2\/posts\/28464\/revisions"}],"predecessor-version":[{"id":28467,"href":"https:\/\/akdenizhaber.com.tr\/index.php\/wp-json\/wp\/v2\/posts\/28464\/revisions\/28467"}],"wp:featuredmedia":[{"embeddable":true,"href":"https:\/\/akdenizhaber.com.tr\/index.php\/wp-json\/wp\/v2\/media\/28465"}],"wp:attachment":[{"href":"https:\/\/akdenizhaber.com.tr\/index.php\/wp-json\/wp\/v2\/media?parent=28464"}],"wp:term":[{"taxonomy":"category","embeddable":true,"href":"https:\/\/akdenizhaber.com.tr\/index.php\/wp-json\/wp\/v2\/categories?post=28464"},{"taxonomy":"post_tag","embeddable":true,"href":"https:\/\/akdenizhaber.com.tr\/index.php\/wp-json\/wp\/v2\/tags?post=28464"}],"curies":[{"name":"wp","href":"https:\/\/api.w.org\/{rel}","templated":true}]}}