{"id":28461,"date":"2025-04-24T16:01:24","date_gmt":"2025-04-24T13:01:24","guid":{"rendered":"https:\/\/akdenizhaber.com.tr\/?p=28461"},"modified":"2025-04-24T16:01:25","modified_gmt":"2025-04-24T13:01:25","slug":"turk-yildizlarindan-antalya-semalarinda-nefes-kesen-gosteri","status":"publish","type":"post","link":"https:\/\/akdenizhaber.com.tr\/index.php\/2025\/04\/24\/turk-yildizlarindan-antalya-semalarinda-nefes-kesen-gosteri\/","title":{"rendered":"T\u00fcrk Y\u0131ld\u0131zlar\u0131\u2019ndan Antalya semalar\u0131nda nefes kesen g\u00f6steri"},"content":{"rendered":"\n<p>23 Nisan Ulusal Egemenlik ve \u00c7ocuk Bayram\u0131 kutlamalar\u0131 kapsam\u0131nda Konyaalt\u0131 Sahili\u2019nde g\u00f6steri u\u00e7u\u015fu yapan T\u00fcrk Y\u0131ld\u0131zlar\u0131 nefes kesti. Sahili dolduran binlerce Antalyal\u0131 T\u00fcrk y\u0131ld\u0131zlar\u0131n\u0131n g\u00f6sterisini heyecanla izledi. T\u00fcrk Y\u0131ld\u0131zlar\u0131, g\u00f6ky\u00fcz\u00fcnde sergiledikleri akrobasi hareketleriyle 23 Nisan Ulusal Egemenlik ve \u00c7ocuk Bayram\u0131 co\u015fkusuna renk katt\u0131.<\/p>\n\n\n\n<p>23 Nisan Ulusal Egemenlik ve \u00c7ocuk Bayram\u0131 kutlamalar\u0131 kapsam\u0131nda Konyaalt\u0131 Sahili\u2019nde g\u00f6steri u\u00e7u\u015fu ger\u00e7ekle\u015ftiren akrobasi timi T\u00fcrk Y\u0131ld\u0131zlar\u0131, Antalyal\u0131lara heyecan dolu anlar ya\u015fatt\u0131. Pilotlar\u0131n, g\u00f6ky\u00fcz\u00fcnde ger\u00e7ekle\u015ftirdi\u011fi u\u00e7u\u015flar ilgiyle izlendi. Antalya Valisi Hulusi \u015eahin ve Antalya B\u00fcy\u00fck\u015fehir Belediye Ba\u015fkan\u0131 Muhittin B\u00f6cek de g\u00f6steriyi Antalyal\u0131lar ile birlikte izledi.<\/p>\n\n\n\n<p>T\u00dcRK YILDIZLARI ANTALYALILARIN BAYRAMINI KUTLADI<\/p>\n\n\n\n<p>T\u00fcrk Y\u0131ld\u0131zlar\u0131\u2019n\u0131n usta pilotlar\u0131n\u0131n u\u00e7aklarla ger\u00e7ekle\u015ftirdi\u011fi heyecan dolu g\u00f6steri, akrobasi timinde yer alan bir pilotun u\u00e7ak i\u00e7erisinden Antalyal\u0131lar\u0131n bayram\u0131n\u0131 kutlamas\u0131yla ba\u015flad\u0131. Pilotun u\u00e7ak i\u00e7inden sesini duyan Antalyal\u0131lar bu kutlamaya alk\u0131\u015flar\u0131yla kar\u015f\u0131l\u0131k verdi. Usta pilotlar\u0131n u\u00e7aklarla ger\u00e7ekle\u015ftirdi\u011fi ters d\u00f6n\u00fc\u015fler ve manevralar ilgiyle izlendi. T\u00fcrk Y\u0131ld\u0131zlar\u0131, g\u00f6ky\u00fcz\u00fcne u\u00e7aktan \u00e7\u0131kan k\u0131rm\u0131z\u0131 dumanla kalp \u00e7izdi. Antalyal\u0131lar u\u00e7aklar\u0131n birbirlerine yak\u0131n mesafede ger\u00e7ekle\u015ftirdi\u011fi hareketler kar\u015f\u0131s\u0131nda nefeslerini tuttu. Dakikalarca g\u00f6zlerini g\u00f6ky\u00fcz\u00fcnden ay\u0131rmayan vatanda\u015flar, bu anlar\u0131 cep telefonlar\u0131yla \u00f6l\u00fcms\u00fczle\u015ftirdi. G\u00f6steri sonunda Antalya B\u00fcy\u00fck\u015fehir Belediye Ba\u015fkan\u0131 Muhittin B\u00f6cek, ekibe plaket takdim etti.&nbsp;<br>Antalya B\u00fcy\u00fck\u015fehir Belediyesi\/B\u00fclten<\/p>\n","protected":false},"excerpt":{"rendered":"<p>23 Nisan Ulusal Egemenlik ve \u00c7ocuk Bayram\u0131 kutlamalar\u0131 kapsam\u0131nda Konyaalt\u0131 Sahili\u2019nde g\u00f6steri u\u00e7u\u015fu yapan T\u00fcrk Y\u0131ld\u0131zlar\u0131 nefes kesti. Sahili dolduran binlerce Antalyal\u0131 T\u00fcrk y\u0131ld\u0131zlar\u0131n\u0131n g\u00f6sterisini <a href=\"https:\/\/akdenizhaber.com.tr\/index.php\/2025\/04\/24\/turk-yildizlarindan-antalya-semalarinda-nefes-kesen-gosteri\/\" class=\"read-more-link\">[more&#8230;]<\/a><\/p>\n","protected":false},"author":2,"featured_media":28463,"comment_status":"open","ping_status":"open","sticky":false,"template":"","format":"standard","meta":{"footnotes":""},"categories":[2],"tags":[],"class_list":["post-28461","post","type-post","status-publish","format-standard","has-post-thumbnail","hentry","category-gundem"],"_links":{"self":[{"href":"https:\/\/akdenizhaber.com.tr\/index.php\/wp-json\/wp\/v2\/posts\/28461","targetHints":{"allow":["GET"]}}],"collection":[{"href":"https:\/\/akdenizhaber.com.tr\/index.php\/wp-json\/wp\/v2\/posts"}],"about":[{"href":"https:\/\/akdenizhaber.com.tr\/index.php\/wp-json\/wp\/v2\/types\/post"}],"author":[{"embeddable":true,"href":"https:\/\/akdenizhaber.com.tr\/index.php\/wp-json\/wp\/v2\/users\/2"}],"replies":[{"embeddable":true,"href":"https:\/\/akdenizhaber.com.tr\/index.php\/wp-json\/wp\/v2\/comments?post=28461"}],"version-history":[{"count":1,"href":"https:\/\/akdenizhaber.com.tr\/index.php\/wp-json\/wp\/v2\/posts\/28461\/revisions"}],"predecessor-version":[{"id":28466,"href":"https:\/\/akdenizhaber.com.tr\/index.php\/wp-json\/wp\/v2\/posts\/28461\/revisions\/28466"}],"wp:featuredmedia":[{"embeddable":true,"href":"https:\/\/akdenizhaber.com.tr\/index.php\/wp-json\/wp\/v2\/media\/28463"}],"wp:attachment":[{"href":"https:\/\/akdenizhaber.com.tr\/index.php\/wp-json\/wp\/v2\/media?parent=28461"}],"wp:term":[{"taxonomy":"category","embeddable":true,"href":"https:\/\/akdenizhaber.com.tr\/index.php\/wp-json\/wp\/v2\/categories?post=28461"},{"taxonomy":"post_tag","embeddable":true,"href":"https:\/\/akdenizhaber.com.tr\/index.php\/wp-json\/wp\/v2\/tags?post=28461"}],"curies":[{"name":"wp","href":"https:\/\/api.w.org\/{rel}","templated":true}]}}