{"id":28458,"date":"2025-04-24T16:09:59","date_gmt":"2025-04-24T13:09:59","guid":{"rendered":"https:\/\/akdenizhaber.com.tr\/?p=28458"},"modified":"2025-04-24T16:13:39","modified_gmt":"2025-04-24T13:13:39","slug":"bashekimlik-koltugu-zeynepe-emanet","status":"publish","type":"post","link":"https:\/\/akdenizhaber.com.tr\/index.php\/2025\/04\/24\/bashekimlik-koltugu-zeynepe-emanet\/","title":{"rendered":"Ba\u015fhekimlik koltu\u011fu Zeynep\u2019e emanet!"},"content":{"rendered":"\n<p>23 Nisan Ulusal Egemenlik ve \u00c7ocuk Bayram\u0131 kapsam\u0131nda \u00fclke genelinde oldu\u011fu gibi il\u00e7emizde de \u00e7ocuklar koltuk sahibi oldular.<\/p>\n\n\n\n<p>D\u00fcnya \u00e7ocuklar\u0131 aras\u0131nda en \u015fansl\u0131 \u00e7ocuklar T\u00fcrk \u00e7ocuklar\u0131n\u0131n oldu\u011fu ve Atat\u00fcrk\u2019\u00fcn \u00e7ocuklara arma\u011fan etti\u011fi 23 Nisan Ulusal Egemenlik ve \u00c7ocuk Bayram\u0131n\u0131n en g\u00fczel gelene\u011fi olan makam koltu\u011fu devri il\u00e7emiz Devlet hastanesi\u015fnde de ger\u00e7ekle\u015ftirildi.<\/p>\n\n\n\n<p>Manavgat Devlet Hastanesi Ba\u015fhekimi Op. Dr. Mehmet Deniz\u2019in makam odas\u0131nda ger\u00e7ekle\u015fen temsili koltuk devir etkinli\u011fine hastane y\u00f6netimi de kat\u0131larak yeni makam sahibi ile birlikte ilk de\u011ferlendirme toplant\u0131s\u0131 da ger\u00e7ekle\u015ftirildi.<\/p>\n\n\n\n<p>Manavgat Devlet Hastanesi ba\u015fhekimi Op. Dr. Mehmet Deniz, bug\u00fcnk\u00fc ba\u015fhekim Zeynep\u2019in ve t\u00fcm \u00e7ocuklar\u0131n 23 Nisan Egemenlik ve \u00c7ocuk bayramlar\u0131n\u0131 kutlayarak yeni ba\u015fhekime yeni g\u00f6revinde ba\u015far\u0131lar diledi.<\/p>\n\n\n\n<p>B\u00dc\u015eRA DEVEC\u0130 \/HABER<\/p>\n","protected":false},"excerpt":{"rendered":"<p>23 Nisan Ulusal Egemenlik ve \u00c7ocuk Bayram\u0131 kapsam\u0131nda \u00fclke genelinde oldu\u011fu gibi il\u00e7emizde de \u00e7ocuklar koltuk sahibi oldular. D\u00fcnya \u00e7ocuklar\u0131 aras\u0131nda en \u015fansl\u0131 \u00e7ocuklar T\u00fcrk <a href=\"https:\/\/akdenizhaber.com.tr\/index.php\/2025\/04\/24\/bashekimlik-koltugu-zeynepe-emanet\/\" class=\"read-more-link\">[more&#8230;]<\/a><\/p>\n","protected":false},"author":2,"featured_media":28459,"comment_status":"open","ping_status":"open","sticky":false,"template":"","format":"standard","meta":{"footnotes":""},"categories":[2],"tags":[],"class_list":["post-28458","post","type-post","status-publish","format-standard","has-post-thumbnail","hentry","category-gundem"],"_links":{"self":[{"href":"https:\/\/akdenizhaber.com.tr\/index.php\/wp-json\/wp\/v2\/posts\/28458","targetHints":{"allow":["GET"]}}],"collection":[{"href":"https:\/\/akdenizhaber.com.tr\/index.php\/wp-json\/wp\/v2\/posts"}],"about":[{"href":"https:\/\/akdenizhaber.com.tr\/index.php\/wp-json\/wp\/v2\/types\/post"}],"author":[{"embeddable":true,"href":"https:\/\/akdenizhaber.com.tr\/index.php\/wp-json\/wp\/v2\/users\/2"}],"replies":[{"embeddable":true,"href":"https:\/\/akdenizhaber.com.tr\/index.php\/wp-json\/wp\/v2\/comments?post=28458"}],"version-history":[{"count":1,"href":"https:\/\/akdenizhaber.com.tr\/index.php\/wp-json\/wp\/v2\/posts\/28458\/revisions"}],"predecessor-version":[{"id":28460,"href":"https:\/\/akdenizhaber.com.tr\/index.php\/wp-json\/wp\/v2\/posts\/28458\/revisions\/28460"}],"wp:featuredmedia":[{"embeddable":true,"href":"https:\/\/akdenizhaber.com.tr\/index.php\/wp-json\/wp\/v2\/media\/28459"}],"wp:attachment":[{"href":"https:\/\/akdenizhaber.com.tr\/index.php\/wp-json\/wp\/v2\/media?parent=28458"}],"wp:term":[{"taxonomy":"category","embeddable":true,"href":"https:\/\/akdenizhaber.com.tr\/index.php\/wp-json\/wp\/v2\/categories?post=28458"},{"taxonomy":"post_tag","embeddable":true,"href":"https:\/\/akdenizhaber.com.tr\/index.php\/wp-json\/wp\/v2\/tags?post=28458"}],"curies":[{"name":"wp","href":"https:\/\/api.w.org\/{rel}","templated":true}]}}