{"id":28446,"date":"2025-04-22T11:02:36","date_gmt":"2025-04-22T08:02:36","guid":{"rendered":"https:\/\/akdenizhaber.com.tr\/?p=28446"},"modified":"2025-04-22T11:02:37","modified_gmt":"2025-04-22T08:02:37","slug":"eskisehirli-olmak","status":"publish","type":"post","link":"https:\/\/akdenizhaber.com.tr\/index.php\/2025\/04\/22\/eskisehirli-olmak\/","title":{"rendered":"ESK\u0130\u015eEH\u0130R\u2019L\u0130 OLMAK.."},"content":{"rendered":"\n<p><br>Ge\u00e7ti\u011fimiz Pazar g\u00fcn\u00fc Manavgat Belediyespor ile Eski\u015fehirspor kar\u015f\u0131 kar\u015f\u0131ya geldi..<br>Haftalar \u00f6ncesinden d\u00fc\u015f\u00fcn\u00fcyordum centilmenlik ve Bal ligi derbisi olarak ge\u00e7ecek g\u00fczel ve keyifli bir ma\u00e7 olacakt\u0131..<br>\u00d6yle d\u00fc\u015f\u00fcnd\u00fc\u011f\u00fcm i\u00e7in ma\u00e7a da gitmeyi planl\u0131yordum..<br>Taaakii ma\u00e7a g\u00fcnler kala Eski\u015fehirspor futbolcular\u0131n\u0131n tak\u0131m otob\u00fcs\u00fcnde \u00e7ekti\u011fi ve sosyal medyada payla\u015ft\u0131\u011f\u0131 videonun g\u00fcndeme geldi\u011fi g\u00fcne kadar..<br>Videoyu \u00fcz\u00fclerek ve nefretle izledim\u2026Futboldan ekmek yiyen hayat\u0131n\u0131 futbol ile ge\u00e7indirmek zorunda olan futbol emek\u00e7ilerinin bu videosunun hemen ard\u0131ndan Manavgat hakl\u0131 olarak ayakland\u0131..<br>\u0130nfiale sebep oldu..Futbol kar\u015f\u0131la\u015fmalar\u0131nda taraftarlar birbirini yer,birbirilerine a\u011fza al\u0131nmayacak k\u00fcf\u00fcrler ederler y\u0131llard\u0131r b\u00f6yledir,g\u00fcn\u00fcm\u00fczde de aynen \u00f6yle,90 dakika sonunda her \u015fey biter unutulur..<br>Ekme\u011fini futboldan yiyen futbolcular\u0131n video yolu ile ettikleri k\u00fcf\u00fcre bunca y\u0131ll\u0131k gazeteci olarak ilk kez \u015fahit oluyor,Eski\u015fehir\u2019in evlad\u0131 olarak utand\u0131\u011f\u0131m\u0131 ifade etmek istiyorum..<br>Utanman\u0131n yan\u0131 s\u0131ra bu futbolcular\u0131 lanetliyorum\u2026<br>Her neyse o video olmasayd\u0131 \u015fayet Manavgat Belediyespor galip gelir miydi,gelmez miydi tart\u0131\u015fmak gerek..<br>Fakat g\u00f6r\u00fcnen k\u00f6y k\u0131lavuz istemez futbol olarak Manavgat Belediyespor\u2019un Eski\u015fehirspor\u2019dan \u00fcst\u00fcn oldu\u011funu aylard\u0131r s\u00f6yler dururum..<br>Gelelim ma\u00e7 sonras\u0131 Eski\u015fehir\u2019de yay\u0131n yapan kanal 26\u2019ya Muharrem Esen karde\u015fimin sundu\u011fu spor program\u0131na..<br>De\u011ferli futbolcular Burhanettin..G\u00fcven..Serdal Eroy ve gazeteci karde\u015fim Ali \u0130hsan Sar\u0131\u00e7oban\u2019\u0131n kat\u0131ld\u0131\u011f\u0131 programda benim futbol ya\u015famlar\u0131na,efendiliklerine \u015fahit oldu\u011fum izlemekten keyif ald\u0131\u011f\u0131m bu \u00fc\u00e7 futbol adamlar\u0131ndan Serdal Eroy tan\u0131d\u0131\u011f\u0131m en b\u00fcy\u00fck devrimci ve Atat\u00fcrk\u00e7\u00fclerden biridir..<br>Futbol ya\u015fam\u0131 ve sonras\u0131 santim taviz vermeden bug\u00fcnlere getirmi\u015ftir kendisini..<br>Muharrem Esen ve Ali ihsan Sar\u0131\u00e7oban meslekten karde\u015flerim 40 y\u0131l\u0131 a\u015fk\u0131n dostlu\u011fumuz olan iki g\u00fczel adam..<br>Program s\u0131ras\u0131nda Manavgat ile ilgili s\u00f6zleri dikkatimi \u00e7ekti, \u201cManavgat 40 bin ki\u015filik k\u00f6y,\u00c7ingene bunlar..\u00c7ingene\u201d demesine hi\u00e7 anlam veremedim..<br>Serdal karde\u015fim; 40 bin ki\u015filik k\u00f6y dedi\u011fin Manavgat\u2019\u0131n k\u0131\u015f\u0131n n\u00fcfusu 400 bin..Yaz\u0131n ise bir milyon ki\u015fiyi buluyor..<br>\u00c7ingenelerde bizlerin karde\u015fi de\u011fil mi?..Aynen Tunal\u0131 mahallesindeki karde\u015flerim gibi..<br>Burada da \u00c7ingene karde\u015flerimiz var tabikii i\u00e7 i\u00e7e huzur i\u00e7inde ya\u015fad\u0131\u011f\u0131m\u0131z..<br>Mustafa Kemal ATAT\u00dcRK ne demi\u015f;<br>\u201cArkada\u015flar! Gidip, Toros Da\u011flar\u0131&#8217;na bak\u0131n\u0131z, e\u011fer orada bir tek Y\u00f6r\u00fck \u00e7ad\u0131r\u0131 g\u00f6r\u00fcrseniz ve o \u00e7ad\u0131rda bir duman t\u00fct\u00fcyorsa, \u015funu \u00e7ok iyi biliniz ki bu d\u00fcnyada hi\u00e7bir g\u00fc\u00e7 ve kuvvet asla bizi yenemez\u201d<br>Evet Serdal karde\u015fim Manavgat\u2019\u0131n a\u011f\u0131rl\u0131\u011f\u0131 Y\u00f6r\u00fck k\u00f6kenlidir..Toros\u2019lar\u0131n yi\u011fit evlatlar\u0131..<br>Futboldan anlamazlar dedi\u011fin kent\u2019te Eski\u015fehirspor\u2019un efsane ba\u015fkanlar\u0131ndan rahmetli Ahmet Sezer a\u011fabeyimiz Evrensekispor ba\u015fkanl\u0131\u011f\u0131 yapm\u0131\u015f,tak\u0131m\u0131 \u00fc\u00e7\u00fcnc\u00fc lige \u00e7\u0131karm\u0131\u015ft\u0131r..<br>Yine Manavgat\u2019\u0131n mahallerinden Side\u2019de Sidespor 2. Lige kadar y\u00fckselmi\u015f futbolun \u00e7irkinliklerine,tezgahlar\u0131na gelmedi\u011fi i\u00e7in amat\u00f6r lige geri d\u00f6nm\u00fc\u015ft\u00fcr..<br>Hali haz\u0131rda Bal liginde olan Manavgat Belediyespor\u2019un ge\u00e7mi\u015fte \u00fc\u00e7\u00fcnc\u00fc lig tecr\u00fcbesi mevcuttur.<br>\u00dclkemizin d\u00fcnyaca \u00fcnl\u00fc ya\u011fl\u0131 g\u00fcre\u015f pehlivanlar\u0131 bu kent\u2019ten \u00e7\u0131km\u0131\u015ft\u0131r..T\u00fcrkiye Voleybol ligi erkekler tak\u0131m\u0131 Manavgatspor Voleybol tak\u0131m\u0131 y\u0131llarca ismini duyurmu\u015f..<br>T\u00fcrk futboluna y\u00fczlerce futbolcu ve sporcu kazand\u0131rm\u0131\u015ft\u0131r..<br>Senin anlayaca\u011f\u0131n Serdal karde\u015fim..Manavgat \u00f6yle b\u00f6yle k\u00f6y de\u011fil..<br>Koskocaman bir d\u00fcnya kentidir..T\u00fcrkiye\u2019nin yatak kapasitesi en y\u00fcksek turizm otellerine sahiptir.<br>Ge\u00e7ti\u011fimiz ak\u015fam yapt\u0131\u011f\u0131n konu\u015fma ger\u00e7ek anlamda sana yak\u0131\u015fmad\u0131 diyebilirim..Aylard\u0131r sizin programlar\u0131n\u0131z\u0131 seyrederim..<br>Mert ve a\u00e7\u0131k\u00e7a ele\u015ftirdi\u011finiz Eski\u015fehirspor\u2019un bug\u00fcnlere geli\u015finde sizlerin ele\u015ftirilerine kulak t\u0131kayanlar sorumludur..<br>Gelelim benim Eski\u015fehirlili\u011fime..Do\u011frudur..Do\u011fma b\u00fcy\u00fcme Eski\u015fehirli oldu\u011fum..<br>Do\u011frudur 30 y\u0131l\u0131 a\u015fk\u0131n s\u00fcredir Manavgat\u2019ta doydu\u011fum..Ben Eski\u015fehirspor s\u00fcper ligde iken Manavgat Belediyespor taraftar\u0131 idim..<br>Bug\u00fcnde aynen \u00f6yle..Yar\u0131nlarda da aynen \u00f6yle olacak..<br>\u00d6nemli olan sporu ahlakl\u0131 ve d\u00fcr\u00fcst,yalpalamadan dik bi\u00e7imde yerine getirmektir.Her birinize selam ve sevgiler sunuyor..<br>Hak eden \u015fampiyon olsun diyorum..<br>Dost ac\u0131 ama ger\u00e7e\u011fi s\u00f6yler derler ya; o hesap ibre Manavgat Belediyespor\u2019dan yana duruyor bilin istedim..<br>Haydi, kal\u0131n sa\u011fl\u0131cakla.<br>Her \u015fey y\u00fcre\u011finize g\u00f6re olsun..<\/p>\n","protected":false},"excerpt":{"rendered":"<p>Ge\u00e7ti\u011fimiz Pazar g\u00fcn\u00fc Manavgat Belediyespor ile Eski\u015fehirspor kar\u015f\u0131 kar\u015f\u0131ya geldi..Haftalar \u00f6ncesinden d\u00fc\u015f\u00fcn\u00fcyordum centilmenlik ve Bal ligi derbisi olarak ge\u00e7ecek g\u00fczel ve keyifli bir ma\u00e7 olacakt\u0131..\u00d6yle <a href=\"https:\/\/akdenizhaber.com.tr\/index.php\/2025\/04\/22\/eskisehirli-olmak\/\" class=\"read-more-link\">[more&#8230;]<\/a><\/p>\n","protected":false},"author":2,"featured_media":28447,"comment_status":"open","ping_status":"open","sticky":false,"template":"","format":"standard","meta":{"footnotes":""},"categories":[1,2],"tags":[],"class_list":["post-28446","post","type-post","status-publish","format-standard","has-post-thumbnail","hentry","category-blog","category-gundem"],"_links":{"self":[{"href":"https:\/\/akdenizhaber.com.tr\/index.php\/wp-json\/wp\/v2\/posts\/28446","targetHints":{"allow":["GET"]}}],"collection":[{"href":"https:\/\/akdenizhaber.com.tr\/index.php\/wp-json\/wp\/v2\/posts"}],"about":[{"href":"https:\/\/akdenizhaber.com.tr\/index.php\/wp-json\/wp\/v2\/types\/post"}],"author":[{"embeddable":true,"href":"https:\/\/akdenizhaber.com.tr\/index.php\/wp-json\/wp\/v2\/users\/2"}],"replies":[{"embeddable":true,"href":"https:\/\/akdenizhaber.com.tr\/index.php\/wp-json\/wp\/v2\/comments?post=28446"}],"version-history":[{"count":1,"href":"https:\/\/akdenizhaber.com.tr\/index.php\/wp-json\/wp\/v2\/posts\/28446\/revisions"}],"predecessor-version":[{"id":28448,"href":"https:\/\/akdenizhaber.com.tr\/index.php\/wp-json\/wp\/v2\/posts\/28446\/revisions\/28448"}],"wp:featuredmedia":[{"embeddable":true,"href":"https:\/\/akdenizhaber.com.tr\/index.php\/wp-json\/wp\/v2\/media\/28447"}],"wp:attachment":[{"href":"https:\/\/akdenizhaber.com.tr\/index.php\/wp-json\/wp\/v2\/media?parent=28446"}],"wp:term":[{"taxonomy":"category","embeddable":true,"href":"https:\/\/akdenizhaber.com.tr\/index.php\/wp-json\/wp\/v2\/categories?post=28446"},{"taxonomy":"post_tag","embeddable":true,"href":"https:\/\/akdenizhaber.com.tr\/index.php\/wp-json\/wp\/v2\/tags?post=28446"}],"curies":[{"name":"wp","href":"https:\/\/api.w.org\/{rel}","templated":true}]}}