{"id":28419,"date":"2025-04-21T16:37:06","date_gmt":"2025-04-21T13:37:06","guid":{"rendered":"https:\/\/akdenizhaber.com.tr\/?p=28419"},"modified":"2025-04-21T16:37:06","modified_gmt":"2025-04-21T13:37:06","slug":"manavgat-belediyesinden-23-nisana-ozel-cocuk-forumu","status":"publish","type":"post","link":"https:\/\/akdenizhaber.com.tr\/index.php\/2025\/04\/21\/manavgat-belediyesinden-23-nisana-ozel-cocuk-forumu\/","title":{"rendered":"Manavgat Belediyesi\u2019nden 23 Nisan\u2019a \u00d6zel \u201c\u00c7ocuk Forumu\u201d"},"content":{"rendered":"\n<p>Manavgat Belediyesi, 23 Nisan Ulusal Egemenlik ve \u00c7ocuk Bayram\u0131 kutlamalar\u0131 kapsam\u0131nda \u201c\u00c7ocuk Forumu\u201d d\u00fczenliyor.<\/p>\n\n\n\n<p>Manavgat Belediyesi\u2019nden yap\u0131lan a\u00e7\u0131klamada, \u201cSenin de s\u00f6yleyeceklerin varsa, bu k\u00fcrs\u00fc seni bekliyor.\u201d ifadesiyle \u00e7ocuklara \u00e7a\u011fr\u0131da bulunuldu. 23 Nisan \u00c7ar\u015famba g\u00fcn\u00fc saat 14:00\u2019te Atat\u00fcrk K\u00fclt\u00fcr Merkezi\u2019nde d\u00fczenlenecek olan \u00c7ocuk Forumu\u2019nda; 6-14 ya\u015f aras\u0131 \u00e7ocuklar, kent ya\u015fam\u0131na dair duygu, d\u00fc\u015f\u00fcnce ve projelerini \u00f6zg\u00fcrce dile getirebilecek.<\/p>\n\n\n\n<p>\u00c7OCUKLARIN SES\u0130, KENT\u0130N GELECE\u011e\u0130NE Y\u00d6N VERECEK<\/p>\n\n\n\n<p>Manavgat Belediyesi, bu forum arac\u0131l\u0131\u011f\u0131yla \u00e7ocuklar\u0131n kentle ilgili fikirlerini ve hayallerini payla\u015fabilecekleri bir platform olu\u015fturmay\u0131 hedefliyor. Manavgat Belediyesi\u2019nden yap\u0131lan a\u00e7\u0131klamada, \u201cGelecekte kentine sahip \u00e7\u0131kan \u00e7ocuklar yeti\u015ftirmek i\u00e7in y\u00f6netimde \u00e7ocuklar\u0131n kararlar\u0131n\u0131 da esas al\u0131yoruz. Manavgat\u2019\u0131 \u00e7ocuk dostu kent haline getirme vizyonuyla hareket ediyoruz.\u201d denildi.<\/p>\n\n\n\n<p>Etkinlik kapsam\u0131nda \u00e7ocuklar, ya\u015fad\u0131klar\u0131 \u00e7evreyi nas\u0131l daha g\u00fcvenli, e\u011flenceli ve ya\u015fanabilir k\u0131labileceklerine dair g\u00f6r\u00fc\u015flerini payla\u015facak.<\/p>\n\n\n\n<p>BA\u015eVURULAR BA\u015eLADI<\/p>\n\n\n\n<p>Foruma kat\u0131lmak isteyen 6-14 ya\u015f aras\u0131ndaki t\u00fcm \u00e7ocuklar, velileri arac\u0131l\u0131\u011f\u0131yla Atat\u00fcrk K\u00fclt\u00fcr Merkezi, Halk Masa ve 444 96 07 numaral\u0131 \u00e7a\u011fr\u0131 merkezinden kay\u0131t yapt\u0131rabilecek.<\/p>\n\n\n\n<p>Manavgat Belediyesi \/ B\u00fclten<\/p>\n","protected":false},"excerpt":{"rendered":"<p>Manavgat Belediyesi, 23 Nisan Ulusal Egemenlik ve \u00c7ocuk Bayram\u0131 kutlamalar\u0131 kapsam\u0131nda \u201c\u00c7ocuk Forumu\u201d d\u00fczenliyor. Manavgat Belediyesi\u2019nden yap\u0131lan a\u00e7\u0131klamada, \u201cSenin de s\u00f6yleyeceklerin varsa, bu k\u00fcrs\u00fc seni <a href=\"https:\/\/akdenizhaber.com.tr\/index.php\/2025\/04\/21\/manavgat-belediyesinden-23-nisana-ozel-cocuk-forumu\/\" class=\"read-more-link\">[more&#8230;]<\/a><\/p>\n","protected":false},"author":2,"featured_media":28420,"comment_status":"open","ping_status":"open","sticky":false,"template":"","format":"standard","meta":{"footnotes":""},"categories":[2],"tags":[],"class_list":["post-28419","post","type-post","status-publish","format-standard","has-post-thumbnail","hentry","category-gundem"],"_links":{"self":[{"href":"https:\/\/akdenizhaber.com.tr\/index.php\/wp-json\/wp\/v2\/posts\/28419","targetHints":{"allow":["GET"]}}],"collection":[{"href":"https:\/\/akdenizhaber.com.tr\/index.php\/wp-json\/wp\/v2\/posts"}],"about":[{"href":"https:\/\/akdenizhaber.com.tr\/index.php\/wp-json\/wp\/v2\/types\/post"}],"author":[{"embeddable":true,"href":"https:\/\/akdenizhaber.com.tr\/index.php\/wp-json\/wp\/v2\/users\/2"}],"replies":[{"embeddable":true,"href":"https:\/\/akdenizhaber.com.tr\/index.php\/wp-json\/wp\/v2\/comments?post=28419"}],"version-history":[{"count":1,"href":"https:\/\/akdenizhaber.com.tr\/index.php\/wp-json\/wp\/v2\/posts\/28419\/revisions"}],"predecessor-version":[{"id":28421,"href":"https:\/\/akdenizhaber.com.tr\/index.php\/wp-json\/wp\/v2\/posts\/28419\/revisions\/28421"}],"wp:featuredmedia":[{"embeddable":true,"href":"https:\/\/akdenizhaber.com.tr\/index.php\/wp-json\/wp\/v2\/media\/28420"}],"wp:attachment":[{"href":"https:\/\/akdenizhaber.com.tr\/index.php\/wp-json\/wp\/v2\/media?parent=28419"}],"wp:term":[{"taxonomy":"category","embeddable":true,"href":"https:\/\/akdenizhaber.com.tr\/index.php\/wp-json\/wp\/v2\/categories?post=28419"},{"taxonomy":"post_tag","embeddable":true,"href":"https:\/\/akdenizhaber.com.tr\/index.php\/wp-json\/wp\/v2\/tags?post=28419"}],"curies":[{"name":"wp","href":"https:\/\/api.w.org\/{rel}","templated":true}]}}