{"id":28416,"date":"2025-04-21T16:36:34","date_gmt":"2025-04-21T13:36:34","guid":{"rendered":"https:\/\/akdenizhaber.com.tr\/?p=28416"},"modified":"2025-04-21T16:36:34","modified_gmt":"2025-04-21T13:36:34","slug":"manavgat-belediyesi-gures-kulubunden-gurur-veren-basari","status":"publish","type":"post","link":"https:\/\/akdenizhaber.com.tr\/index.php\/2025\/04\/21\/manavgat-belediyesi-gures-kulubunden-gurur-veren-basari\/","title":{"rendered":"Manavgat Belediyesi G\u00fcre\u015f Kul\u00fcb\u00fc\u2019nden Gurur Veren Ba\u015far\u0131"},"content":{"rendered":"\n<p>Manavgat Belediyesi G\u00fcre\u015f Kul\u00fcb\u00fc sporcusu M\u00fcsl\u00fcm Berat Aslan, \u0130\u015fitme Engelliler G\u00fcre\u015f T\u00fcrkiye \u015eampiyonas\u0131\u2019nda alt\u0131n madalya kazand\u0131.<\/p>\n\n\n\n<p>T\u00fcrkiye \u0130\u015fitme Engelliler Spor Federasyonu taraf\u0131ndan d\u00fczenlenen R\u0131za Keser \u0130\u015fitme Engelliler Y\u0131ld\u0131zlar, Gen\u00e7ler, B\u00fcy\u00fckler Serbest ve Grekoromen G\u00fcre\u015f T\u00fcrkiye \u015eampiyonas\u0131 t\u00fcm heyecan\u0131yla devam ediyor. Sivas\u2019taki 4 Eyl\u00fcl Spor Salonu\u2019nda ger\u00e7ekle\u015ftirilen \u015fampiyonada, Manavgat Belediyesi G\u00fcre\u015f Kul\u00fcb\u00fc\u2019n\u00fcn gen\u00e7 yetene\u011fi M\u00fcsl\u00fcm Berat Aslan, Gen\u00e7ler Serbest G\u00fcre\u015f 57 kilogram s\u0131kletinde \u015fampiyon olmay\u0131 ba\u015fard\u0131. Gen\u00e7 sporcu, elde etti\u011fi birincilikle birlikte milli tak\u0131m se\u00e7melerine kat\u0131lma hakk\u0131 da kazand\u0131.<\/p>\n\n\n\n<p>Manavgat Belediye Ba\u015fkan\u0131 Op. Dr. Niyazi Nefi Kara gen\u00e7 sporcunun ba\u015far\u0131s\u0131n\u0131 tebrik ederek, \u201cSporcumuzu y\u00fcrekten kutluyorum. Spora ve sporcular\u0131m\u0131za olan deste\u011fimiz devam edecek. K\u0131ymetli karde\u015fimin ayn\u0131 ba\u015far\u0131y\u0131 s\u00fcrd\u00fcrerek milli mayoyu da giyece\u011fine inan\u0131yorum.\u201d dedi.<\/p>\n\n\n\n<p>Manavgat Belediyesi \/ B\u00fclten<\/p>\n","protected":false},"excerpt":{"rendered":"<p>Manavgat Belediyesi G\u00fcre\u015f Kul\u00fcb\u00fc sporcusu M\u00fcsl\u00fcm Berat Aslan, \u0130\u015fitme Engelliler G\u00fcre\u015f T\u00fcrkiye \u015eampiyonas\u0131\u2019nda alt\u0131n madalya kazand\u0131. T\u00fcrkiye \u0130\u015fitme Engelliler Spor Federasyonu taraf\u0131ndan d\u00fczenlenen R\u0131za Keser <a href=\"https:\/\/akdenizhaber.com.tr\/index.php\/2025\/04\/21\/manavgat-belediyesi-gures-kulubunden-gurur-veren-basari\/\" class=\"read-more-link\">[more&#8230;]<\/a><\/p>\n","protected":false},"author":2,"featured_media":28417,"comment_status":"open","ping_status":"open","sticky":false,"template":"","format":"standard","meta":{"footnotes":""},"categories":[2],"tags":[],"class_list":["post-28416","post","type-post","status-publish","format-standard","has-post-thumbnail","hentry","category-gundem"],"_links":{"self":[{"href":"https:\/\/akdenizhaber.com.tr\/index.php\/wp-json\/wp\/v2\/posts\/28416","targetHints":{"allow":["GET"]}}],"collection":[{"href":"https:\/\/akdenizhaber.com.tr\/index.php\/wp-json\/wp\/v2\/posts"}],"about":[{"href":"https:\/\/akdenizhaber.com.tr\/index.php\/wp-json\/wp\/v2\/types\/post"}],"author":[{"embeddable":true,"href":"https:\/\/akdenizhaber.com.tr\/index.php\/wp-json\/wp\/v2\/users\/2"}],"replies":[{"embeddable":true,"href":"https:\/\/akdenizhaber.com.tr\/index.php\/wp-json\/wp\/v2\/comments?post=28416"}],"version-history":[{"count":1,"href":"https:\/\/akdenizhaber.com.tr\/index.php\/wp-json\/wp\/v2\/posts\/28416\/revisions"}],"predecessor-version":[{"id":28418,"href":"https:\/\/akdenizhaber.com.tr\/index.php\/wp-json\/wp\/v2\/posts\/28416\/revisions\/28418"}],"wp:featuredmedia":[{"embeddable":true,"href":"https:\/\/akdenizhaber.com.tr\/index.php\/wp-json\/wp\/v2\/media\/28417"}],"wp:attachment":[{"href":"https:\/\/akdenizhaber.com.tr\/index.php\/wp-json\/wp\/v2\/media?parent=28416"}],"wp:term":[{"taxonomy":"category","embeddable":true,"href":"https:\/\/akdenizhaber.com.tr\/index.php\/wp-json\/wp\/v2\/categories?post=28416"},{"taxonomy":"post_tag","embeddable":true,"href":"https:\/\/akdenizhaber.com.tr\/index.php\/wp-json\/wp\/v2\/tags?post=28416"}],"curies":[{"name":"wp","href":"https:\/\/api.w.org\/{rel}","templated":true}]}}