{"id":28412,"date":"2025-04-21T16:35:54","date_gmt":"2025-04-21T13:35:54","guid":{"rendered":"https:\/\/akdenizhaber.com.tr\/?p=28412"},"modified":"2025-04-21T16:37:11","modified_gmt":"2025-04-21T13:37:11","slug":"girit-lezzetleri-sidede-ekonomik-sinerjiye-donusuyor","status":"publish","type":"post","link":"https:\/\/akdenizhaber.com.tr\/index.php\/2025\/04\/21\/girit-lezzetleri-sidede-ekonomik-sinerjiye-donusuyor\/","title":{"rendered":"Girit Lezzetleri Side\u2019de Ekonomik Sinerjiye D\u00f6n\u00fc\u015f\u00fcyor"},"content":{"rendered":"\n<p>Ge\u00e7en y\u0131l 5,7 milyonu a\u015fk\u0131n turisti a\u011f\u0131rlayarak 6,65 milyar dolarl\u0131k turizm geliriyle T\u00fcrkiye ekonomisine dev katk\u0131lar sunan Manavgat\u2019ta 24-26 Nisan tarihleri aras\u0131nda ger\u00e7ekle\u015ftirilecek Uluslararas\u0131 Manavgat Girit\u2019ten Side\u2019ye K\u00fclt\u00fcr ve Lezzet Festivali, gastronomi alan\u0131nda b\u00fcy\u00fck sinerji yaratt\u0131. Rusya, Almanya ve \u0130ngiltere ba\u015fta olmak \u00fczere d\u00fcnyan\u0131n d\u00f6rt bir yan\u0131ndan turist \u00e7eken Manavgat\u2019\u0131 gastronomi turizminde d\u00fcnya sahnesine ta\u015f\u0131yacak festivalde, kutlamalar\u0131n merkezi olan Side\u2019deki t\u00fcm restoranlar\u0131n ve turizm i\u015fletmelerin men\u00fclerini Girit lezzetleriyle ta\u00e7land\u0131rmak i\u00e7in Manavgat Belediye Ba\u015fkan\u0131 Op. Dr. Niyazi Nefi Kara\u2019n\u0131n \u00e7a\u011fr\u0131lar\u0131na esnaf tam destek verdi.<\/p>\n\n\n\n<p>\u201cSide\u2019deki restoranlar\u0131n Girit mutfa\u011f\u0131na \u00f6zg\u00fc lezzetlerle hizmet vermesi i\u00e7in \u00f6zel men\u00fcler olu\u015fturduk\u201d<br>Side\u2019de hizmet veren restoranlar\u0131 ve kafeleri ziyaret eden, yapt\u0131\u011f\u0131 toplant\u0131larda i\u015fletmecilerin fikir ve \u00f6nerilerini \u00f6n planda tutan Manavgat Belediye Ba\u015fkan\u0131 Op. Dr. Niyazi Nefi Kara, il\u00e7eyi gastronomi alan\u0131nda d\u00fcnya \u00e7ap\u0131nda bir \u00e7ekim merkezi haline getirme hedefiyle \u00e7al\u0131\u015fmalar y\u00fcr\u00fctt\u00fcklerini, bu y\u0131l ilkini d\u00fczenledikleri Uluslararas\u0131 Manavgat Girit\u2019ten Side\u2019ye K\u00fclt\u00fcr ve Lezzet Festivali\u2019nin de bu vizyonda stratejik bir ad\u0131m oldu\u011funu anlatt\u0131. Festival boyunca Side\u2019deki restoranlar\u0131n Girit mutfa\u011f\u0131na \u00f6zg\u00fc lezzetlerle hizmet vermesi i\u00e7in d\u00fcnyaca \u00fcnle \u015feflerle birlikte haz\u0131rlad\u0131klar\u0131 \u00f6zel men\u00fcleri da\u011f\u0131tarak i\u015flerini kolayla\u015ft\u0131rd\u0131klar\u0131n\u0131, tedarik zincirinin s\u00fcreklili\u011fi i\u00e7in belediye ekiplerinin seferber oldu\u011funu belirten Ba\u015fkan Kara, esnaf\u0131n b\u00fcy\u00fck bir heyecan ve sahiplenme duygusunu festivale yans\u0131tmas\u0131ndan b\u00fcy\u00fck mutluluk ve memnuniyet duydu\u011funu vurgulad\u0131.<\/p>\n\n\n\n<p>\u201cGastronomi zenginli\u011fimizi \u00f6n plana \u00e7\u0131kararak turizm sezonuna g\u00fc\u00e7l\u00fc bir ba\u015flang\u0131\u00e7 yapaca\u011f\u0131z\u201d<br>M\u00fcbadele \u00f6ncesi Manavgat\u2019a g\u00f6\u00e7en Giritlilerin k\u00f6kl\u00fc k\u00fclt\u00fcrleri, misafirperverlikleri ve e\u015fsiz mutfak miras\u0131yla Side\u2019nin tarihine lezzet katt\u0131\u011f\u0131n\u0131, bu kadim kenti Akdeniz\u2019in en \u00f6zel bulu\u015fma noktalar\u0131ndan biri haline getirdi\u011fini dile getiren Ba\u015fkan Kara, \u201cFestivalimiz boyunca Side\u2019deki restoranlar\u0131m\u0131z\u0131n ve kafelerimizin i\u015fletmecileri, Girit mutfa\u011f\u0131n\u0131n \u00f6zg\u00fcn tatlar\u0131n\u0131 men\u00fclerine ta\u015f\u0131yarak il\u00e7emizin gastronomi zenginli\u011fini \u00f6n plana \u00e7\u0131kar\u0131rken turizm sezonuna da g\u00fc\u00e7l\u00fc bir ba\u015flang\u0131\u00e7 yapacak. Bu g\u00f6rkemli kutlamam\u0131z, yerli ve yabanc\u0131 turistlerin harcama e\u011filimlerini yukar\u0131 \u00e7ekerek restoran, kafe, konaklama ve al\u0131\u015fveri\u015f sekt\u00f6rlerinde \u00e7arpan etkisi yaratacak. Turizm sezonunun hemen \u00f6ncesinde d\u00fczenlenen bu festivalimizin sa\u011flayaca\u011f\u0131 ekonomik canl\u0131l\u0131k, Side\u2019nin ticaretine ve Manavgat\u2019\u0131n toplam turizm gelirine do\u011frudan katk\u0131lar sunacak.\u201d dedi.<\/p>\n\n\n\n<p>\u201cSide Antik Liman\u2019da Manavgat\u2019a \u00f6zg\u00fc y\u00f6resel \u00fcr\u00fcnlerimizi tan\u0131taca\u011f\u0131z\u201d<br>Ba\u015fkan Kara, Side\u2019deki restoranlarda Girit lezzetleriyle gastronomi \u015f\u00f6leni ya\u015fat\u0131rken Side Antik Liman\u2019da s\u00fcrd\u00fcr\u00fclebilir turizm ilkelerine uygun \u015fekilde olu\u015fturduklar\u0131 festival \u00e7ar\u015f\u0131s\u0131nda Manavgat\u2019\u0131n y\u00f6resel \u00fcr\u00fcnlerinin tan\u0131t\u0131m\u0131n\u0131 yapacaklar\u0131n\u0131 duyurdu. Ba\u015fkan Kara, \u201cManavgat, bereketli topraklar\u0131nda yeti\u015fen narenciye \u00fcr\u00fcnlerinden zeytine, aromas\u0131yla fark yaratan kekik ve ada\u00e7ay\u0131ndan taptaze sebze ve meyvelere kadar zengin bir y\u00f6resel \u00fcr\u00fcn yelpazesine sahip. Toroslar\u2019\u0131n eteklerinden gelen do\u011fal kaynak sular\u0131yla beslenen bereketli topraklar\u0131m\u0131zda yeti\u015fen \u00fcr\u00fcnler hem sofralara sa\u011fl\u0131k hem de b\u00f6lge ekonomisine de\u011fer kat\u0131yor. \u00d6zellikle, Manavgat\u2019\u0131n nar\u0131, bal\u0131, tahini, susam\u0131, zeytini, zeytinya\u011f\u0131; do\u011fall\u0131\u011f\u0131, lezzeti ve y\u00fcksek kalitesiyle sadece yerli pazarda de\u011fil, uluslararas\u0131 alanda da ad\u0131ndan s\u00f6z ettiriyor. Bu zenginli\u011fimiz Manavgat\u2019\u0131 sadece bir turizm cenneti de\u011fil, ayn\u0131 zamanda Anadolu\u2019nun gastronomi hazinesi haline getiriyor. Festivalimizde bu hazineyi t\u00fcm d\u00fcnyan\u0131n ke\u015ffedece\u011fi bir vitrine ta\u015f\u0131yaca\u011f\u0131z.\u201d diye konu\u015ftu.<\/p>\n\n\n\n<p>Manavgat Belediyesi \/ B\u00fclten<\/p>\n","protected":false},"excerpt":{"rendered":"<p>Ge\u00e7en y\u0131l 5,7 milyonu a\u015fk\u0131n turisti a\u011f\u0131rlayarak 6,65 milyar dolarl\u0131k turizm geliriyle T\u00fcrkiye ekonomisine dev katk\u0131lar sunan Manavgat\u2019ta 24-26 Nisan tarihleri aras\u0131nda ger\u00e7ekle\u015ftirilecek Uluslararas\u0131 Manavgat <a href=\"https:\/\/akdenizhaber.com.tr\/index.php\/2025\/04\/21\/girit-lezzetleri-sidede-ekonomik-sinerjiye-donusuyor\/\" class=\"read-more-link\">[more&#8230;]<\/a><\/p>\n","protected":false},"author":2,"featured_media":28413,"comment_status":"open","ping_status":"open","sticky":false,"template":"","format":"standard","meta":{"footnotes":""},"categories":[2],"tags":[],"class_list":["post-28412","post","type-post","status-publish","format-standard","has-post-thumbnail","hentry","category-gundem"],"_links":{"self":[{"href":"https:\/\/akdenizhaber.com.tr\/index.php\/wp-json\/wp\/v2\/posts\/28412","targetHints":{"allow":["GET"]}}],"collection":[{"href":"https:\/\/akdenizhaber.com.tr\/index.php\/wp-json\/wp\/v2\/posts"}],"about":[{"href":"https:\/\/akdenizhaber.com.tr\/index.php\/wp-json\/wp\/v2\/types\/post"}],"author":[{"embeddable":true,"href":"https:\/\/akdenizhaber.com.tr\/index.php\/wp-json\/wp\/v2\/users\/2"}],"replies":[{"embeddable":true,"href":"https:\/\/akdenizhaber.com.tr\/index.php\/wp-json\/wp\/v2\/comments?post=28412"}],"version-history":[{"count":1,"href":"https:\/\/akdenizhaber.com.tr\/index.php\/wp-json\/wp\/v2\/posts\/28412\/revisions"}],"predecessor-version":[{"id":28414,"href":"https:\/\/akdenizhaber.com.tr\/index.php\/wp-json\/wp\/v2\/posts\/28412\/revisions\/28414"}],"wp:featuredmedia":[{"embeddable":true,"href":"https:\/\/akdenizhaber.com.tr\/index.php\/wp-json\/wp\/v2\/media\/28413"}],"wp:attachment":[{"href":"https:\/\/akdenizhaber.com.tr\/index.php\/wp-json\/wp\/v2\/media?parent=28412"}],"wp:term":[{"taxonomy":"category","embeddable":true,"href":"https:\/\/akdenizhaber.com.tr\/index.php\/wp-json\/wp\/v2\/categories?post=28412"},{"taxonomy":"post_tag","embeddable":true,"href":"https:\/\/akdenizhaber.com.tr\/index.php\/wp-json\/wp\/v2\/tags?post=28412"}],"curies":[{"name":"wp","href":"https:\/\/api.w.org\/{rel}","templated":true}]}}