{"id":28405,"date":"2025-04-21T16:34:22","date_gmt":"2025-04-21T13:34:22","guid":{"rendered":"https:\/\/akdenizhaber.com.tr\/?p=28405"},"modified":"2025-04-21T16:34:23","modified_gmt":"2025-04-21T13:34:23","slug":"zeydan-karalar-ve-muhittin-bocekten-baskan-karaya-ziyaret","status":"publish","type":"post","link":"https:\/\/akdenizhaber.com.tr\/index.php\/2025\/04\/21\/zeydan-karalar-ve-muhittin-bocekten-baskan-karaya-ziyaret\/","title":{"rendered":"Zeydan Karalar ve Muhittin B\u00f6cek\u2019ten Ba\u015fkan Kara\u2019ya Ziyaret"},"content":{"rendered":"\n<p>T\u00fcrkiye Belediyeler Birli\u011fi (TBB) Ba\u015fkan Vekili ve Adana B\u00fcy\u00fck\u015fehir Belediye Ba\u015fkan\u0131 Zeydan Karalar ile Akdeniz Belediyeler Birli\u011fi (ABB) ve Antalya B\u00fcy\u00fck\u015fehir Belediye Ba\u015fkan\u0131 Muhittin B\u00f6cek, Manavgat Belediye Ba\u015fkan\u0131 Op. Dr. Niyazi Nefi Kara\u2019y\u0131 Side Hizmet Binas\u0131\u2019nda ziyaret etti.<\/p>\n\n\n\n<p>Ziyaret kapsam\u0131nda bir araya gelen ba\u015fkanlar, yerel y\u00f6netim uygulamalar\u0131, \u015fehircilik vizyonu ve belediyecilik hizmetlerinin gelece\u011fine dair sohbet ettiler.<\/p>\n\n\n\n<p>KARA: \u201cGELECE\u011eE B\u0130RL\u0130KTE BAKIYORUZ\u201d<\/p>\n\n\n\n<p>Ba\u015fkan Kara, ziyaretin ard\u0131ndan yapt\u0131\u011f\u0131 a\u00e7\u0131klamada \u015fu ifadeleri kulland\u0131:<\/p>\n\n\n\n<p>\u201cZeydan Ba\u015fkan\u0131m\u0131z\u0131 ve Muhittin Ba\u015fkan\u0131m\u0131z\u0131, Manavgat\u2019\u0131m\u0131zda a\u011f\u0131rlamaktan b\u00fcy\u00fck memnuniyet duydum. Yerel y\u00f6netimlerdeki deneyimlerinden istifade etti\u011fimiz bu ziyarette, hem mevcut sorunlar\u0131m\u0131z\u0131 konu\u015ftuk hem de gelece\u011fe d\u00f6n\u00fck planlar\u0131m\u0131z\u0131 payla\u015ft\u0131k. Her iki ba\u015fkan\u0131m\u0131za da nazik ziyaretleri ve samimi sohbetleri i\u00e7in te\u015fekk\u00fcr ediyorum.\u201d<\/p>\n\n\n\n<p>Manavgat Belediyesi \/B\u00fclten<\/p>\n","protected":false},"excerpt":{"rendered":"<p>T\u00fcrkiye Belediyeler Birli\u011fi (TBB) Ba\u015fkan Vekili ve Adana B\u00fcy\u00fck\u015fehir Belediye Ba\u015fkan\u0131 Zeydan Karalar ile Akdeniz Belediyeler Birli\u011fi (ABB) ve Antalya B\u00fcy\u00fck\u015fehir Belediye Ba\u015fkan\u0131 Muhittin B\u00f6cek, <a href=\"https:\/\/akdenizhaber.com.tr\/index.php\/2025\/04\/21\/zeydan-karalar-ve-muhittin-bocekten-baskan-karaya-ziyaret\/\" class=\"read-more-link\">[more&#8230;]<\/a><\/p>\n","protected":false},"author":2,"featured_media":28407,"comment_status":"open","ping_status":"open","sticky":false,"template":"","format":"standard","meta":{"footnotes":""},"categories":[2],"tags":[],"class_list":["post-28405","post","type-post","status-publish","format-standard","has-post-thumbnail","hentry","category-gundem"],"_links":{"self":[{"href":"https:\/\/akdenizhaber.com.tr\/index.php\/wp-json\/wp\/v2\/posts\/28405","targetHints":{"allow":["GET"]}}],"collection":[{"href":"https:\/\/akdenizhaber.com.tr\/index.php\/wp-json\/wp\/v2\/posts"}],"about":[{"href":"https:\/\/akdenizhaber.com.tr\/index.php\/wp-json\/wp\/v2\/types\/post"}],"author":[{"embeddable":true,"href":"https:\/\/akdenizhaber.com.tr\/index.php\/wp-json\/wp\/v2\/users\/2"}],"replies":[{"embeddable":true,"href":"https:\/\/akdenizhaber.com.tr\/index.php\/wp-json\/wp\/v2\/comments?post=28405"}],"version-history":[{"count":1,"href":"https:\/\/akdenizhaber.com.tr\/index.php\/wp-json\/wp\/v2\/posts\/28405\/revisions"}],"predecessor-version":[{"id":28409,"href":"https:\/\/akdenizhaber.com.tr\/index.php\/wp-json\/wp\/v2\/posts\/28405\/revisions\/28409"}],"wp:featuredmedia":[{"embeddable":true,"href":"https:\/\/akdenizhaber.com.tr\/index.php\/wp-json\/wp\/v2\/media\/28407"}],"wp:attachment":[{"href":"https:\/\/akdenizhaber.com.tr\/index.php\/wp-json\/wp\/v2\/media?parent=28405"}],"wp:term":[{"taxonomy":"category","embeddable":true,"href":"https:\/\/akdenizhaber.com.tr\/index.php\/wp-json\/wp\/v2\/categories?post=28405"},{"taxonomy":"post_tag","embeddable":true,"href":"https:\/\/akdenizhaber.com.tr\/index.php\/wp-json\/wp\/v2\/tags?post=28405"}],"curies":[{"name":"wp","href":"https:\/\/api.w.org\/{rel}","templated":true}]}}