{"id":28404,"date":"2025-04-21T16:32:35","date_gmt":"2025-04-21T13:32:35","guid":{"rendered":"https:\/\/akdenizhaber.com.tr\/?p=28404"},"modified":"2025-04-21T16:34:16","modified_gmt":"2025-04-21T13:34:16","slug":"nefi-kara-city-expoda-projeleri-inceledi","status":"publish","type":"post","link":"https:\/\/akdenizhaber.com.tr\/index.php\/2025\/04\/21\/nefi-kara-city-expoda-projeleri-inceledi\/","title":{"rendered":"Nefi Kara, City Expo\u2019da Projeleri \u0130nceledi"},"content":{"rendered":"\n<p>Manavgat Belediye Ba\u015fkan\u0131 Op. Dr. Niyazi Nefi Kara, T\u00fcrkiye Belediyeler Birli\u011fi ve Akdeniz Belediyeler Birli\u011fi\u2019nin i\u015f birli\u011fiyle d\u00fczenlenen 10. Antalya City Expo \u2013 \u015eehircilik ve Teknolojileri Fuar\u0131\u2019n\u0131n a\u00e7\u0131l\u0131\u015f t\u00f6renine kat\u0131ld\u0131.<\/p>\n\n\n\n<p>Anfa\u015f Fuar Merkezi\u2019nde ger\u00e7ekle\u015ftirilen a\u00e7\u0131l\u0131\u015f t\u00f6renine, Akdeniz Belediyeler Birli\u011fi ve Antalya B\u00fcy\u00fck\u015fehir Belediyesi Ba\u015fkan\u0131 Muhittin B\u00f6cek, T\u00fcrkiye Belediyeler Birli\u011fi Ba\u015fkan Vekili ve Adana B\u00fcy\u00fck\u015fehir Belediyesi Ba\u015fkan\u0131 Zeydan Karalar, CHP Antalya \u0130l Ba\u015fkan\u0131 Nail Kamac\u0131, CHP Antalya Milletvekili Cavit Ar\u0131, CHP Antalya Milletvekili Aykut Kaya, T\u00fcrkiye\u2019nin d\u00f6rt bir yan\u0131ndan belediye ba\u015fkanlar\u0131, siyasi parti temsilcileri, oda ba\u015fkanlar\u0131 ve sivil toplum kurulu\u015fu temsilcileri kat\u0131ld\u0131.<\/p>\n\n\n\n<p>Manavgat Belediye Ba\u015fkan\u0131 Op. Dr. Niyazi Nefi Kara, a\u00e7\u0131l\u0131\u015f t\u00f6reninin ard\u0131ndan fuar\u0131 gezdi. Ba\u015fkan Kara, \u00e7e\u015fitli stantlar\u0131 ziyaret ederek kat\u0131l\u0131mc\u0131larla sohbet etti ve fuarda sergilenen projeler hakk\u0131nda bilgi ald\u0131.<\/p>\n\n\n\n<p>Manavgat Belediye Ba\u015fkan\u0131 Op. Dr. Niyazi Nefi Kara, fuar\u0131n \u015fehircilik alan\u0131ndaki yeniliklerin yerel y\u00f6netimler taraf\u0131ndan daha iyi anla\u015f\u0131lmas\u0131na olanak sa\u011flayan \u00f6nemli bir platform olu\u015fturdu\u011funu dile getirdi. Kara, Manavgat\u2019ta hayata ge\u00e7irecekleri projelerle ilgili de \u00e7e\u015fitli fikirler edindi\u011fini ve bu t\u00fcr fuarlar\u0131n yerel y\u00f6netimler i\u00e7in olduk\u00e7a verimli oldu\u011funu ifade etti.<\/p>\n\n\n\n<p>Manavgat Belediye \/ B\u00fclten<\/p>\n","protected":false},"excerpt":{"rendered":"<p>Manavgat Belediye Ba\u015fkan\u0131 Op. Dr. Niyazi Nefi Kara, T\u00fcrkiye Belediyeler Birli\u011fi ve Akdeniz Belediyeler Birli\u011fi\u2019nin i\u015f birli\u011fiyle d\u00fczenlenen 10. Antalya City Expo \u2013 \u015eehircilik ve <a href=\"https:\/\/akdenizhaber.com.tr\/index.php\/2025\/04\/21\/nefi-kara-city-expoda-projeleri-inceledi\/\" class=\"read-more-link\">[more&#8230;]<\/a><\/p>\n","protected":false},"author":2,"featured_media":28408,"comment_status":"open","ping_status":"open","sticky":false,"template":"","format":"standard","meta":{"footnotes":""},"categories":[2],"tags":[],"class_list":["post-28404","post","type-post","status-publish","format-standard","has-post-thumbnail","hentry","category-gundem"],"_links":{"self":[{"href":"https:\/\/akdenizhaber.com.tr\/index.php\/wp-json\/wp\/v2\/posts\/28404","targetHints":{"allow":["GET"]}}],"collection":[{"href":"https:\/\/akdenizhaber.com.tr\/index.php\/wp-json\/wp\/v2\/posts"}],"about":[{"href":"https:\/\/akdenizhaber.com.tr\/index.php\/wp-json\/wp\/v2\/types\/post"}],"author":[{"embeddable":true,"href":"https:\/\/akdenizhaber.com.tr\/index.php\/wp-json\/wp\/v2\/users\/2"}],"replies":[{"embeddable":true,"href":"https:\/\/akdenizhaber.com.tr\/index.php\/wp-json\/wp\/v2\/comments?post=28404"}],"version-history":[{"count":1,"href":"https:\/\/akdenizhaber.com.tr\/index.php\/wp-json\/wp\/v2\/posts\/28404\/revisions"}],"predecessor-version":[{"id":28406,"href":"https:\/\/akdenizhaber.com.tr\/index.php\/wp-json\/wp\/v2\/posts\/28404\/revisions\/28406"}],"wp:featuredmedia":[{"embeddable":true,"href":"https:\/\/akdenizhaber.com.tr\/index.php\/wp-json\/wp\/v2\/media\/28408"}],"wp:attachment":[{"href":"https:\/\/akdenizhaber.com.tr\/index.php\/wp-json\/wp\/v2\/media?parent=28404"}],"wp:term":[{"taxonomy":"category","embeddable":true,"href":"https:\/\/akdenizhaber.com.tr\/index.php\/wp-json\/wp\/v2\/categories?post=28404"},{"taxonomy":"post_tag","embeddable":true,"href":"https:\/\/akdenizhaber.com.tr\/index.php\/wp-json\/wp\/v2\/tags?post=28404"}],"curies":[{"name":"wp","href":"https:\/\/api.w.org\/{rel}","templated":true}]}}