{"id":28386,"date":"2025-04-17T16:10:57","date_gmt":"2025-04-17T13:10:57","guid":{"rendered":"https:\/\/akdenizhaber.com.tr\/?p=28386"},"modified":"2025-04-17T16:10:57","modified_gmt":"2025-04-17T13:10:57","slug":"mhp-buyuksehir-meclis-uyesi-mucahit-tatar-cagirirsaniz-bizde-katiliriz","status":"publish","type":"post","link":"https:\/\/akdenizhaber.com.tr\/index.php\/2025\/04\/17\/mhp-buyuksehir-meclis-uyesi-mucahit-tatar-cagirirsaniz-bizde-katiliriz\/","title":{"rendered":"MHP B\u00fcy\u00fck\u015fehir Meclis \u00dcyesi M\u00fccahit Tatar; \u201c\u00c7a\u011f\u0131r\u0131rsan\u0131z Bizde Kat\u0131l\u0131r\u0131z\u201d"},"content":{"rendered":"\n<p><\/p>\n\n\n\n<p>Antalya B\u00fcy\u00fck\u015fehir Belediyesi Nisan ay\u0131 meclis toplant\u0131s\u0131na B\u00fcy\u00fck\u015fehir MHP Belediye meclis \u00fcyesi M\u00fccahit Tatar\u2019\u0131n konu\u015fmas\u0131 damga vurdu.<\/p>\n\n\n\n<p>Antalya B\u00fcy\u00fck\u015fehir Belediyesi Nisan ay\u0131 ola\u011fan meclis toplant\u0131s\u0131 ge\u00e7ti\u011fimiz g\u00fcnlerde ger\u00e7ekle\u015ftirildi. Gerilimin tavan yapt\u0131\u011f\u0131 Nisan ay\u0131 ola\u011fan meclis toplant\u0131s\u0131nda Manavgat Belediyesi MHP meclis \u00fcyesi M\u00fccahit Tatar\u2019\u0131n konu\u015fmas\u0131 g\u00fcne damga vurmu\u015f oldu.<\/p>\n\n\n\n<p>Manavgat Belediye Ba\u015fkan\u0131 Niyazi Nefi Kara ve B\u00fcy\u00fck\u015fehir Belediye Ba\u015fkan Muhittin B\u00f6cek, b\u00fct\u00fcn belediye ba\u015fkanlar\u0131n\u0131 meclis \u00fcyelerini 24-25-26 Nisan&#8217;da Manavgat\u2019ta Girit&#8217;ten Side&#8217;ye K\u00fclt\u00fcr ve Lezzet Festivali\u2019ne davet etmesiyle ba\u015flayan tart\u0131\u015fma dikkatleri \u00fczerine \u00e7ekti.<\/p>\n\n\n\n<p>Ba\u015fkan Kara\u2019n\u0131n davet s\u00f6zlerinden sonra s\u00f6z alan Manavgat Belediyesi MHP Meclis Grup \u00dcyesi M\u00fccahit Tatar, \u015fu s\u00f6zleri kulland\u0131:&nbsp;<\/p>\n\n\n\n<p>\u201c\u00d6ncelikle Nefi Ba\u015fkan&#8217;\u0131n davetini kabul ettiniz ve umar\u0131m da kat\u0131lacaks\u0131n\u0131z b\u00f6ylece. Manavgat\u2019ta hem\u015ferilerimiz sizi \u00f6zlemi\u015flerdi. Nefi Ba\u015fkan&#8217;\u0131m da bize haber verir de sizin geldi\u011finizi s\u00f6ylerse Manavgat&#8217;\u0131m\u0131z\u0131n baz\u0131 meseleleriyle alakal\u0131 ziyaretlerde bulunuruz.\u201d<\/p>\n\n\n\n<p>Tatar, Alanya\u2019da bozkurt heykelinin hat\u0131rlatarak, \u201cAlanya Belediye Ba\u015fkan\u0131 az \u00f6nce bir konuya de\u011findi. O biraz ask\u0131da kald\u0131. Sata\u015fma falan de\u011fil. Yanl\u0131\u015f anlamay\u0131n\u0131z. Biz putperest de\u011filiz. Biz Gazi Mustafa Kemal Atat\u00fcrk&#8217;\u00fcn T\u00fcrk milleti ad\u0131na koymu\u015f oldu\u011fu simgenin orada durmas\u0131n\u0131 istedik. Lakin kendileri Gazi Mustafa Kemal Atat\u00fcrk&#8217;\u00fcn bu be\u011fenisi ho\u015funa gitmiyorsa diyecek bir laf\u0131m\u0131z yok\u201d diye konu\u015ftu.<\/p>\n\n\n\n<p>MANAVGAT\u2019TA 15 YILLIK ENKAZI<\/p>\n\n\n\n<p>Faaliyet raporuna de\u011finen Tatar, Manavgat\u2019\u0131n hizmetlerden faydalanmad\u0131\u011f\u0131n\u0131 ifade etti. Tatar, Manavgat Belediye Ba\u015fkan\u0131 Niyazi Nefi Kara ile ilgili \u201cSon 15 y\u0131l\u0131n enkaz\u0131n\u0131 y\u00fcklemi\u015f. Biz Manavgat olarak bir laf\u0131m\u0131z vard\u0131r. Manavgat olarak biraz sobaya uzak kald\u0131k. Bu hizmetlerden \u00e7ok fazla faydalanamad\u0131k. T\u00fcrk Belediye Millet Bah\u00e7esi ve park bah\u00e7eleri \u00e7ok iyi. \u00c7i\u00e7ekler \u00e7ok iyi ama milletimizin kullanabilece\u011fi bir alanda de\u011fil. Alanya&#8217;da ve Korkuteli&#8217;nde ma\u015fallah s\u0131cak asfaltlar\u0131 g\u00f6r\u00fcyoruz. Manavgat\u2019\u0131m\u0131zda da yukar\u0131 k\u00f6ylerimizde m\u0131c\u0131rlar\u0131 bize s\u0131cak asfalt diye anlat\u0131yorlar. Alanya ve kokteylini bu kadar sevmenizi anl\u0131yorum. Nefi Ba\u015fkan son 15 y\u0131l\u0131n enkaz\u0131 y\u00fcklenmi\u015f ne yaps\u0131n o da \u00e7\u0131karmak i\u00e7in elinden geleni yap\u0131yor\u201d diye konu\u015ftu.<br>B\u00fc\u015fra Deveci \/ Haber<\/p>\n","protected":false},"excerpt":{"rendered":"<p>Antalya B\u00fcy\u00fck\u015fehir Belediyesi Nisan ay\u0131 meclis toplant\u0131s\u0131na B\u00fcy\u00fck\u015fehir MHP Belediye meclis \u00fcyesi M\u00fccahit Tatar\u2019\u0131n konu\u015fmas\u0131 damga vurdu. Antalya B\u00fcy\u00fck\u015fehir Belediyesi Nisan ay\u0131 ola\u011fan meclis toplant\u0131s\u0131 <a href=\"https:\/\/akdenizhaber.com.tr\/index.php\/2025\/04\/17\/mhp-buyuksehir-meclis-uyesi-mucahit-tatar-cagirirsaniz-bizde-katiliriz\/\" class=\"read-more-link\">[more&#8230;]<\/a><\/p>\n","protected":false},"author":2,"featured_media":28387,"comment_status":"open","ping_status":"open","sticky":false,"template":"","format":"standard","meta":{"footnotes":""},"categories":[2],"tags":[],"class_list":["post-28386","post","type-post","status-publish","format-standard","has-post-thumbnail","hentry","category-gundem"],"_links":{"self":[{"href":"https:\/\/akdenizhaber.com.tr\/index.php\/wp-json\/wp\/v2\/posts\/28386","targetHints":{"allow":["GET"]}}],"collection":[{"href":"https:\/\/akdenizhaber.com.tr\/index.php\/wp-json\/wp\/v2\/posts"}],"about":[{"href":"https:\/\/akdenizhaber.com.tr\/index.php\/wp-json\/wp\/v2\/types\/post"}],"author":[{"embeddable":true,"href":"https:\/\/akdenizhaber.com.tr\/index.php\/wp-json\/wp\/v2\/users\/2"}],"replies":[{"embeddable":true,"href":"https:\/\/akdenizhaber.com.tr\/index.php\/wp-json\/wp\/v2\/comments?post=28386"}],"version-history":[{"count":1,"href":"https:\/\/akdenizhaber.com.tr\/index.php\/wp-json\/wp\/v2\/posts\/28386\/revisions"}],"predecessor-version":[{"id":28388,"href":"https:\/\/akdenizhaber.com.tr\/index.php\/wp-json\/wp\/v2\/posts\/28386\/revisions\/28388"}],"wp:featuredmedia":[{"embeddable":true,"href":"https:\/\/akdenizhaber.com.tr\/index.php\/wp-json\/wp\/v2\/media\/28387"}],"wp:attachment":[{"href":"https:\/\/akdenizhaber.com.tr\/index.php\/wp-json\/wp\/v2\/media?parent=28386"}],"wp:term":[{"taxonomy":"category","embeddable":true,"href":"https:\/\/akdenizhaber.com.tr\/index.php\/wp-json\/wp\/v2\/categories?post=28386"},{"taxonomy":"post_tag","embeddable":true,"href":"https:\/\/akdenizhaber.com.tr\/index.php\/wp-json\/wp\/v2\/tags?post=28386"}],"curies":[{"name":"wp","href":"https:\/\/api.w.org\/{rel}","templated":true}]}}