{"id":28384,"date":"2025-04-17T16:12:32","date_gmt":"2025-04-17T13:12:32","guid":{"rendered":"https:\/\/akdenizhaber.com.tr\/?p=28384"},"modified":"2025-04-17T16:12:33","modified_gmt":"2025-04-17T13:12:33","slug":"kizilot-mahallesi-halk-kahvesi-acildi","status":"publish","type":"post","link":"https:\/\/akdenizhaber.com.tr\/index.php\/2025\/04\/17\/kizilot-mahallesi-halk-kahvesi-acildi\/","title":{"rendered":"K\u0131z\u0131lot Mahallesi Halk Kahvesi A\u00e7\u0131ld\u0131"},"content":{"rendered":"\n<p>Manavgat Belediyesi, halk\u0131n ya\u015fam kalitesini art\u0131rmay\u0131 hedefleyen sosyal projelerine bir yenisini daha ekledi. Daha \u00f6nce hayata ge\u00e7irilen Halk Lokantas\u0131, Kad\u0131nlar Kahvesi ve Emekliler Kahvesi&#8217;nin ard\u0131ndan bu kez K\u0131z\u0131lot Mahallesi\u2019nde \u201cHalk Kahvesi\u201d vatanda\u015flar\u0131n hizmetine a\u00e7\u0131ld\u0131.<\/p>\n\n\n\n<p>K\u0131z\u0131lot Mahallesi Halk Kahvesi\u2019nin a\u00e7\u0131l\u0131\u015f t\u00f6renine Manavgat Belediye Ba\u015fkan\u0131 Op. Dr. Niyazi Nefi Kara, CHP Manavgat \u0130l\u00e7e Ba\u015fkan\u0131 Oykun Ba\u015far, belediye ba\u015fkan yard\u0131mc\u0131lar\u0131, belediye meclis \u00fcyeleri, sivil toplum kurulu\u015flar\u0131n\u0131n temsilcileri, oda ba\u015fkanlar\u0131, mahalle muhtarlar\u0131 ve \u00e7ok say\u0131da vatanda\u015f kat\u0131ld\u0131. Mahalle sakinlerinin yo\u011fun ilgi g\u00f6sterdi\u011fi a\u00e7\u0131l\u0131\u015f t\u00f6reni, samimi bir atmosferde ger\u00e7ekle\u015fti.<\/p>\n\n\n\n<p>BA\u015eKAN KARA: \u201cB\u0130RB\u0130R\u0130M\u0130Z\u0130 SEVEL\u0130M, B\u0130RL\u0130KTE G\u00dc\u00c7L\u00dc OLALIM\u201d<\/p>\n\n\n\n<p>A\u00e7\u0131l\u0131\u015fta konu\u015fan Manavgat Belediye Ba\u015fkan\u0131 Op. Dr. Niyazi Nefi Kara, Halk Kahvesi&#8217;nin yap\u0131m\u0131na katk\u0131da bulunan hay\u0131rsever \u00d6nem G\u00f6k\u2019e te\u015fekk\u00fcr ederek s\u00f6zlerine ba\u015flad\u0131. Ba\u015fkan Kara, \u201cBuras\u0131, Manavgat\u2019taki di\u011fer kahvelerimiz gibi sizlerin bir araya gelece\u011fi, kitap okuyabilece\u011fi, gazete takip edebilece\u011fi, dostane sohbetler ger\u00e7ekle\u015ftirebilece\u011fi bir yer olacak.\u201d dedi.<\/p>\n\n\n\n<p>Konu\u015fmas\u0131nda sosyal belediyecilik anlay\u0131\u015f\u0131n\u0131n temelinde halk\u0131n yer ald\u0131\u011f\u0131n\u0131 ifade eden Ba\u015fkan Kara, bu projelerin devam edece\u011finin alt\u0131n\u0131 \u00e7izdi. Kara, \u201cManavgat\u2019ta \u00f6n\u00fcm\u00fczdeki g\u00fcnlerde her hafta bir a\u00e7\u0131l\u0131\u015f yapacak yerlerimiz haz\u0131rland\u0131.\u201d dedi.<\/p>\n\n\n\n<p>Ba\u015fkan Kara, Manavgat Belediyesi olarak g\u00f6reve geldikleri g\u00fcnden bu yana her f\u0131rsatta \u201cmutlu bir Manavgat\u201d hedefiyle \u00e7al\u0131\u015ft\u0131klar\u0131n\u0131 vurgulad\u0131. K\u0131z\u0131lot Mahallesi\u2019nin daha fazla hizmete ihtiyac\u0131 oldu\u011funu belirten Kara, bu a\u00e7\u0131l\u0131\u015f\u0131n bir ba\u015flang\u0131\u00e7 oldu\u011funu s\u00f6yledi.<\/p>\n\n\n\n<p>Toplumsal birlik ve dayan\u0131\u015fman\u0131n \u00f6nemine dikkat \u00e7eken Ba\u015fkan Kara, s\u00f6zlerini \u015fu \u015fekilde tamamlad\u0131: \u201cBirbirini seven, sayg\u0131 duyan, yard\u0131mla\u015fan Manavgatl\u0131lar olarak bir arada olmam\u0131z gerekiyor. Biz biriz, birlikteyiz. Bu birlikteli\u011fi bozmad\u0131k, bozmayaca\u011f\u0131z.\u201d<\/p>\n\n\n\n<p>Manavgat Belediyesi \/ B\u00fclten<\/p>\n","protected":false},"excerpt":{"rendered":"<p>Manavgat Belediyesi, halk\u0131n ya\u015fam kalitesini art\u0131rmay\u0131 hedefleyen sosyal projelerine bir yenisini daha ekledi. Daha \u00f6nce hayata ge\u00e7irilen Halk Lokantas\u0131, Kad\u0131nlar Kahvesi ve Emekliler Kahvesi&#8217;nin ard\u0131ndan <a href=\"https:\/\/akdenizhaber.com.tr\/index.php\/2025\/04\/17\/kizilot-mahallesi-halk-kahvesi-acildi\/\" class=\"read-more-link\">[more&#8230;]<\/a><\/p>\n","protected":false},"author":2,"featured_media":28385,"comment_status":"open","ping_status":"open","sticky":false,"template":"","format":"standard","meta":{"footnotes":""},"categories":[2],"tags":[],"class_list":["post-28384","post","type-post","status-publish","format-standard","has-post-thumbnail","hentry","category-gundem"],"_links":{"self":[{"href":"https:\/\/akdenizhaber.com.tr\/index.php\/wp-json\/wp\/v2\/posts\/28384","targetHints":{"allow":["GET"]}}],"collection":[{"href":"https:\/\/akdenizhaber.com.tr\/index.php\/wp-json\/wp\/v2\/posts"}],"about":[{"href":"https:\/\/akdenizhaber.com.tr\/index.php\/wp-json\/wp\/v2\/types\/post"}],"author":[{"embeddable":true,"href":"https:\/\/akdenizhaber.com.tr\/index.php\/wp-json\/wp\/v2\/users\/2"}],"replies":[{"embeddable":true,"href":"https:\/\/akdenizhaber.com.tr\/index.php\/wp-json\/wp\/v2\/comments?post=28384"}],"version-history":[{"count":1,"href":"https:\/\/akdenizhaber.com.tr\/index.php\/wp-json\/wp\/v2\/posts\/28384\/revisions"}],"predecessor-version":[{"id":28389,"href":"https:\/\/akdenizhaber.com.tr\/index.php\/wp-json\/wp\/v2\/posts\/28384\/revisions\/28389"}],"wp:featuredmedia":[{"embeddable":true,"href":"https:\/\/akdenizhaber.com.tr\/index.php\/wp-json\/wp\/v2\/media\/28385"}],"wp:attachment":[{"href":"https:\/\/akdenizhaber.com.tr\/index.php\/wp-json\/wp\/v2\/media?parent=28384"}],"wp:term":[{"taxonomy":"category","embeddable":true,"href":"https:\/\/akdenizhaber.com.tr\/index.php\/wp-json\/wp\/v2\/categories?post=28384"},{"taxonomy":"post_tag","embeddable":true,"href":"https:\/\/akdenizhaber.com.tr\/index.php\/wp-json\/wp\/v2\/tags?post=28384"}],"curies":[{"name":"wp","href":"https:\/\/api.w.org\/{rel}","templated":true}]}}