{"id":28363,"date":"2025-04-17T15:59:26","date_gmt":"2025-04-17T12:59:26","guid":{"rendered":"https:\/\/akdenizhaber.com.tr\/?p=28363"},"modified":"2025-04-17T15:59:27","modified_gmt":"2025-04-17T12:59:27","slug":"karadan-mak-ekibine-destek-ziyareti","status":"publish","type":"post","link":"https:\/\/akdenizhaber.com.tr\/index.php\/2025\/04\/17\/karadan-mak-ekibine-destek-ziyareti\/","title":{"rendered":"Kara\u2019dan MAK Ekibine Destek Ziyareti"},"content":{"rendered":"\n<p>Manavgat Belediyesi, afetlere kar\u015f\u0131 bilin\u00e7li ve haz\u0131rl\u0131kl\u0131 bir toplum olu\u015fturma hedefi do\u011frultusunda ad\u0131mlar atmaya devam ediyor. Bu kapsamda, Manavgat Belediyesi Afet \u0130\u015fleri M\u00fcd\u00fcrl\u00fc\u011f\u00fc b\u00fcnyesinde kurulan Manavgat Arama Kurtarma Ekibi (MAK), afet ve acil durumlara y\u00f6nelik kapsaml\u0131 e\u011fitimlerini aral\u0131ks\u0131z s\u00fcrd\u00fcr\u00fcyor.<\/p>\n\n\n\n<p>MANAVGAT BELED\u0130YE BA\u015eKANI KARA\u2019DAN MAK EK\u0130B\u0130NE DESTEK Z\u0130YARET\u0130<\/p>\n\n\n\n<p>Manavgat Belediye Ba\u015fkan\u0131 Op. Dr. Niyazi Nefi Kara, \u0130brahim S\u00f6zen Gen\u00e7lik Merkezi\u2019nde devam eden MAK e\u011fitim faaliyetlerini ziyaret ederek ekibin teorik e\u011fitim s\u00fcrecine kat\u0131ld\u0131. E\u011fitmenlerden bilgi alan Ba\u015fkan Kara, g\u00f6n\u00fcll\u00fc belediye personellerinden olu\u015fan ekibin \u00f6zverili \u00e7al\u0131\u015fmalar\u0131n\u0131 takdirle kar\u015f\u0131lad\u0131\u011f\u0131n\u0131 belirtti.<\/p>\n\n\n\n<p>Ba\u015fkan Kara ziyaret s\u0131ras\u0131nda yapt\u0131\u011f\u0131 a\u00e7\u0131klamada, \u201cAfetler, her an kar\u015f\u0131m\u0131za \u00e7\u0131kabilecek ve ciddi sonu\u00e7lar do\u011furabilecek olaylard\u0131r. Bu t\u00fcr durumlarda h\u0131zl\u0131, bilin\u00e7li ve koordineli hareket etmek hayati \u00f6nem ta\u015f\u0131r. Belediyemiz b\u00fcnyesinde kurdu\u011fumuz MAK ekibi, bu sorumlulu\u011fun fark\u0131nda olarak b\u00fcy\u00fck bir \u00f6zveriyle e\u011fitimlerini s\u00fcrd\u00fcr\u00fcyor. Daha \u00f6nce b\u00fcy\u00fck afetlerle kar\u015f\u0131 kar\u015f\u0131ya kalm\u0131\u015f bir kentin sakinleriyiz. Amac\u0131m\u0131z, Manavgat\u2019\u0131 afetlere kar\u015f\u0131 daha diren\u00e7li hale getirmek ve toplumda fark\u0131ndal\u0131k olu\u015fturmak.\u201d dedi.<\/p>\n\n\n\n<p>Manavgat Belediyesi MAK Ekibi, tamamen g\u00f6n\u00fcll\u00fcl\u00fck esas\u0131na dayal\u0131 olarak belediye personellerince olu\u015fturulmu\u015f bir yap\u0131lanma.<\/p>\n\n\n\n<p>AFAD \u0130\u015e B\u0130RL\u0130\u011e\u0130YLE Y\u00dcR\u00dcT\u00dcLEN KAPSAMLI E\u011e\u0130T\u0130MLER<\/p>\n\n\n\n<p>Manavgat Arama Kurtarma Ekibi&#8217;nin e\u011fitimleri, Afet ve Acil Durum Y\u00f6netimi Ba\u015fkanl\u0131\u011f\u0131 (AFAD) ile koordineli bir \u015fekilde y\u00fcr\u00fct\u00fcl\u00fcyor. E\u011fitim program\u0131 kapsam\u0131nda; arama kurtarma teknikleri, g\u00fcvenlik prosed\u00fcrleri, enkazda m\u00fcdahale y\u00f6ntemleri, ilk yard\u0131m uygulamalar\u0131 ve afet psikolojisi gibi bir\u00e7ok konuda detayl\u0131 ve uygulamal\u0131 e\u011fitimler veriliyor.<\/p>\n\n\n\n<p>Manavgat Belediyesi \/ B\u00fclten<\/p>\n","protected":false},"excerpt":{"rendered":"<p>Manavgat Belediyesi, afetlere kar\u015f\u0131 bilin\u00e7li ve haz\u0131rl\u0131kl\u0131 bir toplum olu\u015fturma hedefi do\u011frultusunda ad\u0131mlar atmaya devam ediyor. Bu kapsamda, Manavgat Belediyesi Afet \u0130\u015fleri M\u00fcd\u00fcrl\u00fc\u011f\u00fc b\u00fcnyesinde kurulan <a href=\"https:\/\/akdenizhaber.com.tr\/index.php\/2025\/04\/17\/karadan-mak-ekibine-destek-ziyareti\/\" class=\"read-more-link\">[more&#8230;]<\/a><\/p>\n","protected":false},"author":2,"featured_media":28364,"comment_status":"open","ping_status":"open","sticky":false,"template":"","format":"standard","meta":{"footnotes":""},"categories":[2],"tags":[],"class_list":["post-28363","post","type-post","status-publish","format-standard","has-post-thumbnail","hentry","category-gundem"],"_links":{"self":[{"href":"https:\/\/akdenizhaber.com.tr\/index.php\/wp-json\/wp\/v2\/posts\/28363","targetHints":{"allow":["GET"]}}],"collection":[{"href":"https:\/\/akdenizhaber.com.tr\/index.php\/wp-json\/wp\/v2\/posts"}],"about":[{"href":"https:\/\/akdenizhaber.com.tr\/index.php\/wp-json\/wp\/v2\/types\/post"}],"author":[{"embeddable":true,"href":"https:\/\/akdenizhaber.com.tr\/index.php\/wp-json\/wp\/v2\/users\/2"}],"replies":[{"embeddable":true,"href":"https:\/\/akdenizhaber.com.tr\/index.php\/wp-json\/wp\/v2\/comments?post=28363"}],"version-history":[{"count":1,"href":"https:\/\/akdenizhaber.com.tr\/index.php\/wp-json\/wp\/v2\/posts\/28363\/revisions"}],"predecessor-version":[{"id":28365,"href":"https:\/\/akdenizhaber.com.tr\/index.php\/wp-json\/wp\/v2\/posts\/28363\/revisions\/28365"}],"wp:featuredmedia":[{"embeddable":true,"href":"https:\/\/akdenizhaber.com.tr\/index.php\/wp-json\/wp\/v2\/media\/28364"}],"wp:attachment":[{"href":"https:\/\/akdenizhaber.com.tr\/index.php\/wp-json\/wp\/v2\/media?parent=28363"}],"wp:term":[{"taxonomy":"category","embeddable":true,"href":"https:\/\/akdenizhaber.com.tr\/index.php\/wp-json\/wp\/v2\/categories?post=28363"},{"taxonomy":"post_tag","embeddable":true,"href":"https:\/\/akdenizhaber.com.tr\/index.php\/wp-json\/wp\/v2\/tags?post=28363"}],"curies":[{"name":"wp","href":"https:\/\/api.w.org\/{rel}","templated":true}]}}