{"id":28360,"date":"2025-04-17T15:57:13","date_gmt":"2025-04-17T12:57:13","guid":{"rendered":"https:\/\/akdenizhaber.com.tr\/?p=28360"},"modified":"2025-04-17T15:57:14","modified_gmt":"2025-04-17T12:57:14","slug":"chpli-aykut-kayadan-tbmmde-dunya-yorukler-gunu-mesaji-yoruk-kulturu-bu-milletin-canli-hafizasidir","status":"publish","type":"post","link":"https:\/\/akdenizhaber.com.tr\/index.php\/2025\/04\/17\/chpli-aykut-kayadan-tbmmde-dunya-yorukler-gunu-mesaji-yoruk-kulturu-bu-milletin-canli-hafizasidir\/","title":{"rendered":"CHP\u2019li Aykut Kaya\u2019dan TBMM\u2019de D\u00fcnya Y\u00f6r\u00fckler G\u00fcn\u00fc Mesaj\u0131: \u201cY\u00f6r\u00fck K\u00fclt\u00fcr\u00fc Bu Milletin Canl\u0131 Haf\u0131zas\u0131d\u0131r\u201d"},"content":{"rendered":"\n<p>Cumhuriyet Halk Partisi Antalya Milletvekili Aykut Kaya, T\u00fcrkiye B\u00fcy\u00fck Millet Meclisi\u2019nde d\u00fczenledi\u011fi bas\u0131n toplant\u0131s\u0131yla D\u00fcnya Y\u00f6r\u00fckler G\u00fcn\u00fc dolay\u0131s\u0131yla a\u00e7\u0131klamalarda bulundu. Kaya, Y\u00f6r\u00fck k\u00fclt\u00fcr\u00fcn\u00fcn T\u00fcrk milletinin kadim ge\u00e7mi\u015finden bug\u00fcne uzanan en g\u00fc\u00e7l\u00fc k\u00fclt\u00fcrel damarlar\u0131ndan biri oldu\u011funu vurgulad\u0131.<\/p>\n\n\n\n<p>\u201cY\u00f6r\u00fckler, Anadolu\u2019nun binlerce y\u0131ll\u0131k k\u00fclt\u00fcr\u00fcn\u00fc ya\u015fatan bu co\u011frafyan\u0131n canl\u0131 haf\u0131zas\u0131d\u0131r. Onlar yaln\u0131zca g\u00f6\u00e7ebe hayat s\u00fcren topluluklar de\u011fil; \u00fcretimin, do\u011fayla uyumun ve toplumsal dayan\u0131\u015fman\u0131n ya\u015fayan temsilcileridir,\u201d diyen Kaya, Y\u00f6r\u00fcklerin kar\u015f\u0131 kar\u015f\u0131ya oldu\u011fu ekonomik ve sosyal sorunlara da dikkat \u00e7ekti.<\/p>\n\n\n\n<p>Kaya a\u00e7\u0131klamas\u0131nda \u015fu ifadelere yer verdi:<\/p>\n\n\n\n<p>\u201cY\u00f6r\u00fck \u00e7ad\u0131r\u0131nda kilit yoktur. \u00c7\u00fcnk\u00fc Y\u00f6r\u00fc\u011f\u00fcn g\u00f6nl\u00fc de, \u00e7ad\u0131r\u0131 da, sofras\u0131 da herkese a\u00e7\u0131kt\u0131r.<\/p>\n\n\n\n<p>Y\u00f6r\u00fck obas\u0131nda ise liyakat esast\u0131r. Bir i\u015fi kim en iyi biliyorsa o yapar; bu bazen bir gen\u00e7, bazen bir aksakall\u0131 olabilir.<\/p>\n\n\n\n<p>Hayvanc\u0131l\u0131k, Y\u00f6r\u00fcklerimiz i\u00e7in insan can\u0131 kadar de\u011ferlidir. Bu nedenle hayvanc\u0131l\u0131\u011f\u0131 konu\u015furken yaln\u0131zca ekonomik bir sekt\u00f6r de\u011fil; k\u00f6kleri bu topraklara uzanan bir ya\u015fam bi\u00e7imini konu\u015fuyoruz.\u201d<\/p>\n\n\n\n<p>\u201cMera ve yayla yollar\u0131 kapan\u0131yor, \u00e7ad\u0131rlar izinsiz yap\u0131 say\u0131l\u0131yor\u201d<\/p>\n\n\n\n<p>Aykut Kaya, Y\u00f6r\u00fcklerin en temel sorunlar\u0131n\u0131 da ba\u015fl\u0131klar h\u00e2linde s\u0131ralad\u0131. Mera ve orman arazilerine eri\u015fimin k\u0131s\u0131tlanmas\u0131, yayla yollar\u0131n\u0131n kapat\u0131lmas\u0131, idari para cezalar\u0131, hayvanc\u0131l\u0131k desteklerinin yetersizli\u011fi ve sosyal g\u00fcvence eksikli\u011fi gibi konularda ya\u015fanan ma\u011fduriyetleri dile getirdi.<\/p>\n\n\n\n<p>\u201cOrman s\u0131n\u0131rlar\u0131 i\u00e7indeki yaylaklarda hayvan otlatan Y\u00f6r\u00fcklerimize idari para cezalar\u0131 kesiliyor, \u00e7ad\u0131rlar\u0131 izinsiz yap\u0131 say\u0131l\u0131yor. Orman yang\u0131nlar\u0131nda hayvanlar\u0131n\u0131 ve meralar\u0131n\u0131 kaybeden Y\u00f6r\u00fcklerimiz \u00e7o\u011fu zaman sahipsiz kal\u0131yor. Bu tabloyu kabul etmiyoruz,\u201d dedi.<\/p>\n\n\n\n<p>\u00c7\u00f6z\u00fcm \u00e7a\u011fr\u0131s\u0131 yapt\u0131<\/p>\n\n\n\n<p>CHP\u2019li Kaya, devletin Y\u00f6r\u00fck k\u00fclt\u00fcr\u00fcne ve \u00fcreticilere sahip \u00e7\u0131kmas\u0131 gerekti\u011fini belirterek be\u015f maddelik bir \u00e7a\u011fr\u0131da bulundu:<\/p>\n\n\n\n<p>1.Y\u00f6r\u00fcklerin mera ve g\u00f6\u00e7 yollar\u0131 korunmal\u0131, \u00e7ad\u0131rlar\u0131 de\u011fil k\u00fclt\u00fcrleri ya\u015fat\u0131lmal\u0131.<\/p>\n\n\n\n<p>2.Hayvanc\u0131l\u0131k destekleri k\u00fc\u00e7\u00fck \u00fcreticiyi ayakta tutacak seviyeye \u00e7\u0131kar\u0131lmal\u0131.<\/p>\n\n\n\n<p>3.SGK prim deste\u011fiyle \u00e7obanlar ve Y\u00f6r\u00fck aileleri sosyal g\u00fcvence alt\u0131na al\u0131nmal\u0131.<\/p>\n\n\n\n<p>4.Yaylalara g\u00fcne\u015f enerjisi, su altyap\u0131s\u0131 ve yol yat\u0131r\u0131mlar\u0131 sa\u011flanmal\u0131.<\/p>\n\n\n\n<p>5.Y\u00f6r\u00fck \u00e7ocuklar\u0131 i\u00e7in g\u00f6\u00e7er hayata uyumlu e\u011fitim modelleri geli\u015ftirilmelidir.<\/p>\n\n\n\n<p>\u201cY\u00f6r\u00fck k\u00fclt\u00fcr\u00fc gelece\u011fin de ta\u015f\u0131y\u0131c\u0131s\u0131d\u0131r\u201d<\/p>\n\n\n\n<p>Kaya s\u00f6zlerini \u015fu ifadelerle tamamlad\u0131:<\/p>\n\n\n\n<p>\u201cUnutulmamal\u0131d\u0131r ki: \u00d6z k\u00fclt\u00fcr\u00fcn\u00fc kaybeden devletler, zamanla kaybolur gider.<\/p>\n\n\n\n<p>T\u00fcrk k\u00fclt\u00fcr\u00fcn\u00fcn \u00f6z\u00fcn\u00fc olu\u015fturan en kadim damarlar\u0131ndan biri Y\u00f6r\u00fck k\u00fclt\u00fcr\u00fcd\u00fcr.<\/p>\n\n\n\n<p>Bu damar, sadece ge\u00e7mi\u015fin de\u011fil, gelece\u011fin de ta\u015f\u0131y\u0131c\u0131s\u0131d\u0131r.<\/p>\n\n\n\n<p>Al\u0131n teriyle do\u011faya, topra\u011fa, \u00fcretime de\u011fer katan t\u00fcm Y\u00f6r\u00fcklerimizin D\u00fcnya Y\u00f6r\u00fckler G\u00fcn\u00fc\u2019n\u00fc kutluyorum.\u201d<br>B\u00fc\u015fra Deveci \/ Haber<\/p>\n","protected":false},"excerpt":{"rendered":"<p>Cumhuriyet Halk Partisi Antalya Milletvekili Aykut Kaya, T\u00fcrkiye B\u00fcy\u00fck Millet Meclisi\u2019nde d\u00fczenledi\u011fi bas\u0131n toplant\u0131s\u0131yla D\u00fcnya Y\u00f6r\u00fckler G\u00fcn\u00fc dolay\u0131s\u0131yla a\u00e7\u0131klamalarda bulundu. Kaya, Y\u00f6r\u00fck k\u00fclt\u00fcr\u00fcn\u00fcn T\u00fcrk milletinin <a href=\"https:\/\/akdenizhaber.com.tr\/index.php\/2025\/04\/17\/chpli-aykut-kayadan-tbmmde-dunya-yorukler-gunu-mesaji-yoruk-kulturu-bu-milletin-canli-hafizasidir\/\" class=\"read-more-link\">[more&#8230;]<\/a><\/p>\n","protected":false},"author":2,"featured_media":28361,"comment_status":"open","ping_status":"open","sticky":false,"template":"","format":"standard","meta":{"footnotes":""},"categories":[2],"tags":[],"class_list":["post-28360","post","type-post","status-publish","format-standard","has-post-thumbnail","hentry","category-gundem"],"_links":{"self":[{"href":"https:\/\/akdenizhaber.com.tr\/index.php\/wp-json\/wp\/v2\/posts\/28360","targetHints":{"allow":["GET"]}}],"collection":[{"href":"https:\/\/akdenizhaber.com.tr\/index.php\/wp-json\/wp\/v2\/posts"}],"about":[{"href":"https:\/\/akdenizhaber.com.tr\/index.php\/wp-json\/wp\/v2\/types\/post"}],"author":[{"embeddable":true,"href":"https:\/\/akdenizhaber.com.tr\/index.php\/wp-json\/wp\/v2\/users\/2"}],"replies":[{"embeddable":true,"href":"https:\/\/akdenizhaber.com.tr\/index.php\/wp-json\/wp\/v2\/comments?post=28360"}],"version-history":[{"count":1,"href":"https:\/\/akdenizhaber.com.tr\/index.php\/wp-json\/wp\/v2\/posts\/28360\/revisions"}],"predecessor-version":[{"id":28362,"href":"https:\/\/akdenizhaber.com.tr\/index.php\/wp-json\/wp\/v2\/posts\/28360\/revisions\/28362"}],"wp:featuredmedia":[{"embeddable":true,"href":"https:\/\/akdenizhaber.com.tr\/index.php\/wp-json\/wp\/v2\/media\/28361"}],"wp:attachment":[{"href":"https:\/\/akdenizhaber.com.tr\/index.php\/wp-json\/wp\/v2\/media?parent=28360"}],"wp:term":[{"taxonomy":"category","embeddable":true,"href":"https:\/\/akdenizhaber.com.tr\/index.php\/wp-json\/wp\/v2\/categories?post=28360"},{"taxonomy":"post_tag","embeddable":true,"href":"https:\/\/akdenizhaber.com.tr\/index.php\/wp-json\/wp\/v2\/tags?post=28360"}],"curies":[{"name":"wp","href":"https:\/\/api.w.org\/{rel}","templated":true}]}}