{"id":28357,"date":"2025-04-17T15:51:20","date_gmt":"2025-04-17T12:51:20","guid":{"rendered":"https:\/\/akdenizhaber.com.tr\/?p=28357"},"modified":"2025-04-17T15:51:21","modified_gmt":"2025-04-17T12:51:21","slug":"cosar-antalya-arkeoloji-muzesinin-yikilmasi-kentin-hafizasina-vurulacak-kulturel-bir-darbedir","status":"publish","type":"post","link":"https:\/\/akdenizhaber.com.tr\/index.php\/2025\/04\/17\/cosar-antalya-arkeoloji-muzesinin-yikilmasi-kentin-hafizasina-vurulacak-kulturel-bir-darbedir\/","title":{"rendered":"Co\u015far, \u2018Antalya Arkeoloji M\u00fczesi\u2019nin y\u0131k\u0131lmas\u0131 kentin haf\u0131zas\u0131na vurulacak k\u00fclt\u00fcrel bir darbedir\u2019"},"content":{"rendered":"\n<p>Cumhuriyet Halk Partisi Antalya Milletvekili Aliye Co\u015far, depreme dayan\u0131ks\u0131z oldu\u011fu gerek\u00e7esi ile y\u0131k\u0131lmak istenen Antalya Arkeoloji M\u00fczesi\u2019nin verdi\u011fi soru \u00f6nergesi ile TBMM g\u00fcndemine ta\u015f\u0131d\u0131. K\u00fclt\u00fcr ve Turizm Bakan\u0131 Mehmet Nuri Ersoy\u2019un yan\u0131tlamas\u0131 istemiyle verilen soru \u00f6nerge sonras\u0131 yapt\u0131\u011f\u0131 a\u00e7\u0131klamada CHP\u2019li Co\u015far, Antalya\u2019n\u0131n k\u00fclt\u00fcrel miras\u0131 ve kent haf\u0131zas\u0131n\u0131n bir par\u00e7as\u0131 olarak g\u00f6r\u00fclen Antalya Arkeoloji M\u00fczesi\u2019nin y\u0131k\u0131lma \u00e7abas\u0131n\u0131n AKP\u2019nin yine yanda\u015flar\u0131na verdi\u011fi yeni rant projelerinin devam\u0131 oldu\u011funu belirtti. Co\u015far a\u00e7\u0131klamas\u0131n\u0131n devam\u0131nda \u015funlar\u0131 ifade etti;<\/p>\n\n\n\n<p>ANTALYA\u2019NIN CUMHUR\u0130YET M\u0130RASI, KENT\u0130N K\u00dcLT\u00dcREL DE\u011eER\u0130 HALKA RA\u011eMEN YIKILICAK<\/p>\n\n\n\n<p>\u201c1964 y\u0131l\u0131nda a\u00e7\u0131lan ulusal bir proje yar\u0131\u015fmas\u0131 ile tasarlanan, 1968-1971 y\u0131llar\u0131nda in\u015faat\u0131 s\u00fcren ve 1972 y\u0131l\u0131nda hizmete a\u00e7\u0131lan Antalya Arkeoloji M\u00fczesi, tarih boyunca bir\u00e7ok medeniyete ev sahipli\u011fi yapm\u0131\u015f Antalya\u2019n\u0131n k\u00fclt\u00fcrel miras\u0131n\u0131n y\u0131llarca korundu\u011fu ve sergilendi\u011fi, \u00e7a\u011fda\u015f mimarimizde bir kamu binas\u0131d\u0131r. \u00dclkemizin ulusal proje yar\u0131\u015fmas\u0131yla in\u015fa edilen ilk m\u00fczesi olan ve 1988\u2019de Avrupa Konseyi \u00d6zel \u00d6d\u00fcl\u00fc\u2019ne lay\u0131k g\u00f6r\u00fclen Antalya ile \u00f6zde\u015fle\u015fen, kentin simgesi olan ve hizmete girdi\u011fi g\u00fcnden g\u00fcn\u00fcm\u00fcze milyonlarca ziyaret\u00e7inin geldi\u011fi, \u00e7ok say\u0131da konferans, sergi ve etkinli\u011finde yap\u0131ld\u0131\u011f\u0131 Antalya Arkeoloji M\u00fczesi depreme dayan\u0131ks\u0131z oldu\u011fu gerek\u00e7esi ile y\u0131k\u0131laca\u011f\u0131 ve yerine yanda\u015f bir firma taraf\u0131ndan yap\u0131lan proje ile yeni m\u00fcze binas\u0131 in\u015fa edilece\u011fi iddia edilmektedir. Kentin tarihi dokusuna ve ge\u00e7mi\u015fine sahip \u00e7\u0131kan sivil toplum kurulu\u015flar\u0131ndan olan Antalya K\u00fclt\u00fcrel Miras Derne\u011fi, Antalya Arkeoloji M\u00fczesi\u2019nin k\u00fclt\u00fcr varl\u0131\u011f\u0131 olarak koruma alt\u0131na al\u0131nmas\u0131 talebiyle Antalya K\u00fclt\u00fcr Varl\u0131klar\u0131n\u0131 Koruma B\u00f6lge Kurulu\u2019na yapt\u0131\u011f\u0131 ba\u015fvurularda ne yaz\u0131k ki olumsuz sonu\u00e7lanm\u0131\u015ft\u0131r.\u201d<\/p>\n\n\n\n<p>ANTALYA ARKEOLOJ\u0130 M\u00dcZES\u0130\u2019N\u0130N YIKILMASI KENT HAFIZASINA VURULAN K\u00dcLT\u00dcREL B\u0130R DARBED\u0130R<\/p>\n\n\n\n<p>\u201cAntalya Arkeoloji M\u00fczesi\u2019nin \u00f6d\u00fcll\u00fc \u00f6zg\u00fcn mimarisinin korunarak restorasyonu ve depreme kar\u015f\u0131 g\u00fc\u00e7lendirilmesi yap\u0131larak koruma alt\u0131na al\u0131nmas\u0131 m\u00fcmk\u00fcnken, rant ve Cumhuriyetimizin \u00e7a\u011fda\u015f mimari \u00f6rne\u011fini yok etmek amac\u0131yla depreme dayan\u0131ks\u0131zl\u0131k gerek\u00e7esi ile Antalya Arkeoloji M\u00fczesi\u2019nin y\u0131k\u0131lmas\u0131 kentin haf\u0131zas\u0131na vurulacak k\u00fclt\u00fcrel bir darbedir. \u0130n\u015faat M\u00fchendisleri Odas\u0131 gibi ilgili meslek odalar\u0131 ile dahi mevcut m\u00fczenin yap\u0131 durumuna dair raporlar\u0131n payla\u015f\u0131lmad\u0131\u011f\u0131 bilinmekte, ilgili meslek kurulu\u015flar\u0131n\u0131n mevcut proje maliyetini y\u00fcksek buldu\u011fu ve mevcut m\u00fczenin g\u00fc\u00e7lendirilmesinin m\u00fcmk\u00fcn oldu\u011fu a\u00e7\u0131klamalar\u0131 kamuoyuna yans\u0131m\u0131\u015ft\u0131r. Mimarlarda Antalya Arkeoloji M\u00fczesi\u2019nin korunmas\u0131 gerekti\u011fini belirtmektedir. Antalya kamuoyu Antalya Arkeoloji M\u00fczesi\u2019nin y\u0131k\u0131lma karar\u0131n\u0131 kayg\u0131 ile takip etmekte ve bu yanl\u0131\u015f karardan vazge\u00e7ilmesini beklemektedir.\u201d<\/p>\n\n\n\n<p>ANTALYA ARKEOLOJ\u0130 M\u00dcZES\u0130\u2019NDE GEREK\u00c7E DEPREME DAYANIKSIZLIK MI YOKSA RANTA DAYANMASI MI?<\/p>\n\n\n\n<p>\u201cAKP iktidar\u0131 kentin tarihi ve k\u00fclt\u00fcrel haf\u0131zas\u0131n\u0131 yok etmek, yenisini yapma iddias\u0131 ile yeni rant kap\u0131lar\u0131 a\u00e7mak \u00fczerine kurulu bir d\u00fczen yaratm\u0131\u015ft\u0131r. K\u00fclt\u00fcr ve Turizm Bakan\u0131\u2019na ait otelin mimar\u0131 yeni m\u00fczenin projesini yap\u0131yor. \u00d6d\u00fcll\u00fc mimariye sahip m\u00fcze binas\u0131 yerine, yanda\u015flar \u00f6d\u00fcllendiriyor. 2 bu\u00e7uk milyar lira maliyetle yeni m\u00fcze binas\u0131 yapmak yerine, mevcut m\u00fczeyi depreme kar\u015f\u0131 g\u00fc\u00e7lendirmek ve restore etmek K\u00fclt\u00fcr ve Turizm Bakanl\u0131\u011f\u0131\u2019n\u0131n g\u00fcndemine gelmiyor. Kentin k\u00fclt\u00fcrel varl\u0131klar\u0131na sahip \u00e7\u0131kan Antalya halk\u0131 ve sivil toplum kurulu\u015flar\u0131n\u0131 yok sayan siyasi iktidar\u0131n atanm\u0131\u015f bakanlar\u0131 ve b\u00fcrokratlar\u0131 tarihimize dair yanl\u0131\u015f kararlar\u0131n alt\u0131na imza at\u0131yor. Antalya AKP iktidar\u0131n\u0131n talan ve rant i\u00e7in tarihini, do\u011fas\u0131n\u0131 ve k\u00fclt\u00fcr\u00fcn\u00fc yok edebilece\u011fi bir yer de\u011fildir. Antalya halk\u0131 tarihine, k\u00fclt\u00fcrel miras\u0131n\u0131 korumaya ve ona sahip \u00e7\u0131kmaya devam edecektir.\u201d&nbsp;<\/p>\n\n\n\n<p>CHP Antalya Milletvekili Aliye Co\u015far, verdi\u011fi soru \u00f6nergesinde bakanl\u0131\u011fa \u015fu sorular\u0131 y\u00f6neltti;<\/p>\n\n\n\n<p>\u00dclkemizin ulusal proje yar\u0131\u015fmas\u0131yla in\u015fa edilen ilk m\u00fczesi olan, \u00f6d\u00fcll\u00fc ve \u00f6zg\u00fcn mimarisi ile y\u0131llard\u0131r hizmet veren Antalya Arkeoloji M\u00fczesi hangi gerek\u00e7e ile Antalya K\u00fclt\u00fcr Varl\u0131klar\u0131n\u0131 Koruma B\u00f6lge Kurulu taraf\u0131ndan tescile de\u011fer bulunmam\u0131\u015f ve k\u00fclt\u00fcr varl\u0131\u011f\u0131 olarak koruma alt\u0131na al\u0131nmam\u0131\u015ft\u0131r?<\/p>\n\n\n\n<p>Antalya Arkeoloji M\u00fczesi\u2019nin y\u0131k\u0131larak yerine 2-2,5 milyar T\u00fcrk Liras\u0131 bedelle yeni bir m\u00fcze binas\u0131 yap\u0131laca\u011f\u0131 K\u00fclt\u00fcr Varl\u0131klar\u0131 ve M\u00fczeler Genel M\u00fcd\u00fcr\u00fc Birol \u0130ncecik\u00f6z taraf\u0131ndan a\u00e7\u0131klanm\u0131\u015ft\u0131r, yeni m\u00fcze yapmak yerine bu maliyetin alt\u0131nda mevcut m\u00fczenin restorasyon ve depreme kar\u015f\u0131 g\u00fc\u00e7lendirilmesi \u00e7al\u0131\u015fmas\u0131na dair bakanl\u0131\u011f\u0131n\u0131z bir \u00e7al\u0131\u015fma yapm\u0131\u015f m\u0131d\u0131r? Yapm\u0131\u015f ise bu \u00e7al\u0131\u015fman\u0131n maliyet dahil, teknik detaylar\u0131 nedir?<\/p>\n\n\n\n<p>Antalya Arkeoloji M\u00fczesi\u2019nin yerine yeni yap\u0131lacak m\u00fcze binas\u0131 i\u00e7in K\u00fclt\u00fcr ve Turizm Bakan\u0131 Mehmet Nuri Ersoy\u2019a ait oldu\u011fu bilinen bir otelinde mimari olan bir mimarl\u0131k ofisinin se\u00e7ilme nedeni nedir? Yeni Antalya Arkeoloji M\u00fczesi projesi i\u00e7in mimarl\u0131k firmas\u0131na ne kadar \u00f6deme yap\u0131lm\u0131\u015ft\u0131r?&nbsp;<\/p>\n\n\n\n<p>Mimarisi ile Cumhuriyet tarihinin \u00f6nemli bir yap\u0131s\u0131 olan Antalya Arkeoloji M\u00fczesi\u2019nin k\u00fclt\u00fcr miras\u0131 olarak g\u00f6r\u00fclmemesi \u00fczerine y\u0131k\u0131lacak olmas\u0131 Antalya halk\u0131n\u0131n ve sivil toplum kurulu\u015flar\u0131n\u0131n hakl\u0131 tepkisini \u00e7ekmektedir, kamuoyunun tepkisine ra\u011fmen Antalya Arkeoloji M\u00fczesi\u2019nin y\u0131k\u0131lmas\u0131nda \u0131srar edecek misiniz?<\/p>\n\n\n\n<p>Tan\u0131t\u0131m toplant\u0131s\u0131 yap\u0131lan yeni Antalya Arkeoloji M\u00fczesi in\u015faat\u0131n\u0131 hangi firma yapacakt\u0131r? Bu firmaya \u00f6denecek tutar nedir? Bu firma daha \u00f6nce bakanl\u0131\u011f\u0131n\u0131za ba\u011fl\u0131 hangi projeleri yapm\u0131\u015f ya da yap\u0131m\u0131na devam etmektedir?<br>Haber Merkezi<\/p>\n","protected":false},"excerpt":{"rendered":"<p>Cumhuriyet Halk Partisi Antalya Milletvekili Aliye Co\u015far, depreme dayan\u0131ks\u0131z oldu\u011fu gerek\u00e7esi ile y\u0131k\u0131lmak istenen Antalya Arkeoloji M\u00fczesi\u2019nin verdi\u011fi soru \u00f6nergesi ile TBMM g\u00fcndemine ta\u015f\u0131d\u0131. K\u00fclt\u00fcr <a href=\"https:\/\/akdenizhaber.com.tr\/index.php\/2025\/04\/17\/cosar-antalya-arkeoloji-muzesinin-yikilmasi-kentin-hafizasina-vurulacak-kulturel-bir-darbedir\/\" class=\"read-more-link\">[more&#8230;]<\/a><\/p>\n","protected":false},"author":2,"featured_media":28358,"comment_status":"open","ping_status":"open","sticky":false,"template":"","format":"standard","meta":{"footnotes":""},"categories":[2],"tags":[],"class_list":["post-28357","post","type-post","status-publish","format-standard","has-post-thumbnail","hentry","category-gundem"],"_links":{"self":[{"href":"https:\/\/akdenizhaber.com.tr\/index.php\/wp-json\/wp\/v2\/posts\/28357","targetHints":{"allow":["GET"]}}],"collection":[{"href":"https:\/\/akdenizhaber.com.tr\/index.php\/wp-json\/wp\/v2\/posts"}],"about":[{"href":"https:\/\/akdenizhaber.com.tr\/index.php\/wp-json\/wp\/v2\/types\/post"}],"author":[{"embeddable":true,"href":"https:\/\/akdenizhaber.com.tr\/index.php\/wp-json\/wp\/v2\/users\/2"}],"replies":[{"embeddable":true,"href":"https:\/\/akdenizhaber.com.tr\/index.php\/wp-json\/wp\/v2\/comments?post=28357"}],"version-history":[{"count":1,"href":"https:\/\/akdenizhaber.com.tr\/index.php\/wp-json\/wp\/v2\/posts\/28357\/revisions"}],"predecessor-version":[{"id":28359,"href":"https:\/\/akdenizhaber.com.tr\/index.php\/wp-json\/wp\/v2\/posts\/28357\/revisions\/28359"}],"wp:featuredmedia":[{"embeddable":true,"href":"https:\/\/akdenizhaber.com.tr\/index.php\/wp-json\/wp\/v2\/media\/28358"}],"wp:attachment":[{"href":"https:\/\/akdenizhaber.com.tr\/index.php\/wp-json\/wp\/v2\/media?parent=28357"}],"wp:term":[{"taxonomy":"category","embeddable":true,"href":"https:\/\/akdenizhaber.com.tr\/index.php\/wp-json\/wp\/v2\/categories?post=28357"},{"taxonomy":"post_tag","embeddable":true,"href":"https:\/\/akdenizhaber.com.tr\/index.php\/wp-json\/wp\/v2\/tags?post=28357"}],"curies":[{"name":"wp","href":"https:\/\/api.w.org\/{rel}","templated":true}]}}