{"id":28335,"date":"2025-04-14T16:14:45","date_gmt":"2025-04-14T13:14:45","guid":{"rendered":"https:\/\/akdenizhaber.com.tr\/?p=28335"},"modified":"2025-04-14T16:14:45","modified_gmt":"2025-04-14T13:14:45","slug":"manzara","status":"publish","type":"post","link":"https:\/\/akdenizhaber.com.tr\/index.php\/2025\/04\/14\/manzara\/","title":{"rendered":"MANZARA\u2026"},"content":{"rendered":"\n<figure class=\"wp-block-image size-large\"><img loading=\"lazy\" decoding=\"async\" width=\"1024\" height=\"750\" src=\"https:\/\/akdenizhaber.com.tr\/wp-content\/uploads\/2025\/04\/9de7f75e-6ca4-4fe9-9755-9bcae3cdb424-1024x750.jpg\" alt=\"\" class=\"wp-image-28336\" srcset=\"https:\/\/akdenizhaber.com.tr\/wp-content\/uploads\/2025\/04\/9de7f75e-6ca4-4fe9-9755-9bcae3cdb424-1024x750.jpg 1024w, https:\/\/akdenizhaber.com.tr\/wp-content\/uploads\/2025\/04\/9de7f75e-6ca4-4fe9-9755-9bcae3cdb424-300x220.jpg 300w, https:\/\/akdenizhaber.com.tr\/wp-content\/uploads\/2025\/04\/9de7f75e-6ca4-4fe9-9755-9bcae3cdb424-768x562.jpg 768w, https:\/\/akdenizhaber.com.tr\/wp-content\/uploads\/2025\/04\/9de7f75e-6ca4-4fe9-9755-9bcae3cdb424.jpg 1440w\" sizes=\"auto, (max-width: 1024px) 100vw, 1024px\" \/><\/figure>\n\n\n\n<p>Yukar\u0131daki resim T\u00fcrkiye\u2019nin bir k\u00f6y\u00fcnde, il\u00e7esinde,ilinde \u00e7ekilen, asl\u0131nda hemen her \u015fehrin de , k\u00f6y\u00fcnde poz verilip de \u00e7ekilmeyi bekleyen ,ac\u0131 ,bir o kadar d\u00fc\u015f\u00fcnd\u00fcr\u00fcc\u00fc, utand\u0131r\u0131c\u0131 ger\u00e7eklerden birisi..<\/p>\n\n\n\n<p>Televizyonlar da canl\u0131 olarak g\u00f6sterilen, sosyal medyada b\u0131kmadan usanmadan tekrar edilen,her cuma hutbesinde uzun uzun ac\u0131nd\u0131r\u0131larak anlat\u0131lan , ba\u011f\u0131\u015f istenenler de\u011fil bunlar..<\/p>\n\n\n\n<p>Bunlar ne Filistinli,ne Suriyeli,ne Gazze\u2019li ,ne Afrika\u2019n\u0131n bilmem neresi de\u011fil..<\/p>\n\n\n\n<p>Bunlar yukar\u0131daki sayd\u0131\u011f\u0131m \u00fclkelere yard\u0131m etmeyi marifet sayanlar\u0131n unuttu\u011fu, hi\u00e7 ak\u0131llar\u0131na getirmedi\u011fi, adeta \u00fcvey evlat muamelesi yapt\u0131klar\u0131 T\u00fcrkiye\u2019nin ger\u00e7ek sahipleri, asil T\u00fcrk milletinin \u00e7ileke\u015f evlatlar\u0131.<\/p>\n\n\n\n<p>Hani ,askerlik olunca ko\u015fa ko\u015fa giden..<\/p>\n\n\n\n<p>Vergi olunca fazlas\u0131 ile al\u0131nan .<\/p>\n\n\n\n<p>Hemen her yerde hor g\u00f6r\u00fclen..<\/p>\n\n\n\n<p>\u0130smi hemen her yerden silinmek istenen; T\u00fcrk milletinin evlatlar\u0131..<\/p>\n\n\n\n<p>Onlar kendi ya\u011flar\u0131 ile kavrulan, kendi \u00fcretimleri ile ge\u00e7inip giden, az\u0131c\u0131k a\u015f\u0131m huzurlu sa\u011fl\u0131kl\u0131 ba\u015f\u0131m&#8230; diyenler .<\/p>\n\n\n\n<p>Onlar kara tencerede pi\u015firip bir \u00e7anak da on karde\u015f, ana baba, ebe dede ile yemek yiyip Allah a \u015f\u00fck\u00fcr edenler .<\/p>\n\n\n\n<p>Onlar bu\u011fday\u0131n\u0131,m\u0131s\u0131r\u0131n\u0131 ,kuru fasulyesini ,taze fasulyesini ,zeytinini kendi yeti\u015ftirip yiyenler ..<\/p>\n\n\n\n<p>\u0130ne\u011fini ,koyununu , ke\u00e7isini, tavu\u011funu kendi yeti\u015ftirip etini , yumurtas\u0131n\u0131 yiyenler, s\u00fct\u00fcn\u00fc i\u00e7enler..<\/p>\n\n\n\n<p>Onlar koyunlar\u0131n y\u00fcn\u00fcnden, ke\u00e7ilerin k\u0131l\u0131ndan ke\u00e7e,kilim ,hal\u0131 ,kuma\u015f,sicim dokuyanlar..<\/p>\n\n\n\n<p>Onlar ovalar\u0131nda kan d\u00fc\u015fse can f\u0131\u015fk\u0131racak, da\u011flar\u0131nda s\u00fcr\u00fcler dola\u015fan, g\u00f6ky\u00fcz\u00fcnde kartallar, akbabalar, keklikler u\u00e7u\u015fan, tav\u015fanlar, ceylanlar dola\u015fan bir \u00fclkenin evlatlar\u0131..<\/p>\n\n\n\n<p>\u00dc\u00e7 taraf\u0131 denizlerle \u00e7evrili, masmavi \u0131rmaklar\u0131, g\u00f6lleri olan,her \u015feyi ile kendi kendine yeten yer y\u00fcz\u00fc cenneti bir vatan\u0131n evlatlar\u0131.<\/p>\n\n\n\n<p>En b\u00fcy\u00fck al\u0131\u015fkanl\u0131klar\u0131 , \u00e7ay kahve,sigara t\u00fct\u00fcn..<\/p>\n\n\n\n<p>En k\u00f6t\u00fcs\u00fc denilebilirde , rak\u0131 , \u015farap i\u00e7mek olan ; tertemiz insanlard\u0131 .<\/p>\n\n\n\n<p>Ne oldu, neler oldu da her \u015fey tersine d\u00f6nd\u00fc, d\u00f6nd\u00fcr\u00fcld\u00fc, bu g\u00fczel \u00fclke bir anda yokluklar \u00fclkesine d\u00f6nd\u00fc?<\/p>\n\n\n\n<p>Ne ara \u00fclkenin y\u00fczde onu ba\u011f\u0131ml\u0131 hale geldi?<\/p>\n\n\n\n<p>Ne ara bu g\u00fczel \u00fclkenin ger\u00e7ek sahipleri \u00fcvey evlat durumuna d\u00fc\u015fer,elin yabanc\u0131lar\u0131 el \u00fcst\u00fcnde tutulur oldu..<\/p>\n\n\n\n<p>Ne ara \u00fclkenin t\u00fcm gelirleri oluk oluk elin yabanc\u0131lar\u0131na ak\u0131t\u0131l\u0131r oldu?<\/p>\n\n\n\n<p>Sahi,\u00f6nce \u00fclkem,\u00f6nce T\u00fcrk milleti..diyenlere ne oldu?<\/p>\n\n\n\n<p>Uzun laf\u0131n k\u0131sas\u0131; Cennet vatan T\u00fcrkiye..<\/p>\n\n\n\n<p>T\u00fcrk milletine ne zaman ve nas\u0131l cehenneme d\u00f6nd\u00fc?<\/p>\n\n\n\n<p><\/p>\n","protected":false},"excerpt":{"rendered":"<p>Yukar\u0131daki resim T\u00fcrkiye\u2019nin bir k\u00f6y\u00fcnde, il\u00e7esinde,ilinde \u00e7ekilen, asl\u0131nda hemen her \u015fehrin de , k\u00f6y\u00fcnde poz verilip de \u00e7ekilmeyi bekleyen ,ac\u0131 ,bir o kadar d\u00fc\u015f\u00fcnd\u00fcr\u00fcc\u00fc, utand\u0131r\u0131c\u0131 <a href=\"https:\/\/akdenizhaber.com.tr\/index.php\/2025\/04\/14\/manzara\/\" class=\"read-more-link\">[more&#8230;]<\/a><\/p>\n","protected":false},"author":2,"featured_media":28252,"comment_status":"open","ping_status":"open","sticky":false,"template":"","format":"standard","meta":{"footnotes":""},"categories":[2],"tags":[],"class_list":["post-28335","post","type-post","status-publish","format-standard","has-post-thumbnail","hentry","category-gundem"],"_links":{"self":[{"href":"https:\/\/akdenizhaber.com.tr\/index.php\/wp-json\/wp\/v2\/posts\/28335","targetHints":{"allow":["GET"]}}],"collection":[{"href":"https:\/\/akdenizhaber.com.tr\/index.php\/wp-json\/wp\/v2\/posts"}],"about":[{"href":"https:\/\/akdenizhaber.com.tr\/index.php\/wp-json\/wp\/v2\/types\/post"}],"author":[{"embeddable":true,"href":"https:\/\/akdenizhaber.com.tr\/index.php\/wp-json\/wp\/v2\/users\/2"}],"replies":[{"embeddable":true,"href":"https:\/\/akdenizhaber.com.tr\/index.php\/wp-json\/wp\/v2\/comments?post=28335"}],"version-history":[{"count":1,"href":"https:\/\/akdenizhaber.com.tr\/index.php\/wp-json\/wp\/v2\/posts\/28335\/revisions"}],"predecessor-version":[{"id":28337,"href":"https:\/\/akdenizhaber.com.tr\/index.php\/wp-json\/wp\/v2\/posts\/28335\/revisions\/28337"}],"wp:featuredmedia":[{"embeddable":true,"href":"https:\/\/akdenizhaber.com.tr\/index.php\/wp-json\/wp\/v2\/media\/28252"}],"wp:attachment":[{"href":"https:\/\/akdenizhaber.com.tr\/index.php\/wp-json\/wp\/v2\/media?parent=28335"}],"wp:term":[{"taxonomy":"category","embeddable":true,"href":"https:\/\/akdenizhaber.com.tr\/index.php\/wp-json\/wp\/v2\/categories?post=28335"},{"taxonomy":"post_tag","embeddable":true,"href":"https:\/\/akdenizhaber.com.tr\/index.php\/wp-json\/wp\/v2\/tags?post=28335"}],"curies":[{"name":"wp","href":"https:\/\/api.w.org\/{rel}","templated":true}]}}