{"id":28284,"date":"2025-04-10T16:48:43","date_gmt":"2025-04-10T13:48:43","guid":{"rendered":"https:\/\/akdenizhaber.com.tr\/?p=28284"},"modified":"2025-04-10T16:48:44","modified_gmt":"2025-04-10T13:48:44","slug":"manavgat-belediyesporda-hedef-galibiyet","status":"publish","type":"post","link":"https:\/\/akdenizhaber.com.tr\/index.php\/2025\/04\/10\/manavgat-belediyesporda-hedef-galibiyet\/","title":{"rendered":"Manavgat Belediyespor\u2019da Hedef Galibiyet"},"content":{"rendered":"\n<p>B\u00f6lgesel Amat\u00f6r Lig (BAL) 6. Grup\u2019ta \u015fampiyonluk yar\u0131\u015f\u0131n\u0131 s\u00fcrd\u00fcren Manavgat Belediyespor deplasmanda Mezitlispor 33 ile kar\u015f\u0131la\u015facak.<\/p>\n\n\n\n<p>\u015eampiyonluk yar\u0131\u015f\u0131ndan kopmamak i\u00e7in deplasmana mutlak \u00fc\u00e7 puan parolas\u0131yla haz\u0131rl\u0131klar\u0131n\u0131 s\u00fcrd\u00fcr\u00fcyor.<\/p>\n\n\n\n<p>Ligde 44 puanla 4 s\u0131rada bulunan Mezitli 33 spor ise playofflara kat\u0131lmay\u0131 hedefliyor.<\/p>\n\n\n\n<p>Kritik ma\u00e7 \u00f6ncesi \u00e7al\u0131\u015fmalar\u0131na a\u011f\u0131rl\u0131k veren Manavgat Belediyespor Mezitli 33 kar\u015f\u0131s\u0131nda alaca\u011f\u0131 galibiyetle 20 Nisanda kendi saha ve seyircisi \u00f6n\u00fcnde Eski\u015fehirspor kar\u015f\u0131s\u0131nda ipi g\u00f6\u011f\u00fcslemek ve \u015fampiyon olmak istiyor.<\/p>\n\n\n\n<p>Manavgat Belediyespor, ligin 23. haftas\u0131nda 13 Nisan Pazar g\u00fcn\u00fc Mezitli 33 Spor kar\u015f\u0131s\u0131nda alaca\u011f\u0131 galibiyetle yar\u0131\u015ftan kopmamak ad\u0131na sahaya \u00e7\u0131karak Manavgat\u2019a galibiyetle d\u00f6nmek i\u00e7in haz\u0131rl\u0131klar\u0131n\u0131 s\u00fcrd\u00fcr\u00fcrken teknik ekibin bu kar\u015f\u0131la\u015fmay\u0131 \u00e7ok s\u0131k\u0131 tuttu\u011fu ve al\u0131nacak galibiyet sonras\u0131 \u015fampiyonlu\u011fa bir ad\u0131m daha yakla\u015f\u0131laca\u011f\u0131 konusunda hem fikir olduklar\u0131 \u00f6\u011frenildi.<\/p>\n\n\n\n<p>B\u00fc\u015fra Deveci \/ Haber<\/p>\n","protected":false},"excerpt":{"rendered":"<p>B\u00f6lgesel Amat\u00f6r Lig (BAL) 6. Grup\u2019ta \u015fampiyonluk yar\u0131\u015f\u0131n\u0131 s\u00fcrd\u00fcren Manavgat Belediyespor deplasmanda Mezitlispor 33 ile kar\u015f\u0131la\u015facak. \u015eampiyonluk yar\u0131\u015f\u0131ndan kopmamak i\u00e7in deplasmana mutlak \u00fc\u00e7 puan parolas\u0131yla <a href=\"https:\/\/akdenizhaber.com.tr\/index.php\/2025\/04\/10\/manavgat-belediyesporda-hedef-galibiyet\/\" class=\"read-more-link\">[more&#8230;]<\/a><\/p>\n","protected":false},"author":2,"featured_media":28287,"comment_status":"open","ping_status":"open","sticky":false,"template":"","format":"standard","meta":{"footnotes":""},"categories":[2],"tags":[],"class_list":["post-28284","post","type-post","status-publish","format-standard","has-post-thumbnail","hentry","category-gundem"],"_links":{"self":[{"href":"https:\/\/akdenizhaber.com.tr\/index.php\/wp-json\/wp\/v2\/posts\/28284","targetHints":{"allow":["GET"]}}],"collection":[{"href":"https:\/\/akdenizhaber.com.tr\/index.php\/wp-json\/wp\/v2\/posts"}],"about":[{"href":"https:\/\/akdenizhaber.com.tr\/index.php\/wp-json\/wp\/v2\/types\/post"}],"author":[{"embeddable":true,"href":"https:\/\/akdenizhaber.com.tr\/index.php\/wp-json\/wp\/v2\/users\/2"}],"replies":[{"embeddable":true,"href":"https:\/\/akdenizhaber.com.tr\/index.php\/wp-json\/wp\/v2\/comments?post=28284"}],"version-history":[{"count":1,"href":"https:\/\/akdenizhaber.com.tr\/index.php\/wp-json\/wp\/v2\/posts\/28284\/revisions"}],"predecessor-version":[{"id":28288,"href":"https:\/\/akdenizhaber.com.tr\/index.php\/wp-json\/wp\/v2\/posts\/28284\/revisions\/28288"}],"wp:featuredmedia":[{"embeddable":true,"href":"https:\/\/akdenizhaber.com.tr\/index.php\/wp-json\/wp\/v2\/media\/28287"}],"wp:attachment":[{"href":"https:\/\/akdenizhaber.com.tr\/index.php\/wp-json\/wp\/v2\/media?parent=28284"}],"wp:term":[{"taxonomy":"category","embeddable":true,"href":"https:\/\/akdenizhaber.com.tr\/index.php\/wp-json\/wp\/v2\/categories?post=28284"},{"taxonomy":"post_tag","embeddable":true,"href":"https:\/\/akdenizhaber.com.tr\/index.php\/wp-json\/wp\/v2\/tags?post=28284"}],"curies":[{"name":"wp","href":"https:\/\/api.w.org\/{rel}","templated":true}]}}