{"id":28282,"date":"2025-04-10T16:47:06","date_gmt":"2025-04-10T13:47:06","guid":{"rendered":"https:\/\/akdenizhaber.com.tr\/?p=28282"},"modified":"2025-04-10T16:47:06","modified_gmt":"2025-04-10T13:47:06","slug":"manavgatta-beyin-damar-hastaliklari-semineri","status":"publish","type":"post","link":"https:\/\/akdenizhaber.com.tr\/index.php\/2025\/04\/10\/manavgatta-beyin-damar-hastaliklari-semineri\/","title":{"rendered":"Manavgat\u2019ta Beyin Damar Hastal\u0131klar\u0131 Semineri"},"content":{"rendered":"\n<p>D\u00fcnya Sa\u011fl\u0131k Haftas\u0131 kapsam\u0131nda Manavgat Belediyesi taraf\u0131ndan d\u00fczenlenen \u201cGizli Tehlike: \u0130nme, Beyin Damar Hastal\u0131klar\u0131 Tan\u0131 ve Tedavisi\u201d ba\u015fl\u0131kl\u0131 seminer, Manavgat Atat\u00fcrk K\u00fclt\u00fcr Merkezi&#8217;nde ger\u00e7ekle\u015fti. Seminere, Manavgat Belediye Ba\u015fkan\u0131 Op. Dr. Niyazi Nefi Kara ile e\u015fi Dr. Hacer Ceyhan Kara ve y\u00fczlerce vatanda\u015f kat\u0131l\u0131m sa\u011flad\u0131.<\/p>\n\n\n\n<p>Seminerde Giri\u015fimsel N\u00f6roloji Uzman\u0131 Uzm. Dr. Elif Sar\u0131\u00f6nder Gencer, inme ve beyin-damar hastal\u0131klar\u0131n\u0131n nedenleri, risk fakt\u00f6rleri, erken tan\u0131 y\u00f6ntemleri ve tedavi s\u00fcre\u00e7leri hakk\u0131nda detayl\u0131 bilgiler sundu.<\/p>\n\n\n\n<p>\u201cB\u00dcY\u00dcK B\u0130R \u015eANS\u201d<\/p>\n\n\n\n<p>Manavgat Belediye Ba\u015fkan\u0131 Op. Dr. Niyazi Nefi Kara, meslekta\u015f\u0131 olan Uzm. Dr. Elif Sar\u0131\u00f6nder Gencer\u2019in bilgi ve tecr\u00fcbelerini payla\u015fmas\u0131n\u0131n \u00f6nemine vurgu yapt\u0131. Ba\u015fkan Kara, \u201cElif Han\u0131m ile asistanl\u0131\u011f\u0131ndan bu yana tan\u0131\u015f\u0131yoruz ve kendisi \u00e7ok takdir etti\u011fim bir meslekta\u015f\u0131m. N\u00f6rolojinin bir\u00e7ok b\u00f6l\u00fcm\u00fc var ancak inme ve fel\u00e7 konular\u0131nda en g\u00fcvendi\u011fimiz doktorlar\u0131m\u0131zdan biri kendisidir. Bu alanda \u00e7al\u0131\u015fan hekimlerimizin say\u0131s\u0131 olduk\u00e7a az ve ger\u00e7ekten \u00e7ok \u00f6nemli bir bran\u015f. Kendisine verdi\u011fi k\u0131ymetli bilgiler i\u00e7in te\u015fekk\u00fcr ederim. Burada olmas\u0131, sadece sizler i\u00e7in de\u011fil bizim i\u00e7in de b\u00fcy\u00fck bir \u015fans.\u201d ifadelerini kulland\u0131.<\/p>\n\n\n\n<p>GENCER: \u201cERKEN TANI VE TEDAV\u0130 HAYAT KURTARIR\u201d<\/p>\n\n\n\n<p>Seminerin sonunda Uzm. Dr. Elif Sar\u0131\u00f6nder Gencer, Manavgat Belediyesi\u2019ne te\u015fekk\u00fcrlerini sunarak \u015funlar\u0131 ifade etti:<\/p>\n\n\n\n<p>\u201cManavgat Belediyesi\u2019nin nazik daveti ve Nefi Bey\u2019in destekleri sayesinde inme hastal\u0131\u011f\u0131, yani beyin krizi hakk\u0131nda kapsaml\u0131 bir toplant\u0131 ger\u00e7ekle\u015ftirdik. Beyin krizi, \u00fclkemizde ve d\u00fcnyada en \u00e7ok sakatl\u0131k ve \u00f6l\u00fcm nedeni olan hastal\u0131klardan biridir. Ancak erken tan\u0131 ve tedavi ile bir\u00e7ok hastan\u0131n hayat\u0131 kurtar\u0131labilir ve sakatl\u0131k oran\u0131 b\u00fcy\u00fck \u00f6l\u00e7\u00fcde azalt\u0131labilir. Manavgat Belediyesi\u2019ne nazik davetleri i\u00e7in te\u015fekk\u00fcr ederim.\u201d<\/p>\n\n\n\n<p>Seminerin sonunda Manavgat Belediye Ba\u015fkan\u0131 Op. Dr. Niyazi Nefi Kara, verdi\u011fi k\u0131ymetli bilgiler i\u00e7in Uzm. Dr. Elif Sar\u0131\u00f6nder Gencer\u2019e plaket ve \u00e7i\u00e7ek takdim etti.<\/p>\n\n\n\n<p>Manavgat Belediyesi \/ B\u00fclten<\/p>\n","protected":false},"excerpt":{"rendered":"<p>D\u00fcnya Sa\u011fl\u0131k Haftas\u0131 kapsam\u0131nda Manavgat Belediyesi taraf\u0131ndan d\u00fczenlenen \u201cGizli Tehlike: \u0130nme, Beyin Damar Hastal\u0131klar\u0131 Tan\u0131 ve Tedavisi\u201d ba\u015fl\u0131kl\u0131 seminer, Manavgat Atat\u00fcrk K\u00fclt\u00fcr Merkezi&#8217;nde ger\u00e7ekle\u015fti. Seminere, <a href=\"https:\/\/akdenizhaber.com.tr\/index.php\/2025\/04\/10\/manavgatta-beyin-damar-hastaliklari-semineri\/\" class=\"read-more-link\">[more&#8230;]<\/a><\/p>\n","protected":false},"author":2,"featured_media":28283,"comment_status":"open","ping_status":"open","sticky":false,"template":"","format":"standard","meta":{"footnotes":""},"categories":[2],"tags":[],"class_list":["post-28282","post","type-post","status-publish","format-standard","has-post-thumbnail","hentry","category-gundem"],"_links":{"self":[{"href":"https:\/\/akdenizhaber.com.tr\/index.php\/wp-json\/wp\/v2\/posts\/28282","targetHints":{"allow":["GET"]}}],"collection":[{"href":"https:\/\/akdenizhaber.com.tr\/index.php\/wp-json\/wp\/v2\/posts"}],"about":[{"href":"https:\/\/akdenizhaber.com.tr\/index.php\/wp-json\/wp\/v2\/types\/post"}],"author":[{"embeddable":true,"href":"https:\/\/akdenizhaber.com.tr\/index.php\/wp-json\/wp\/v2\/users\/2"}],"replies":[{"embeddable":true,"href":"https:\/\/akdenizhaber.com.tr\/index.php\/wp-json\/wp\/v2\/comments?post=28282"}],"version-history":[{"count":1,"href":"https:\/\/akdenizhaber.com.tr\/index.php\/wp-json\/wp\/v2\/posts\/28282\/revisions"}],"predecessor-version":[{"id":28285,"href":"https:\/\/akdenizhaber.com.tr\/index.php\/wp-json\/wp\/v2\/posts\/28282\/revisions\/28285"}],"wp:featuredmedia":[{"embeddable":true,"href":"https:\/\/akdenizhaber.com.tr\/index.php\/wp-json\/wp\/v2\/media\/28283"}],"wp:attachment":[{"href":"https:\/\/akdenizhaber.com.tr\/index.php\/wp-json\/wp\/v2\/media?parent=28282"}],"wp:term":[{"taxonomy":"category","embeddable":true,"href":"https:\/\/akdenizhaber.com.tr\/index.php\/wp-json\/wp\/v2\/categories?post=28282"},{"taxonomy":"post_tag","embeddable":true,"href":"https:\/\/akdenizhaber.com.tr\/index.php\/wp-json\/wp\/v2\/tags?post=28282"}],"curies":[{"name":"wp","href":"https:\/\/api.w.org\/{rel}","templated":true}]}}