{"id":28279,"date":"2025-04-10T16:46:19","date_gmt":"2025-04-10T13:46:19","guid":{"rendered":"https:\/\/akdenizhaber.com.tr\/?p=28279"},"modified":"2025-04-10T16:46:20","modified_gmt":"2025-04-10T13:46:20","slug":"manavgat-belediyesi-tenis-kulubu-sporcusu-turkiye-sampiyonu-oldu","status":"publish","type":"post","link":"https:\/\/akdenizhaber.com.tr\/index.php\/2025\/04\/10\/manavgat-belediyesi-tenis-kulubu-sporcusu-turkiye-sampiyonu-oldu\/","title":{"rendered":"Manavgat Belediyesi Tenis Kul\u00fcb\u00fc Sporcusu T\u00fcrkiye \u015eampiyonu Oldu"},"content":{"rendered":"\n<p>Manavgat Belediyesi Tenis Kul\u00fcb\u00fc sporcusu Mavi Asya Y\u0131ld\u0131r\u0131m, T\u00fcrkiye Tenis Federasyonu taraf\u0131ndan 3-6 Nisan 2025 tarihlerinde d\u00fczenlenen 12 Ya\u015f Hafta Sonu Turnuvas\u0131\u2019nda b\u00fcy\u00fck bir ba\u015far\u0131ya imza atarak birinci oldu. Mu\u011fla\u2019da ger\u00e7ekle\u015ftirilen turnuvada rakiplerini bir bir eleyerek finale y\u00fckselen gen\u00e7 sporcu, final ma\u00e7\u0131nda da rakibine \u015fans tan\u0131mayarak \u015fampiyonluk madalyas\u0131n\u0131 kazand\u0131.<\/p>\n\n\n\n<p>Manavgat Belediye Ba\u015fkan\u0131 Op. Dr. Niyazi Nefi Kara, elde edilen bu anlaml\u0131 ba\u015far\u0131dan dolay\u0131 gen\u00e7 raketi tebrik etti. Kara, ayn\u0131 zamanda sporcuya emek veren antren\u00f6r\u00fc Mustafa Karahan\u2019\u0131 ve ailesini de kutlayarak, ba\u015far\u0131lar\u0131n\u0131n artarak devam etmesi temennisinde bulundu.<\/p>\n\n\n\n<p>Manavgat Belediyesi\u2019nin spora ve gen\u00e7 sporculara verdi\u011fi deste\u011fin kar\u015f\u0131l\u0131\u011f\u0131n\u0131 ald\u0131klar\u0131n\u0131 belirten Manavgat Belediye Ba\u015fkan\u0131 Op. Dr. Niyazi Nefi Kara, Mavi Asya Y\u0131ld\u0131r\u0131m\u2019\u0131n ba\u015far\u0131s\u0131ndan b\u00fcy\u00fck mutluluk duyduklar\u0131n\u0131 ifade etti. Ba\u015fkan Kara, yapt\u0131\u011f\u0131 a\u00e7\u0131klamada \u015fu ifadeleri kulland\u0131:<\/p>\n\n\n\n<p>\u201cSporun ve \u00f6zellikle gen\u00e7 yeteneklerimizin her zaman yan\u0131nda olmaya devam ediyoruz. Manavgat Belediyesi olarak spora yapt\u0131\u011f\u0131m\u0131z yat\u0131r\u0131mlar\u0131n meyvesini almak, bizim i\u00e7in b\u00fcy\u00fck bir gurur kayna\u011f\u0131. Kendisini, ailesini ve antren\u00f6rlerini y\u00fcrekten kutluyorum. Manavgat Belediyesi olarak her zaman sporun ve sporcunun yan\u0131nda olaca\u011f\u0131z.\u201d<\/p>\n\n\n\n<p>Manavgat Belediyesi \/ B\u00fclten<\/p>\n","protected":false},"excerpt":{"rendered":"<p>Manavgat Belediyesi Tenis Kul\u00fcb\u00fc sporcusu Mavi Asya Y\u0131ld\u0131r\u0131m, T\u00fcrkiye Tenis Federasyonu taraf\u0131ndan 3-6 Nisan 2025 tarihlerinde d\u00fczenlenen 12 Ya\u015f Hafta Sonu Turnuvas\u0131\u2019nda b\u00fcy\u00fck bir ba\u015far\u0131ya <a href=\"https:\/\/akdenizhaber.com.tr\/index.php\/2025\/04\/10\/manavgat-belediyesi-tenis-kulubu-sporcusu-turkiye-sampiyonu-oldu\/\" class=\"read-more-link\">[more&#8230;]<\/a><\/p>\n","protected":false},"author":2,"featured_media":28280,"comment_status":"open","ping_status":"open","sticky":false,"template":"","format":"standard","meta":{"footnotes":""},"categories":[2],"tags":[],"class_list":["post-28279","post","type-post","status-publish","format-standard","has-post-thumbnail","hentry","category-gundem"],"_links":{"self":[{"href":"https:\/\/akdenizhaber.com.tr\/index.php\/wp-json\/wp\/v2\/posts\/28279","targetHints":{"allow":["GET"]}}],"collection":[{"href":"https:\/\/akdenizhaber.com.tr\/index.php\/wp-json\/wp\/v2\/posts"}],"about":[{"href":"https:\/\/akdenizhaber.com.tr\/index.php\/wp-json\/wp\/v2\/types\/post"}],"author":[{"embeddable":true,"href":"https:\/\/akdenizhaber.com.tr\/index.php\/wp-json\/wp\/v2\/users\/2"}],"replies":[{"embeddable":true,"href":"https:\/\/akdenizhaber.com.tr\/index.php\/wp-json\/wp\/v2\/comments?post=28279"}],"version-history":[{"count":1,"href":"https:\/\/akdenizhaber.com.tr\/index.php\/wp-json\/wp\/v2\/posts\/28279\/revisions"}],"predecessor-version":[{"id":28281,"href":"https:\/\/akdenizhaber.com.tr\/index.php\/wp-json\/wp\/v2\/posts\/28279\/revisions\/28281"}],"wp:featuredmedia":[{"embeddable":true,"href":"https:\/\/akdenizhaber.com.tr\/index.php\/wp-json\/wp\/v2\/media\/28280"}],"wp:attachment":[{"href":"https:\/\/akdenizhaber.com.tr\/index.php\/wp-json\/wp\/v2\/media?parent=28279"}],"wp:term":[{"taxonomy":"category","embeddable":true,"href":"https:\/\/akdenizhaber.com.tr\/index.php\/wp-json\/wp\/v2\/categories?post=28279"},{"taxonomy":"post_tag","embeddable":true,"href":"https:\/\/akdenizhaber.com.tr\/index.php\/wp-json\/wp\/v2\/tags?post=28279"}],"curies":[{"name":"wp","href":"https:\/\/api.w.org\/{rel}","templated":true}]}}