{"id":28269,"date":"2025-04-10T16:42:54","date_gmt":"2025-04-10T13:42:54","guid":{"rendered":"https:\/\/akdenizhaber.com.tr\/?p=28269"},"modified":"2025-04-10T16:42:54","modified_gmt":"2025-04-10T13:42:54","slug":"ogrencelere-sifir-atik-farkindaligi","status":"publish","type":"post","link":"https:\/\/akdenizhaber.com.tr\/index.php\/2025\/04\/10\/ogrencelere-sifir-atik-farkindaligi\/","title":{"rendered":"\u00d6\u011frencelere s\u0131f\u0131r at\u0131k fark\u0131ndal\u0131\u011f\u0131"},"content":{"rendered":"\n<p>Antalya B\u00fcy\u00fck\u015fehir Belediyesi \u00f6\u011frencilere s\u0131f\u0131r at\u0131k bilincini k\u00fc\u00e7\u00fck ya\u015fta kazand\u0131rmak amac\u0131yla d\u00fczenledi\u011fi etkinliklerle hem \u00f6\u011fretiyor hem de e\u011flenceli zaman ge\u00e7irmelerini sa\u011fl\u0131yor.<\/p>\n\n\n\n<p>B\u00fcy\u00fck\u015fehir Belediyesi \u0130klim De\u011fi\u015fikli\u011fi ve S\u0131f\u0131r At\u0131k Dairesi Ba\u015fkanl\u0131\u011f\u0131, Antalya Do\u011fal Ya\u015fam Park\u0131\u2019nda \u00f6zel bir etkinlik d\u00fczenledi. Etkinli\u011fe G\u00fclveren ve K\u00f6m\u00fcrc\u00fcler \u0130lkokullar\u0131ndan \u00f6\u011frenciler kat\u0131ld\u0131. S\u0131f\u0131r at\u0131k bilincini art\u0131rmaya y\u00f6nelik d\u00fczenlenen etkinlikte, ilkokul \u00f6\u011frencileri i\u00e7in e\u011fitici ve e\u011flendirici oyunlar oynad\u0131. Etkinlikte at\u0131klar\u0131n do\u011fru ayr\u0131\u015ft\u0131r\u0131lmas\u0131na y\u00f6nelik s\u0131f\u0131r at\u0131k oyunlar\u0131n\u0131n yan\u0131 s\u0131ra yumurta ta\u015f\u0131ma yar\u0131\u015f\u0131 d\u00fczenlenerek \u00e7ocuklara e\u011flenceli bir deneyim sunuldu. Ayr\u0131ca, &#8220;D\u00fcnyan\u0131n Gelece\u011fi&#8221; adl\u0131 oyun at\u00f6lyesinde, s\u00fcrd\u00fcr\u00fclebilir kalk\u0131nma hedefleri do\u011frultusunda \u00e7\u00f6z\u00fcm \u00fcretme odakl\u0131 oyunlar oynand\u0131.<\/p>\n\n\n\n<p>MAKETLER YAPILDI, KU\u015e YUVALARI BOYANDI<\/p>\n\n\n\n<p>Etkinlik kapsam\u0131nda \u00f6\u011frenciler at\u0131k ah\u015faplardan ku\u015f yuvalar\u0131 ve maket evler \u00fcretti. \u00c7evre E\u011fitim ve \u0130novasyon Merkezi\u2019nde geri d\u00f6n\u00fc\u015ft\u00fcr\u00fclen at\u0131k kapaklardan yap\u0131lan rozetler ise \u00f6\u011frencilere hediye edildi. &nbsp;<\/p>\n\n\n\n<p>Antalya B\u00fcy\u00fck\u015fehir Belediyesi \/ B\u00fclten<\/p>\n","protected":false},"excerpt":{"rendered":"<p>Antalya B\u00fcy\u00fck\u015fehir Belediyesi \u00f6\u011frencilere s\u0131f\u0131r at\u0131k bilincini k\u00fc\u00e7\u00fck ya\u015fta kazand\u0131rmak amac\u0131yla d\u00fczenledi\u011fi etkinliklerle hem \u00f6\u011fretiyor hem de e\u011flenceli zaman ge\u00e7irmelerini sa\u011fl\u0131yor. B\u00fcy\u00fck\u015fehir Belediyesi \u0130klim De\u011fi\u015fikli\u011fi <a href=\"https:\/\/akdenizhaber.com.tr\/index.php\/2025\/04\/10\/ogrencelere-sifir-atik-farkindaligi\/\" class=\"read-more-link\">[more&#8230;]<\/a><\/p>\n","protected":false},"author":2,"featured_media":28271,"comment_status":"open","ping_status":"open","sticky":false,"template":"","format":"standard","meta":{"footnotes":""},"categories":[2],"tags":[],"class_list":["post-28269","post","type-post","status-publish","format-standard","has-post-thumbnail","hentry","category-gundem"],"_links":{"self":[{"href":"https:\/\/akdenizhaber.com.tr\/index.php\/wp-json\/wp\/v2\/posts\/28269","targetHints":{"allow":["GET"]}}],"collection":[{"href":"https:\/\/akdenizhaber.com.tr\/index.php\/wp-json\/wp\/v2\/posts"}],"about":[{"href":"https:\/\/akdenizhaber.com.tr\/index.php\/wp-json\/wp\/v2\/types\/post"}],"author":[{"embeddable":true,"href":"https:\/\/akdenizhaber.com.tr\/index.php\/wp-json\/wp\/v2\/users\/2"}],"replies":[{"embeddable":true,"href":"https:\/\/akdenizhaber.com.tr\/index.php\/wp-json\/wp\/v2\/comments?post=28269"}],"version-history":[{"count":1,"href":"https:\/\/akdenizhaber.com.tr\/index.php\/wp-json\/wp\/v2\/posts\/28269\/revisions"}],"predecessor-version":[{"id":28272,"href":"https:\/\/akdenizhaber.com.tr\/index.php\/wp-json\/wp\/v2\/posts\/28269\/revisions\/28272"}],"wp:featuredmedia":[{"embeddable":true,"href":"https:\/\/akdenizhaber.com.tr\/index.php\/wp-json\/wp\/v2\/media\/28271"}],"wp:attachment":[{"href":"https:\/\/akdenizhaber.com.tr\/index.php\/wp-json\/wp\/v2\/media?parent=28269"}],"wp:term":[{"taxonomy":"category","embeddable":true,"href":"https:\/\/akdenizhaber.com.tr\/index.php\/wp-json\/wp\/v2\/categories?post=28269"},{"taxonomy":"post_tag","embeddable":true,"href":"https:\/\/akdenizhaber.com.tr\/index.php\/wp-json\/wp\/v2\/tags?post=28269"}],"curies":[{"name":"wp","href":"https:\/\/api.w.org\/{rel}","templated":true}]}}