{"id":28262,"date":"2025-04-10T16:41:07","date_gmt":"2025-04-10T13:41:07","guid":{"rendered":"https:\/\/akdenizhaber.com.tr\/?p=28262"},"modified":"2025-04-10T16:41:08","modified_gmt":"2025-04-10T13:41:08","slug":"abb-baskani-muhittin-bocek-turkiye-almanya-kardes-sehirler-zirvesinde","status":"publish","type":"post","link":"https:\/\/akdenizhaber.com.tr\/index.php\/2025\/04\/10\/abb-baskani-muhittin-bocek-turkiye-almanya-kardes-sehirler-zirvesinde\/","title":{"rendered":"ABB Ba\u015fkan\u0131 Muhittin B\u00f6cek T\u00fcrkiye-Almanya Karde\u015f \u015eehirler Zirvesi\u2019nde"},"content":{"rendered":"\n<p>Antalya B\u00fcy\u00fck\u015fehir Belediye Ba\u015fkan\u0131 Muhittin B\u00f6cek, \u0130stanbul\u2019da d\u00fczenlenen T\u00fcrkiye\u2013Almanya Karde\u015f \u015eehirler Zirvesi\u2019ne kat\u0131ld\u0131. Zirvede konu\u015fan Ba\u015fkan Muhittin B\u00f6cek, \u201c\u00d6zg\u00fcrl\u00fc\u011f\u00fcnden mahrum b\u0131rak\u0131ld\u0131\u011f\u0131 i\u00e7in aram\u0131zda olamayan T\u00fcrkiye Belediyeler Birli\u011fi Ba\u015fkan\u0131m\u0131z Say\u0131n Ekrem \u0130mamo\u011flu\u2019na sevgi ve sayg\u0131lar\u0131m\u0131 g\u00f6nderiyorum. Herkes i\u00e7in; demokrasi ve adalet hakim gelene kadar milletimiz ile birlikte m\u00fccadele etmeye devam edece\u011fiz\u201d dedi.<\/p>\n\n\n\n<p>T\u00fcrkiye Belediyeler Birli\u011fi (TBB) ve Alman Belediyeler Birli\u011fi (Deutscher St\u00e4dtetag) i\u015fbirli\u011fi ile d\u00fczenlenen \u2018T\u00fcrkiye\u2013Almanya Karde\u015f \u015eehirler Zirvesi\u2019 \u0130stanbul Kongre Merkezi\u2019nde ger\u00e7ekle\u015ftirildi. T\u00fcrkiye-Almanya Karde\u015f \u015eehirler Zirvesi\u2019nde kat\u0131lan Antalya B\u00fcy\u00fck\u015fehir Belediye Ba\u015fkan\u0131 Muhittin B\u00f6cek,&nbsp; konu\u015fmas\u0131na; \u201cBu anlaml\u0131 birlikteli\u011fimize vesile olan ancak \u00f6zg\u00fcrl\u00fc\u011f\u00fcnden mahrum b\u0131rak\u0131ld\u0131\u011f\u0131 i\u00e7in aram\u0131zda olamayan T\u00fcrkiye Belediyeler Birli\u011fi Ba\u015fkan\u0131m\u0131z Say\u0131n Ekrem \u0130mamo\u011flu\u2019na te\u015fekk\u00fcr ediyor, buradan kendisine sevgi ve sayg\u0131lar\u0131m\u0131 g\u00f6nderiyorum. Herkes i\u00e7in; demokrasi ve adalet hakim gelene kadar milletimiz ile birlikte m\u00fccadele etmeye devam edece\u011fimizi huzurunuzda tekrar ifade etmek istiyorum\u201d mesaj\u0131yla ba\u015flad\u0131.<\/p>\n\n\n\n<p>35 B\u0130N ALMAN YERLE\u015e\u0130K OLARAK YA\u015eIYOR<\/p>\n\n\n\n<p>Antalya\u2019n\u0131n Alman dostlar a\u00e7\u0131s\u0131ndan d\u00fcnyada en fazla tercih edilen destinasyonlar\u0131n ba\u015f\u0131nda yer ald\u0131\u011f\u0131na dikkat \u00e7eken Ba\u015fkan Muhittin B\u00f6cek, \u201cAntalya 2024 y\u0131l\u0131nda, Almanya\u2019dan gelen 3 milyon 517 bin 589&nbsp; ki\u015fiye ev sahipli\u011fi yapt\u0131. Yakla\u015f\u0131k 35 bin Alman vatanda\u015f\u0131n da Antalya\u2019da yerle\u015fik olarak ya\u015fad\u0131\u011f\u0131, kar\u015f\u0131l\u0131kl\u0131 olarak karde\u015flik ba\u011flar\u0131m\u0131z\u0131n \u00e7ok g\u00fc\u00e7l\u00fc oldu\u011fu bir kenttir.&nbsp; Bu g\u00fc\u00e7l\u00fc karde\u015flik ba\u011f\u0131na en g\u00fczel \u00f6rnek Antalya ile N\u00fcrnberg aras\u0131ndaki 28 y\u0131ld\u0131r s\u00fcren uzun soluklu ve nitelikli karde\u015f \u015fehir uygulamas\u0131d\u0131r. Bu yaln\u0131zca iki belediyeyi de\u011fil; ayn\u0131 zamanda iki halk\u0131, iki k\u00fclt\u00fcr\u00fc birbirine ba\u011flayan bir k\u00f6pr\u00fcye d\u00f6n\u00fc\u015fm\u00fc\u015ft\u00fcr\u201d dedi.&nbsp;<\/p>\n\n\n\n<p>GER\u00c7EK D\u0130PLOMAS\u0130 KALPTEN KALBE VE KENTTEN KENTE KURULAN BA\u011eLA G\u00dc\u00c7LEN\u0130R<\/p>\n\n\n\n<p><a><\/a>T\u00fcrk-Alman Dostluk Federasyonu taraf\u0131ndan daha \u00f6nce bir\u00e7ok lidere verilen Kybele \u00d6d\u00fcl\u00fc ile onurland\u0131r\u0131ld\u0131\u011f\u0131n\u0131 s\u00f6yleyen Muhittin B\u00f6cek, \u015f\u00f6yle konu\u015ftu: \u201cBu \u00f6d\u00fcl\u00fc, yaln\u0131zca bireysel bir onur olarak de\u011fil; kentler aras\u0131 dayan\u0131\u015fmay\u0131, k\u00fclt\u00fcrel anlay\u0131\u015f\u0131 ve kar\u015f\u0131l\u0131kl\u0131 g\u00fcveni \u00f6nceleyen herkes ad\u0131na kabul ettim. \u00c7\u00fcnk\u00fc inan\u0131yorum ki ger\u00e7ek diplomasi, kalpten kalbe ve kentten kente kurulan ba\u011flarla g\u00fc\u00e7lenir. Kentlerimiz, k\u00fcresel sorunlara yerelden \u00e7\u00f6z\u00fcm \u00fcretme kapasitesine sahiptir. Antalya olarak biz, yerel demokrasiyi g\u00fc\u00e7lendirmekle kalm\u0131yor; ayn\u0131 zamanda uluslararas\u0131 i\u015fbirlikleri arac\u0131l\u0131\u011f\u0131yla evrensel de\u011ferlerin ta\u015f\u0131y\u0131c\u0131s\u0131 olmay\u0131 da \u00f6nemsiyoruz. Antalya-N\u00fcrnberg \u00f6rne\u011finde oldu\u011fu gibi, kentler aras\u0131 i\u015f birliklerin sadece teknik de\u011fil; k\u00fclt\u00fcrel, toplumsal ve siyasal boyutlar\u0131 da i\u00e7erdi\u011fi unutulmamal\u0131d\u0131r.\u201d&nbsp;<br>Antalya B\u00fcy\u00fck\u015fehir Belediyesi \/ B\u00fclten<\/p>\n","protected":false},"excerpt":{"rendered":"<p>Antalya B\u00fcy\u00fck\u015fehir Belediye Ba\u015fkan\u0131 Muhittin B\u00f6cek, \u0130stanbul\u2019da d\u00fczenlenen T\u00fcrkiye\u2013Almanya Karde\u015f \u015eehirler Zirvesi\u2019ne kat\u0131ld\u0131. Zirvede konu\u015fan Ba\u015fkan Muhittin B\u00f6cek, \u201c\u00d6zg\u00fcrl\u00fc\u011f\u00fcnden mahrum b\u0131rak\u0131ld\u0131\u011f\u0131 i\u00e7in aram\u0131zda olamayan T\u00fcrkiye <a href=\"https:\/\/akdenizhaber.com.tr\/index.php\/2025\/04\/10\/abb-baskani-muhittin-bocek-turkiye-almanya-kardes-sehirler-zirvesinde\/\" class=\"read-more-link\">[more&#8230;]<\/a><\/p>\n","protected":false},"author":2,"featured_media":28264,"comment_status":"open","ping_status":"open","sticky":false,"template":"","format":"standard","meta":{"footnotes":""},"categories":[2],"tags":[],"class_list":["post-28262","post","type-post","status-publish","format-standard","has-post-thumbnail","hentry","category-gundem"],"_links":{"self":[{"href":"https:\/\/akdenizhaber.com.tr\/index.php\/wp-json\/wp\/v2\/posts\/28262","targetHints":{"allow":["GET"]}}],"collection":[{"href":"https:\/\/akdenizhaber.com.tr\/index.php\/wp-json\/wp\/v2\/posts"}],"about":[{"href":"https:\/\/akdenizhaber.com.tr\/index.php\/wp-json\/wp\/v2\/types\/post"}],"author":[{"embeddable":true,"href":"https:\/\/akdenizhaber.com.tr\/index.php\/wp-json\/wp\/v2\/users\/2"}],"replies":[{"embeddable":true,"href":"https:\/\/akdenizhaber.com.tr\/index.php\/wp-json\/wp\/v2\/comments?post=28262"}],"version-history":[{"count":1,"href":"https:\/\/akdenizhaber.com.tr\/index.php\/wp-json\/wp\/v2\/posts\/28262\/revisions"}],"predecessor-version":[{"id":28266,"href":"https:\/\/akdenizhaber.com.tr\/index.php\/wp-json\/wp\/v2\/posts\/28262\/revisions\/28266"}],"wp:featuredmedia":[{"embeddable":true,"href":"https:\/\/akdenizhaber.com.tr\/index.php\/wp-json\/wp\/v2\/media\/28264"}],"wp:attachment":[{"href":"https:\/\/akdenizhaber.com.tr\/index.php\/wp-json\/wp\/v2\/media?parent=28262"}],"wp:term":[{"taxonomy":"category","embeddable":true,"href":"https:\/\/akdenizhaber.com.tr\/index.php\/wp-json\/wp\/v2\/categories?post=28262"},{"taxonomy":"post_tag","embeddable":true,"href":"https:\/\/akdenizhaber.com.tr\/index.php\/wp-json\/wp\/v2\/tags?post=28262"}],"curies":[{"name":"wp","href":"https:\/\/api.w.org\/{rel}","templated":true}]}}