{"id":28259,"date":"2025-04-07T17:13:32","date_gmt":"2025-04-07T14:13:32","guid":{"rendered":"https:\/\/akdenizhaber.com.tr\/?p=28259"},"modified":"2025-04-07T17:13:33","modified_gmt":"2025-04-07T14:13:33","slug":"runtalya-maratonu-kosuldu","status":"publish","type":"post","link":"https:\/\/akdenizhaber.com.tr\/index.php\/2025\/04\/07\/runtalya-maratonu-kosuldu\/","title":{"rendered":"RUNTALYA Maratonu ko\u015fuldu"},"content":{"rendered":"\n<p>\u0130l\u00e7emizden Akdeniz \u00d6zel Hastanesi yar\u0131\u015flara kat\u0131larak katk\u0131 sa\u011flad\u0131. Doktor ve sa\u011fl\u0131k \u00e7al\u0131\u015fanlar\u0131ndan olu\u015fan ekip ba\u015far\u0131 elde ederken katk\u0131 sa\u011flamaktan b\u00fcy\u00fck mutluluk duyduklar\u0131n\u0131 s\u00f6ylediler.<\/p>\n\n\n\n<p>ANTALYA&#8217;da bu y\u0131l 20&#8217;ncisi d\u00fczenlenen Runtalya, heyecanla ko\u015fuldu. 65 \u00fclkeden bin 800&#8217;\u00fc yabanc\u0131 olmak \u00fczere toplam 8 bin sporcu ve vatanda\u015f\u0131n bulu\u015fmas\u0131nda 5K, 10K, 21K, 42K, 10K Teams Run yar\u0131\u015flar\u0131 ko\u015fuldu.<\/p>\n\n\n\n<p>Gen\u00e7lik ve Spor Bakanl\u0131\u011f\u0131 himayelerinde, Antalya Valili\u011fi koordinasyonunda ve Antalya B\u00fcy\u00fck\u015fehir Belediyesinin destekleriyle ger\u00e7ekle\u015fen organizasyon, Fraport TAV Antalya Havaliman\u0131 i\u015fletmesinin isim sponsorlu\u011funda, uluslararas\u0131 markalar\u0131n i\u015f birli\u011fiyle sporseverleri bir araya getirdi.<\/p>\n\n\n\n<p>2006 y\u0131l\u0131ndan beri d\u00fczenlenen Runtalya, bu sene 20&#8217;nci y\u0131l\u0131nda rengarenk bir konseptle sporseverlerle bulu\u015ftu. Yar\u0131\u015flar\u0131n startlar\u0131 verildikten sonra heyecan ba\u015flad\u0131. Yar\u0131\u015flara kat\u0131lanlar aras\u0131ndaki baz\u0131 g\u00f6n\u00fcll\u00fcler sosyal mesajlar verirken, baz\u0131 vatanda\u015flar kuca\u011f\u0131nda \u00e7ocuklar\u0131yla ko\u015fuya kat\u0131ld\u0131. Maratona kat\u0131lanlar aras\u0131nda g\u00f6rme engellilerin yan\u0131 s\u0131ra, tekerlekli sandalyesiyle, kimi de kuca\u011f\u0131nda k\u00f6pe\u011fiyle yar\u0131\u015fmay\u0131 tercih etti.<\/p>\n\n\n\n<p>Yar\u0131\u015flara 65 \u00fclkeden gelen bin 800&#8217;\u00fc yabanc\u0131 sporcu ve spor kul\u00fcplerinin yan\u0131 s\u0131ra \u0130stanbul, Ankara, \u0130zmir gibi b\u00fcy\u00fck \u015fehirlerden kat\u0131lan 8 bini a\u015fk\u0131n sporsever Antalya&#8217;da bir araya geldi. Kat\u0131l\u0131mc\u0131lar, Akdeniz&#8217;in e\u015fsiz do\u011fas\u0131 ve tarihi dokusu e\u015fli\u011finde ko\u015farken unutulmaz bir deneyim ya\u015fad\u0131. Yar\u0131\u015flar\u0131n tamamlanmas\u0131n\u0131n ard\u0131ndan ko\u015fuya kat\u0131lan herkese kat\u0131l\u0131m madalyas\u0131 verildi.<br>B\u00fc\u015fra Deveci \/ B\u00fclten<\/p>\n","protected":false},"excerpt":{"rendered":"<p>\u0130l\u00e7emizden Akdeniz \u00d6zel Hastanesi yar\u0131\u015flara kat\u0131larak katk\u0131 sa\u011flad\u0131. Doktor ve sa\u011fl\u0131k \u00e7al\u0131\u015fanlar\u0131ndan olu\u015fan ekip ba\u015far\u0131 elde ederken katk\u0131 sa\u011flamaktan b\u00fcy\u00fck mutluluk duyduklar\u0131n\u0131 s\u00f6ylediler. ANTALYA&#8217;da bu <a href=\"https:\/\/akdenizhaber.com.tr\/index.php\/2025\/04\/07\/runtalya-maratonu-kosuldu\/\" class=\"read-more-link\">[more&#8230;]<\/a><\/p>\n","protected":false},"author":2,"featured_media":28260,"comment_status":"open","ping_status":"open","sticky":false,"template":"","format":"standard","meta":{"footnotes":""},"categories":[2],"tags":[],"class_list":["post-28259","post","type-post","status-publish","format-standard","has-post-thumbnail","hentry","category-gundem"],"_links":{"self":[{"href":"https:\/\/akdenizhaber.com.tr\/index.php\/wp-json\/wp\/v2\/posts\/28259","targetHints":{"allow":["GET"]}}],"collection":[{"href":"https:\/\/akdenizhaber.com.tr\/index.php\/wp-json\/wp\/v2\/posts"}],"about":[{"href":"https:\/\/akdenizhaber.com.tr\/index.php\/wp-json\/wp\/v2\/types\/post"}],"author":[{"embeddable":true,"href":"https:\/\/akdenizhaber.com.tr\/index.php\/wp-json\/wp\/v2\/users\/2"}],"replies":[{"embeddable":true,"href":"https:\/\/akdenizhaber.com.tr\/index.php\/wp-json\/wp\/v2\/comments?post=28259"}],"version-history":[{"count":1,"href":"https:\/\/akdenizhaber.com.tr\/index.php\/wp-json\/wp\/v2\/posts\/28259\/revisions"}],"predecessor-version":[{"id":28261,"href":"https:\/\/akdenizhaber.com.tr\/index.php\/wp-json\/wp\/v2\/posts\/28259\/revisions\/28261"}],"wp:featuredmedia":[{"embeddable":true,"href":"https:\/\/akdenizhaber.com.tr\/index.php\/wp-json\/wp\/v2\/media\/28260"}],"wp:attachment":[{"href":"https:\/\/akdenizhaber.com.tr\/index.php\/wp-json\/wp\/v2\/media?parent=28259"}],"wp:term":[{"taxonomy":"category","embeddable":true,"href":"https:\/\/akdenizhaber.com.tr\/index.php\/wp-json\/wp\/v2\/categories?post=28259"},{"taxonomy":"post_tag","embeddable":true,"href":"https:\/\/akdenizhaber.com.tr\/index.php\/wp-json\/wp\/v2\/tags?post=28259"}],"curies":[{"name":"wp","href":"https:\/\/api.w.org\/{rel}","templated":true}]}}