{"id":28225,"date":"2025-04-03T16:53:31","date_gmt":"2025-04-03T13:53:31","guid":{"rendered":"https:\/\/akdenizhaber.com.tr\/?p=28225"},"modified":"2025-04-03T16:53:32","modified_gmt":"2025-04-03T13:53:32","slug":"gazeteci-kubilay-eldemirci-topraga-verildi","status":"publish","type":"post","link":"https:\/\/akdenizhaber.com.tr\/index.php\/2025\/04\/03\/gazeteci-kubilay-eldemirci-topraga-verildi\/","title":{"rendered":"Gazeteci Kubilay Eldemirci Topra\u011fa Verildi"},"content":{"rendered":"\n<p>Antalya\u2019da uzun y\u0131llard\u0131r gazetecilik mesle\u011fine emek veren Kubilay Eldemirci, ge\u00e7irdi\u011fi kalp krizi sonucu ya\u015fam\u0131n\u0131 yitirdi.<\/p>\n\n\n\n<p>\u0130K\u0130NC\u0130 KALP KR\u0130Z\u0130NE DAYANAMADI<\/p>\n\n\n\n<p>Ge\u00e7ti\u011fimiz hafta ilk kalp krizi sonras\u0131 hastaneye kald\u0131r\u0131lan ve yap\u0131lan anjiyo m\u00fcdahalesiyle sa\u011fl\u0131\u011f\u0131na kavu\u015ftu\u011fu d\u00fc\u015f\u00fcn\u00fclen 56 ya\u015f\u0131ndaki Eldemirci, ge\u00e7ti\u011fimiz sabah saatlerinde ikinci kez kalp krizi ge\u00e7irdi. T\u00fcm m\u00fcdahalelere ra\u011fmen kurtar\u0131lamayan deneyimli gazeteci, ya\u015fam\u0131n\u0131 kaybetti.<\/p>\n\n\n\n<p>SON YOLCULU\u011eUNA U\u011eURLANDI<\/p>\n\n\n\n<p>Eldemirci i\u00e7in ge\u00e7ti\u011fimiz \u00c7ar\u015famba g\u00fcn\u00fc \u00f6\u011fleden sonra Kur\u015funlu Mezarl\u0131\u011f\u0131\u2019nda cenaze t\u00f6reni d\u00fczenlendi. \u0130kindi namaz\u0131n\u0131n ard\u0131ndan ger\u00e7ekle\u015ftirilen t\u00f6rene CHP Antalya Milletvekili Aykut Kaya, CHP Antalya eski Milletvekili Tuncay Ercenk, Antalya eski Milletvekili Hasan Suba\u015f\u0131, D\u00f6\u015femealt\u0131 Belediye Ba\u015fkan\u0131 Menderes Dal, \u0130Y\u0130 Parti Antalya \u0130l Ba\u015fkan\u0131 Adnan Kaya, EK\u0130PDER Ba\u015fkan\u0131 Re\u015fat G\u00fcney, \u015eehir Planc\u0131lar\u0131 Odas\u0131 Antalya \u015eube Ba\u015fkan\u0131 Funda Y\u00f6r\u00fck, Peyzaj Mimarlar\u0131 Odas\u0131 Antalya \u015eube Ba\u015fkan\u0131 G\u00fcls\u00fcm K\u0131ldan, Antalya B\u00fcy\u00fck\u015fehir Belediye Meclis \u00dcyesi Bayram Ali \u00c7eltik, Antalya Gazeteciler Cemiyeti Ba\u015fkan\u0131 \u0130dris Ta\u015f, siyasi parti y\u00f6neticileri, Manavgat Gazeteciler ve Yazarlar Cemiyeti y\u00f6neticileri H\u00fcseyin Avni Gelendost ile Mustafa Karab\u0131y\u0131k, sivil toplum temsilcileri ve meslekta\u015flar\u0131 kat\u0131ld\u0131. Eldemirci\u2019nin cenazesi omuzlar \u00fczerinde ta\u015f\u0131narak son yolculu\u011funa u\u011furland\u0131.<\/p>\n\n\n\n<p>B\u00fc\u015fra Deveci \/ Haber<\/p>\n","protected":false},"excerpt":{"rendered":"<p>Antalya\u2019da uzun y\u0131llard\u0131r gazetecilik mesle\u011fine emek veren Kubilay Eldemirci, ge\u00e7irdi\u011fi kalp krizi sonucu ya\u015fam\u0131n\u0131 yitirdi. \u0130K\u0130NC\u0130 KALP KR\u0130Z\u0130NE DAYANAMADI Ge\u00e7ti\u011fimiz hafta ilk kalp krizi sonras\u0131 <a href=\"https:\/\/akdenizhaber.com.tr\/index.php\/2025\/04\/03\/gazeteci-kubilay-eldemirci-topraga-verildi\/\" class=\"read-more-link\">[more&#8230;]<\/a><\/p>\n","protected":false},"author":2,"featured_media":28226,"comment_status":"open","ping_status":"open","sticky":false,"template":"","format":"standard","meta":{"footnotes":""},"categories":[2],"tags":[],"class_list":["post-28225","post","type-post","status-publish","format-standard","has-post-thumbnail","hentry","category-gundem"],"_links":{"self":[{"href":"https:\/\/akdenizhaber.com.tr\/index.php\/wp-json\/wp\/v2\/posts\/28225","targetHints":{"allow":["GET"]}}],"collection":[{"href":"https:\/\/akdenizhaber.com.tr\/index.php\/wp-json\/wp\/v2\/posts"}],"about":[{"href":"https:\/\/akdenizhaber.com.tr\/index.php\/wp-json\/wp\/v2\/types\/post"}],"author":[{"embeddable":true,"href":"https:\/\/akdenizhaber.com.tr\/index.php\/wp-json\/wp\/v2\/users\/2"}],"replies":[{"embeddable":true,"href":"https:\/\/akdenizhaber.com.tr\/index.php\/wp-json\/wp\/v2\/comments?post=28225"}],"version-history":[{"count":1,"href":"https:\/\/akdenizhaber.com.tr\/index.php\/wp-json\/wp\/v2\/posts\/28225\/revisions"}],"predecessor-version":[{"id":28227,"href":"https:\/\/akdenizhaber.com.tr\/index.php\/wp-json\/wp\/v2\/posts\/28225\/revisions\/28227"}],"wp:featuredmedia":[{"embeddable":true,"href":"https:\/\/akdenizhaber.com.tr\/index.php\/wp-json\/wp\/v2\/media\/28226"}],"wp:attachment":[{"href":"https:\/\/akdenizhaber.com.tr\/index.php\/wp-json\/wp\/v2\/media?parent=28225"}],"wp:term":[{"taxonomy":"category","embeddable":true,"href":"https:\/\/akdenizhaber.com.tr\/index.php\/wp-json\/wp\/v2\/categories?post=28225"},{"taxonomy":"post_tag","embeddable":true,"href":"https:\/\/akdenizhaber.com.tr\/index.php\/wp-json\/wp\/v2\/tags?post=28225"}],"curies":[{"name":"wp","href":"https:\/\/api.w.org\/{rel}","templated":true}]}}