{"id":28124,"date":"2025-03-24T16:52:53","date_gmt":"2025-03-24T13:52:53","guid":{"rendered":"https:\/\/akdenizhaber.com.tr\/?p=28124"},"modified":"2025-03-24T16:52:53","modified_gmt":"2025-03-24T13:52:53","slug":"baskan-karadan-imamogluna-guclu-destek-manavgat-sandik-basinda","status":"publish","type":"post","link":"https:\/\/akdenizhaber.com.tr\/index.php\/2025\/03\/24\/baskan-karadan-imamogluna-guclu-destek-manavgat-sandik-basinda\/","title":{"rendered":"Ba\u015fkan Kara\u2019dan \u0130mamo\u011flu\u2019na G\u00fc\u00e7l\u00fc Destek: Manavgat Sand\u0131k Ba\u015f\u0131nda"},"content":{"rendered":"\n<p>Cumhuriyet Halk Partisi (CHP) taraf\u0131ndan cumhurba\u015fkan\u0131 aday\u0131n\u0131 belirlemek i\u00e7in d\u00fczenlenen \u00f6n se\u00e7im, 23 Mart Pazar g\u00fcn\u00fc T\u00fcrkiye genelinde b\u00fcy\u00fck bir kat\u0131l\u0131mla ger\u00e7ekle\u015ftirildi. Se\u00e7im kapsam\u0131nda Manavgat\u2019ta da farkl\u0131 mahallelere kurulan 11 farkl\u0131 sand\u0131k alan\u0131nda binlerce partili oy kullan\u0131rken, parti \u00fcyesi olmayanlar i\u00e7in olu\u015fturulan dayan\u0131\u015fma sand\u0131klar\u0131nda da yo\u011fun bir kat\u0131l\u0131m vard\u0131. En b\u00fcy\u00fck kat\u0131l\u0131m\u0131n ger\u00e7ekle\u015fti\u011fi noktalardan biri ise Manavgat Atat\u00fcrk K\u00fclt\u00fcr Merkezi oldu. Vatanda\u015flar, sabah\u0131n erken saatlerinden itibaren uzun kuyruklar olu\u015fturdu.<\/p>\n\n\n\n<p><strong>MANAVGAT BELED\u0130YE BA\u015eKANI KARA\u2019DAN \u0130MAMO\u011eLU\u2019NA TAM DESTEK<\/strong><\/p>\n\n\n\n<p>Manavgat Belediye Ba\u015fkan\u0131 Op. Dr. Niyazi Nefi Kara da CHP\u2019nin \u00f6n se\u00e7iminde Ekrem \u0130mamo\u011flu\u2019na olan deste\u011fini g\u00f6stermek amac\u0131yla sand\u0131k ba\u015f\u0131na gitti. Ba\u015fkan Kara, oy kullanmak i\u00e7in gelen vatanda\u015flarla sohbet ederek onlar\u0131n g\u00f6r\u00fc\u015flerini dinledi. Vatanda\u015flar\u0131n se\u00e7im s\u00fcrecine b\u00fcy\u00fck ilgi g\u00f6stermesinden duydu\u011fu memnuniyeti dile getiren Kara, \u015funlar\u0131 s\u00f6yledi:<\/p>\n\n\n\n<p><em>\u201cBinlerce hem\u015fehrimiz, Atat\u00fcrk K\u00fclt\u00fcr Merkezimizi h\u0131nca h\u0131n\u00e7 doldurdu. Oy hakk\u0131na sahip \u00e7\u0131kan, demokrasiyi korumak ad\u0131na iradesini sand\u0131\u011fa yans\u0131tan t\u00fcm yurtta\u015flar\u0131m\u0131za te\u015fekk\u00fcr ediyorum. Ekrem \u0130mamo\u011flu yaln\u0131z de\u011fildir, bizler buraday\u0131z ve onunla birlikteyiz.\u201d<\/em><\/p>\n\n\n\n<p>T\u00fcm il ve il\u00e7elerde kurulan 5 bin 600 sand\u0131kta sabah 08:00\u2019de ba\u015flayan oy verme i\u015flemi, saat 19:00\u2019da sona erdi. Manavgat\u2019ta toplamda 60 binin \u00fczerinde yurtta\u015f, Ekrem \u0130mamo\u011flu\u2019na destek amac\u0131yla oy kullanmak i\u00e7in sand\u0131k ba\u015f\u0131na gitti.<\/p>\n\n\n\n<p>Manavgat Belediyesi \/ B\u00fclten<\/p>\n","protected":false},"excerpt":{"rendered":"<p>Cumhuriyet Halk Partisi (CHP) taraf\u0131ndan cumhurba\u015fkan\u0131 aday\u0131n\u0131 belirlemek i\u00e7in d\u00fczenlenen \u00f6n se\u00e7im, 23 Mart Pazar g\u00fcn\u00fc T\u00fcrkiye genelinde b\u00fcy\u00fck bir kat\u0131l\u0131mla ger\u00e7ekle\u015ftirildi. Se\u00e7im kapsam\u0131nda Manavgat\u2019ta <a href=\"https:\/\/akdenizhaber.com.tr\/index.php\/2025\/03\/24\/baskan-karadan-imamogluna-guclu-destek-manavgat-sandik-basinda\/\" class=\"read-more-link\">[more&#8230;]<\/a><\/p>\n","protected":false},"author":2,"featured_media":28125,"comment_status":"open","ping_status":"open","sticky":false,"template":"","format":"standard","meta":{"footnotes":""},"categories":[2],"tags":[],"class_list":["post-28124","post","type-post","status-publish","format-standard","has-post-thumbnail","hentry","category-gundem"],"_links":{"self":[{"href":"https:\/\/akdenizhaber.com.tr\/index.php\/wp-json\/wp\/v2\/posts\/28124","targetHints":{"allow":["GET"]}}],"collection":[{"href":"https:\/\/akdenizhaber.com.tr\/index.php\/wp-json\/wp\/v2\/posts"}],"about":[{"href":"https:\/\/akdenizhaber.com.tr\/index.php\/wp-json\/wp\/v2\/types\/post"}],"author":[{"embeddable":true,"href":"https:\/\/akdenizhaber.com.tr\/index.php\/wp-json\/wp\/v2\/users\/2"}],"replies":[{"embeddable":true,"href":"https:\/\/akdenizhaber.com.tr\/index.php\/wp-json\/wp\/v2\/comments?post=28124"}],"version-history":[{"count":1,"href":"https:\/\/akdenizhaber.com.tr\/index.php\/wp-json\/wp\/v2\/posts\/28124\/revisions"}],"predecessor-version":[{"id":28126,"href":"https:\/\/akdenizhaber.com.tr\/index.php\/wp-json\/wp\/v2\/posts\/28124\/revisions\/28126"}],"wp:featuredmedia":[{"embeddable":true,"href":"https:\/\/akdenizhaber.com.tr\/index.php\/wp-json\/wp\/v2\/media\/28125"}],"wp:attachment":[{"href":"https:\/\/akdenizhaber.com.tr\/index.php\/wp-json\/wp\/v2\/media?parent=28124"}],"wp:term":[{"taxonomy":"category","embeddable":true,"href":"https:\/\/akdenizhaber.com.tr\/index.php\/wp-json\/wp\/v2\/categories?post=28124"},{"taxonomy":"post_tag","embeddable":true,"href":"https:\/\/akdenizhaber.com.tr\/index.php\/wp-json\/wp\/v2\/tags?post=28124"}],"curies":[{"name":"wp","href":"https:\/\/api.w.org\/{rel}","templated":true}]}}