{"id":28088,"date":"2025-03-20T16:03:46","date_gmt":"2025-03-20T13:03:46","guid":{"rendered":"https:\/\/akdenizhaber.com.tr\/?p=28088"},"modified":"2025-03-20T16:03:47","modified_gmt":"2025-03-20T13:03:47","slug":"ak-parti-heyeti-matsoyu-ziyaret-etti","status":"publish","type":"post","link":"https:\/\/akdenizhaber.com.tr\/index.php\/2025\/03\/20\/ak-parti-heyeti-matsoyu-ziyaret-etti\/","title":{"rendered":"\u00a0Ak Parti Heyeti MATSO\u2019yu Ziyaret Etti"},"content":{"rendered":"\n<p>\u00d6nceki D\u00f6nem D\u0131\u015fi\u015fleri Bakan\u0131 ve AK Parti Antalya Milletvekili Mevl\u00fct \u00c7avu\u015fo\u011flu, AK Parti Merkez Karar ve Y\u00f6netim Kurulu (MKYK) \u00dcyesi Menderes T\u00fcrel, AK Parti Antalya Milletvekilleri Tuba Vural \u00c7okal, Kemal \u00c7elik, AK Parti Antalya \u0130l Ba\u015fkan\u0131 Sn. Ali \u00c7etin, AK Parti \u0130l Y\u00f6netim Kurulu \u00dcyeleri, AK Parti Manavgat \u0130l\u00e7e Ba\u015fkan\u0131 Sn. Niyazi \u00dcnal, Y\u00f6netim Kurulu \u00dcyeleri, Belediye Meclis \u00dcyeleri, AK Parti Serik \u0130l\u00e7e Ba\u015fkan\u0131 Ahmet S\u00f6ker, AK Parti Manavgat Kad\u0131n Kollar\u0131 Ba\u015fkan\u0131 Bet\u00fcl Demir Manavgat Ticaret ve Sanayi Odas\u0131\u2019n\u0131 (MATSO) ziyaret etti. Ziyarette AK Parti heyeti \u00fclke ve b\u00f6lge ile ilgili de\u011ferlendirmelerde bulunarak yapt\u0131klar\u0131 \u00e7al\u0131\u015fmalar ile ilgili bilgiler verdiler.<\/p>\n\n\n\n<p>MANAVGAT EKONOM\u0130S\u0130N\u0130 \u00c7E\u015e\u0130TLEND\u0130RMEK \u0130\u00c7\u0130N \u00c7ABA G\u00d6STER\u0130YORUZ<\/p>\n\n\n\n<p>MATSO Ba\u015fkan\u0131 Seydi Tahsin G\u00fcng\u00f6r ise MATSO faaliyetleri hakk\u0131nda bilgiler vererek Manavgat ekonomisinin \u00e7e\u015fitlendirilmesi i\u00e7in yo\u011fun \u00e7aba g\u00f6sterdiklerini ve bu do\u011frultuda \u00e7al\u0131\u015fmalar ger\u00e7ekle\u015ftirdiklerini s\u00f6yledi. Ba\u015fkan G\u00fcng\u00f6r, Manavgat OSB\u2019nin faaliyete ge\u00e7mesi, Manavgat\u2019a \u00fcniversite kazand\u0131r\u0131lmas\u0131, kentin ihracat potansiyelinin art\u0131r\u0131lmas\u0131, turizmin \u00e7e\u015fitlendirilerek 12 aya yay\u0131lmas\u0131 ve giri\u015fimcilik ekosisteminin g\u00fc\u00e7lendirerek Manavgat\u2019\u0131n ekonomik ve sosyal kalk\u0131nmas\u0131na katk\u0131 sunmay\u0131 hedeflediklerini s\u00f6yledi.<\/p>\n\n\n\n<p>MANAVGAT OSB\u2019Y\u0130 TAM OLARAK FAL\u0130YETE GE\u00c7\u0130RECE\u011e\u0130Z<\/p>\n\n\n\n<p>Manavgat Organize Sanayi B\u00f6lgesi\u2019ni (OSB) faaliyete ge\u00e7irmek i\u00e7in yo\u011fun \u00e7aba g\u00f6sterdiklerini belirten Ba\u015fkan G\u00fcng\u00f6r, \u201cOSB\u2019ye ait parselasyon planlar\u0131n\u0131n Sanayi ve Teknoloji Bakanl\u0131\u011f\u0131 taraf\u0131ndan onaylanmas\u0131n\u0131n ard\u0131ndan, Milletvekilimiz Dr. Sn. Tuba Vural \u00c7okal ve AK Parti Manavgat \u0130l\u00e7e Ba\u015fkan\u0131m\u0131z Niyazi \u00dcnal, OSB Y\u00f6netim Kurulu \u00dcyelerimiz ile tapu senetlerimizi Manavgat Tapu M\u00fcd\u00fcrl\u00fc\u011f\u00fc\u2019nden teslim ald\u0131k.\u201d dedi. OSB\u2019nin alt yap\u0131 projelerinin yap\u0131lmas\u0131n\u0131 ard\u0131ndan saha \u00e7al\u0131\u015fmalar\u0131na ba\u015flayacaklar\u0131n\u0131 ifade eden Ba\u015fkan G\u00fcng\u00f6r, \u201cOSB\u2019nin faaliyete ge\u00e7mesi ile Manavgat ekonomisi \u00e7e\u015fitlenerek g\u00fc\u00e7lenecek, B\u00f6lgeye yeni yat\u0131r\u0131mlar gelecek, \u0130stihdam olanaklar\u0131 geni\u015fleyecek\u201d diye konu\u015ftu.<\/p>\n\n\n\n<p>MANAVGAT \u00dcN\u0130VERS\u0130TES\u0130N\u0130N KURULMASI<\/p>\n\n\n\n<p>Manavgat \u00dcniversitesi\u2019nin kurulmas\u0131n\u0131n \u00f6nemine vurgu yapan Ba\u015fkan G\u00fcng\u00f6r, &nbsp;MATSO olarak ge\u00e7mi\u015ften g\u00fcn\u00fcm\u00fcze kentte \u00fcniversite kurulmas\u0131 i\u00e7in \u00e7aba g\u00f6sterdiklerini s\u00f6yledi. Manavgat\u2019a bir fak\u00fclte binas\u0131 yapt\u0131rarak ba\u011f\u0131\u015flad\u0131klar\u0131n\u0131 hat\u0131rlatan Ba\u015fkan G\u00fcng\u00f6r, \u201cMATSO olarak \u00fcniversite kurulmas\u0131n\u0131n sosyal ve k\u00fclt\u00fcrel a\u00e7as\u0131dan \u015fehrimizin geli\u015fimine \u00f6nemli katk\u0131lar sunaca\u011f\u0131n\u0131 d\u00fc\u015f\u00fcn\u00fcyoruz.&nbsp; Ge\u00e7ti\u011fimiz aylarda Manavgat Yabanc\u0131 Diller Fak\u00fcltesi kurulu\u015fu onayland\u0131. \u015eu anda 3 fak\u00fcltemiz 1 Meslek Y\u00fcksek Okulumuz var. \u00dcniversite kurulmas\u0131 i\u00e7in \u015fartlar\u0131n olu\u015ftu\u011funu d\u00fc\u015f\u00fcn\u00fcyoruz. Ge\u00e7mi\u015ften g\u00fcn\u00fcm\u00fcze fak\u00fcltelerimizin kurulmas\u0131 i\u00e7in eme\u011fi ge\u00e7en herkese \u00e7ok te\u015fekk\u00fcr ediyorum\u201d diye konu\u015ftu.<\/p>\n\n\n\n<p>Ba\u015fkan G\u00fcng\u00f6r, turizm sezonu \u00f6ncesi konaklama tesisleri ve ticari i\u015fletmelere yap\u0131lan denetimlerin zamana yay\u0131lmas\u0131 ve <strong>i\u015fletmelere eksikliklerini gidermeleri i\u00e7in makul s\u00fcre tan\u0131nmas\u0131 gerekti\u011fini<\/strong> belirtti.<\/p>\n\n\n\n<p>Manavgat\u2019taki ar\u0131tma tesislerinin kapasitesinin art\u0131r\u0131lmas\u0131n\u0131n \u00f6nemine vurgu yapan Ba\u015fkan G\u00fcng\u00f6r, Manavgat n\u00fcfusunun yaz aylar\u0131nda 1 milyona yakla\u015ft\u0131\u011f\u0131n\u0131 s\u00f6yledi.&nbsp; Ba\u015fkan G\u00fcng\u00f6r,<\/p>\n\n\n\n<p>\u201cManavgat olarak Antalya\u2019ya gelen turistin \u00fc\u00e7te birini misafir ediyoruz. Yaz aylar\u0131ndaki kent n\u00fcfusumuz Manavgat halk\u0131, turistler ve yazl\u0131k\u00e7\u0131lar ile birlikte yakla\u015f\u0131k 1 milyona yakla\u015f\u0131yor. Manavgat \u2013Side destinasyonu olarak y\u0131lda 6 milyon civar\u0131nda turist misafir ediyoruz. Bunun b\u00f6lgemizdeki ar\u0131tma tesislerinim kapasitelerinin art\u0131r\u0131lmas\u0131n\u0131n kent a\u00e7\u0131s\u0131ndan \u00f6nemli oldu\u011funu d\u00fc\u015f\u00fcn\u00fcyorum\u201d dedi.<\/p>\n\n\n\n<p>BA\u015eKAN G\u00dcNG\u00d6R, MANAVGAT \u0130\u015e D\u00dcNYASININ TALEPLER\u0130N\u0130 DOSYA OLARAK TAKD\u0130M ETT\u0130<\/p>\n\n\n\n<p>Konu\u015fmalar\u0131n ard\u0131ndan Ba\u015fkan G\u00fcng\u00f6r, \u00fcyelerden gelen talepleri i\u00e7eren dosyay\u0131 \u00d6nceki D\u00f6nem D\u0131\u015fi\u015fleri Bakan\u0131 ve AK Parti Antalya Milletvekili Mevl\u00fct \u00c7avu\u015fo\u011flu\u2019na, AK Parti MKYK \u00dcyesi Menderes T\u00fcrel\u2019e, AK Parti Antalya Milletvekilleri Tuba Vural \u00c7okal\u2019a ve Kemal \u00c7elik\u2019e takdim etti. Ba\u015fkan G\u00fcng\u00f6r, \u201c Manavgat \u0130\u015f D\u00fcnyas\u0131 olarak t\u00fcm taleplerimizde bizlere destek olan ba\u015fta Cumhurba\u015fkan\u0131m\u0131z Say\u0131n Recep Tayyip Erdo\u011fan \u00fczere Bakanlar\u0131m\u0131za, \u00f6nceki d\u00f6nem D\u0131\u015fi\u015fleri Bakan\u0131m\u0131z Say\u0131n Mevl\u00fct \u00c7avu\u015fo\u011flu\u2019na, AK Parti MKYK \u00dcyesi Say\u0131n Menderes T\u00fcrel\u2019e, AK Parti Antalya Milletvekilleri Say\u0131n Tuba Vural \u00c7okal\u2019a, Say\u0131n Kemal \u00c7elik\u2019e, AK Parti Antalya \u0130l Ba\u015fkan\u0131 Say\u0131n Ali \u00c7etin\u2019e, AK Parti Manavgat \u0130l\u00e7e Ba\u015fkan\u0131 Say\u0131n Niyazi \u00dcnal\u2019a ve ge\u00e7mi\u015ften g\u00fcn\u00fcm\u00fcze bize destek veren herkese Manavgat i\u015f d\u00fcnyas\u0131 ad\u0131na \u015f\u00fckranlar\u0131m\u0131 sunuyorum\u201d dedi.<\/p>\n\n\n\n<p>Haber Merkezi<\/p>\n","protected":false},"excerpt":{"rendered":"<p>\u00d6nceki D\u00f6nem D\u0131\u015fi\u015fleri Bakan\u0131 ve AK Parti Antalya Milletvekili Mevl\u00fct \u00c7avu\u015fo\u011flu, AK Parti Merkez Karar ve Y\u00f6netim Kurulu (MKYK) \u00dcyesi Menderes T\u00fcrel, AK Parti Antalya <a href=\"https:\/\/akdenizhaber.com.tr\/index.php\/2025\/03\/20\/ak-parti-heyeti-matsoyu-ziyaret-etti\/\" class=\"read-more-link\">[more&#8230;]<\/a><\/p>\n","protected":false},"author":2,"featured_media":28089,"comment_status":"open","ping_status":"open","sticky":false,"template":"","format":"standard","meta":{"footnotes":""},"categories":[2],"tags":[],"class_list":["post-28088","post","type-post","status-publish","format-standard","has-post-thumbnail","hentry","category-gundem"],"_links":{"self":[{"href":"https:\/\/akdenizhaber.com.tr\/index.php\/wp-json\/wp\/v2\/posts\/28088","targetHints":{"allow":["GET"]}}],"collection":[{"href":"https:\/\/akdenizhaber.com.tr\/index.php\/wp-json\/wp\/v2\/posts"}],"about":[{"href":"https:\/\/akdenizhaber.com.tr\/index.php\/wp-json\/wp\/v2\/types\/post"}],"author":[{"embeddable":true,"href":"https:\/\/akdenizhaber.com.tr\/index.php\/wp-json\/wp\/v2\/users\/2"}],"replies":[{"embeddable":true,"href":"https:\/\/akdenizhaber.com.tr\/index.php\/wp-json\/wp\/v2\/comments?post=28088"}],"version-history":[{"count":1,"href":"https:\/\/akdenizhaber.com.tr\/index.php\/wp-json\/wp\/v2\/posts\/28088\/revisions"}],"predecessor-version":[{"id":28090,"href":"https:\/\/akdenizhaber.com.tr\/index.php\/wp-json\/wp\/v2\/posts\/28088\/revisions\/28090"}],"wp:featuredmedia":[{"embeddable":true,"href":"https:\/\/akdenizhaber.com.tr\/index.php\/wp-json\/wp\/v2\/media\/28089"}],"wp:attachment":[{"href":"https:\/\/akdenizhaber.com.tr\/index.php\/wp-json\/wp\/v2\/media?parent=28088"}],"wp:term":[{"taxonomy":"category","embeddable":true,"href":"https:\/\/akdenizhaber.com.tr\/index.php\/wp-json\/wp\/v2\/categories?post=28088"},{"taxonomy":"post_tag","embeddable":true,"href":"https:\/\/akdenizhaber.com.tr\/index.php\/wp-json\/wp\/v2\/tags?post=28088"}],"curies":[{"name":"wp","href":"https:\/\/api.w.org\/{rel}","templated":true}]}}