{"id":28080,"date":"2025-03-20T16:00:50","date_gmt":"2025-03-20T13:00:50","guid":{"rendered":"https:\/\/akdenizhaber.com.tr\/?p=28080"},"modified":"2025-03-20T16:00:51","modified_gmt":"2025-03-20T13:00:51","slug":"kumluca-deplasmaninda-hedef-galibiyet","status":"publish","type":"post","link":"https:\/\/akdenizhaber.com.tr\/index.php\/2025\/03\/20\/kumluca-deplasmaninda-hedef-galibiyet\/","title":{"rendered":"Kumluca Deplasman\u0131nda Hedef Galibiyet"},"content":{"rendered":"\n<p>Ge\u00e7ti\u011fimiz hafta Konya Ere\u011fli kar\u015f\u0131s\u0131nda al\u0131nan beraberlik sonras\u0131 liderli\u011fi Eski\u015fehirspor\u2019a kapt\u0131ran Manavgat Belediyespor Kumluca deplasman\u0131na mutlak galibiyet parolas\u0131 ile haz\u0131rlan\u0131yor.<\/p>\n\n\n\n<p>Ge\u00e7ti\u011fimiz hafta Konya deplasman\u0131nda Konya Ere\u011flisporla berabere kalan Manavgat Belediyespor iki puan fark\u0131 ile grupta liderli\u011fini Eski\u015fehirspor\u2019a kapt\u0131rm\u0131\u015ft\u0131.<\/p>\n\n\n\n<p>Pazar g\u00fcn\u00fc Kumluca Belediyespor ile deplasmanda kar\u015f\u0131la\u015facak olan Manavgat Belediyespor\u2019da hedef mutlak galibiyet olarak belirlendi.<\/p>\n\n\n\n<p>Bu haftaki ma\u00e7lardan sonra geriye kalan be\u015f ma\u00e7\u0131n hepsini almak zorunda olduklar\u0131n\u0131 s\u00f6yleyen teknik direkt\u00f6r Mustafa Akhan\u0131m bundan b\u00f6yle puan kaybetme l\u00fcksleri olmad\u0131\u011f\u0131n\u0131 belirterek \u015fampiyonlu\u011fu lig bitimine kadar kovalayarak elerlinden geleni yapacaklar\u0131n\u0131 s\u00f6yledi.<\/p>\n\n\n\n<p>TARAFTARDA HAZIR<\/p>\n\n\n\n<p>Konya Ere\u011fli ma\u00e7\u0131nda tak\u0131mlar\u0131n\u0131 yaln\u0131z b\u0131rakmayan Manavgat Belediyespor taraftar\u0131 son ma\u00e7a kadar tak\u0131mlar\u0131n\u0131n yan\u0131nda olacaklar\u0131n\u0131 ve \u015fampiyonlu\u011fu g\u00f6\u011f\u00fcsleyecek taraf\u0131n Manavgat Beledieyspor olaca\u011f\u0131n\u0131 belirterek Kumluca deplasman\u0131na haz\u0131r olduklar\u0131n\u0131 s\u00f6ylediler.<\/p>\n\n\n\n<p>KALAN MA\u00c7LAR<\/p>\n\n\n\n<p>6 Nisan \u2013 Manavgat Belediyespor \u2013 Ak\u015fehirspor \u2013 13 Nisan \u2013 Mezitli 33 \u2013 Manavgat Belediyespor \u2013 20 Nisan Manavgat Belediyespor \u2013 Eski\u015fehirspor \u2013 27 Nisan Homurlu \u2013 Manavgat Belediyespor son ma\u00e7 ise 4 May\u0131s tarihinde kendi evimizde Osmanl\u0131 1453 spor ile olacak.<\/p>\n\n\n\n<p>B\u00fc\u015fra Deveci \/ B\u00fclten<\/p>\n","protected":false},"excerpt":{"rendered":"<p>Ge\u00e7ti\u011fimiz hafta Konya Ere\u011fli kar\u015f\u0131s\u0131nda al\u0131nan beraberlik sonras\u0131 liderli\u011fi Eski\u015fehirspor\u2019a kapt\u0131ran Manavgat Belediyespor Kumluca deplasman\u0131na mutlak galibiyet parolas\u0131 ile haz\u0131rlan\u0131yor. Ge\u00e7ti\u011fimiz hafta Konya deplasman\u0131nda Konya <a href=\"https:\/\/akdenizhaber.com.tr\/index.php\/2025\/03\/20\/kumluca-deplasmaninda-hedef-galibiyet\/\" class=\"read-more-link\">[more&#8230;]<\/a><\/p>\n","protected":false},"author":2,"featured_media":27850,"comment_status":"open","ping_status":"open","sticky":false,"template":"","format":"standard","meta":{"footnotes":""},"categories":[2],"tags":[],"class_list":["post-28080","post","type-post","status-publish","format-standard","has-post-thumbnail","hentry","category-gundem"],"_links":{"self":[{"href":"https:\/\/akdenizhaber.com.tr\/index.php\/wp-json\/wp\/v2\/posts\/28080","targetHints":{"allow":["GET"]}}],"collection":[{"href":"https:\/\/akdenizhaber.com.tr\/index.php\/wp-json\/wp\/v2\/posts"}],"about":[{"href":"https:\/\/akdenizhaber.com.tr\/index.php\/wp-json\/wp\/v2\/types\/post"}],"author":[{"embeddable":true,"href":"https:\/\/akdenizhaber.com.tr\/index.php\/wp-json\/wp\/v2\/users\/2"}],"replies":[{"embeddable":true,"href":"https:\/\/akdenizhaber.com.tr\/index.php\/wp-json\/wp\/v2\/comments?post=28080"}],"version-history":[{"count":1,"href":"https:\/\/akdenizhaber.com.tr\/index.php\/wp-json\/wp\/v2\/posts\/28080\/revisions"}],"predecessor-version":[{"id":28081,"href":"https:\/\/akdenizhaber.com.tr\/index.php\/wp-json\/wp\/v2\/posts\/28080\/revisions\/28081"}],"wp:featuredmedia":[{"embeddable":true,"href":"https:\/\/akdenizhaber.com.tr\/index.php\/wp-json\/wp\/v2\/media\/27850"}],"wp:attachment":[{"href":"https:\/\/akdenizhaber.com.tr\/index.php\/wp-json\/wp\/v2\/media?parent=28080"}],"wp:term":[{"taxonomy":"category","embeddable":true,"href":"https:\/\/akdenizhaber.com.tr\/index.php\/wp-json\/wp\/v2\/categories?post=28080"},{"taxonomy":"post_tag","embeddable":true,"href":"https:\/\/akdenizhaber.com.tr\/index.php\/wp-json\/wp\/v2\/tags?post=28080"}],"curies":[{"name":"wp","href":"https:\/\/api.w.org\/{rel}","templated":true}]}}