{"id":28036,"date":"2025-03-17T16:16:28","date_gmt":"2025-03-17T13:16:28","guid":{"rendered":"https:\/\/akdenizhaber.com.tr\/?p=28036"},"modified":"2025-03-17T16:16:28","modified_gmt":"2025-03-17T13:16:28","slug":"chpli-aykut-kayadan-mecliste-utts-tepkisi-bu-ekstra-maliyet-neden-vatandasa-yukleniyor","status":"publish","type":"post","link":"https:\/\/akdenizhaber.com.tr\/index.php\/2025\/03\/17\/chpli-aykut-kayadan-mecliste-utts-tepkisi-bu-ekstra-maliyet-neden-vatandasa-yukleniyor\/","title":{"rendered":"CHP\u2019li Aykut Kaya\u2019dan Meclis\u2019te UTTS Tepkisi: \u201cBu Ekstra Maliyet Neden Vatanda\u015fa Y\u00fckleniyor?\u201d"},"content":{"rendered":"\n<p>CHP Antalya Milletvekili Aykut Kaya, TBMM Genel Kurulu\u2019nda yapt\u0131\u011f\u0131 konu\u015fmada Ulusal Ta\u015f\u0131t Tan\u0131ma Sistemi (UTTS) ile ilgili h\u00fck\u00fcmete ele\u015ftiriler y\u00f6neltti. Kaya, sistemin \u015feffafl\u0131\u011f\u0131 konusunda soru i\u015faretleri bulundu\u011funu, vatanda\u015fa gereksiz ek maliyet y\u00fcklendi\u011fini ve veri g\u00fcvenli\u011fi a\u00e7\u0131s\u0131ndan riskler ta\u015f\u0131d\u0131\u011f\u0131n\u0131 belirterek, h\u00fck\u00fcmeti a\u00e7\u0131klama yapmaya davet etti.<\/p>\n\n\n\n<p>\u201cMevcut Sistemler Varken Neden Ekstra Y\u00fck?\u201d<\/p>\n\n\n\n<p>Meclis k\u00fcrs\u00fcs\u00fcnden konu\u015fan Kaya, akaryak\u0131t al\u0131mlar\u0131nda kullan\u0131lan mevcut ta\u015f\u0131t tan\u0131ma sistemlerinin zaten i\u015flevsel oldu\u011funu vurgulayarak, UTTS\u2019nin zorunlu hale getirilmesini gereksiz ve maliyetli bir uygulama olarak de\u011ferlendirdi:<\/p>\n\n\n\n<p>\u201cBug\u00fcn milyonlarca ara\u00e7 sahibi zaten mevcut ta\u015f\u0131t tan\u0131ma sistemlerini kullan\u0131yor. O halde soruyorum: Bu de\u011fi\u015fiklik ger\u00e7ekten bir ihtiya\u00e7 m\u0131, yoksa yeni bir rant kap\u0131s\u0131 m\u0131? Var olan sistemler i\u015fliyorsa neden vatanda\u015f ek maliyetle yeni bir y\u00fck alt\u0131na sokuluyor?\u201d dedi.<\/p>\n\n\n\n<p>\u201cVatanda\u015f Neden Ekstra 2.800 TL \u00d6demek Zorunda?\u201d<\/p>\n\n\n\n<p>UTTS cihazlar\u0131n\u0131n her ara\u00e7 sahibi i\u00e7in b\u00fcy\u00fck bir maddi k\u00fclfet olu\u015fturdu\u011funa dikkat \u00e7eken Kaya, \u015funlar\u0131 s\u00f6yledi:<\/p>\n\n\n\n<p>\u201cRFID \u00e7iplerinin \u00fcretim maliyeti 15 cent (yakla\u015f\u0131k 5,5 TL) olarak belirtilirken, vatanda\u015fa 2.800 TL\u2019ye sat\u0131l\u0131yor. Neden bu sistem zorunlu hale getirildi ve bu maliyet neden vatanda\u015f\u0131n s\u0131rt\u0131na y\u0131k\u0131ld\u0131? Mevcut sistemler varken, neden herkes yeni bir cihaz almak zorunda b\u0131rak\u0131l\u0131yor?\u201d<\/p>\n\n\n\n<p>\u201cUTTS\u2019nin \u015eeffafl\u0131\u011f\u0131 Konusunda Soru \u0130\u015faretleri Var\u201d<\/p>\n\n\n\n<p>UTTS ihalesinin nas\u0131l y\u00fcr\u00fct\u00fcld\u00fc\u011f\u00fcne dair kamuoyunda soru i\u015faretleri bulundu\u011funu belirten Kaya, \u015funlar\u0131 s\u00f6yledi:<\/p>\n\n\n\n<p>\u201cBu sistemin ihale s\u00fcreci ve maliyetleri konusunda kamuoyunun bilgilendirilmesi gerekmektedir. T\u00fcrkiye\u2019nin m\u00fchendisleri ve teknoloji firmalar\u0131 varken neden yabanc\u0131 bir firmaya ihale edilmi\u015ftir? T\u00dcB\u0130TAK, ASELSAN gibi milli kurulu\u015flar neden s\u00fcrece dahil edilmemi\u015ftir? E\u011fer ger\u00e7ekten yerli bir \u00e7\u00f6z\u00fcm yerine yabanc\u0131 teknoloji tercih edildiyse, bu sadece ekonomik de\u011fil, ayn\u0131 zamanda ulusal g\u00fcvenlik a\u00e7\u0131s\u0131ndan da b\u00fcy\u00fck bir risk olu\u015fturur.\u201d<\/p>\n\n\n\n<p>\u201cVeri G\u00fcvenli\u011fi Tehlikede mi?\u201d<\/p>\n\n\n\n<p>UTTS kapsam\u0131nda milyonlarca arac\u0131n akaryak\u0131t t\u00fcketim bilgileri toplanaca\u011f\u0131 i\u00e7in veri g\u00fcvenli\u011finin de b\u00fcy\u00fck bir sorun haline geldi\u011fini belirten Kaya, h\u00fck\u00fcmete \u015fu sorular\u0131 y\u00f6neltti:<\/p>\n\n\n\n<p>\u201cBu sistemle toplanan veriler hangi sunucularda saklanacak? Verilere kimler eri\u015febilecek? E\u011fer UTTS altyap\u0131s\u0131nda yabanc\u0131 bir firma yer al\u0131yorsa, kritik ara\u00e7 verilerimizin g\u00fcvenli\u011fi nas\u0131l sa\u011flanacak?\u201d<\/p>\n\n\n\n<p>\u201cBu Sistem Yeniden De\u011ferlendirilmeli\u201d<\/p>\n\n\n\n<p>Konu\u015fmas\u0131n\u0131n sonunda h\u00fck\u00fcmete \u00e7a\u011fr\u0131 yapan CHP\u2019li Kaya, UTTS uygulamas\u0131n\u0131n g\u00f6zden ge\u00e7irilmesi gerekti\u011fini belirterek \u015fu ifadeleri kulland\u0131:<\/p>\n\n\n\n<p>\u201cBu sistem, vatanda\u015f\u0131 korumaktan \u00e7ok yeni bir y\u00fck getirmek i\u00e7in haz\u0131rlanm\u0131\u015f gibi g\u00f6r\u00fcn\u00fcyor. Mevcut ta\u015f\u0131t tan\u0131ma sistemleri zaten \u00e7al\u0131\u015f\u0131rken, milyonlarca insan\u0131n cebinden haks\u0131z yere para \u00e7\u0131kmas\u0131n\u0131 kabul etmiyoruz. UTTS uygulamas\u0131 derhal g\u00f6zden ge\u00e7irilmeli ve maliyet y\u00fck\u00fc vatanda\u015f\u0131n s\u0131rt\u0131na b\u0131rak\u0131lmamal\u0131d\u0131r.\u201d<\/p>\n\n\n\n<p>Haber Merkezi<\/p>\n","protected":false},"excerpt":{"rendered":"<p>CHP Antalya Milletvekili Aykut Kaya, TBMM Genel Kurulu\u2019nda yapt\u0131\u011f\u0131 konu\u015fmada Ulusal Ta\u015f\u0131t Tan\u0131ma Sistemi (UTTS) ile ilgili h\u00fck\u00fcmete ele\u015ftiriler y\u00f6neltti. Kaya, sistemin \u015feffafl\u0131\u011f\u0131 konusunda soru <a href=\"https:\/\/akdenizhaber.com.tr\/index.php\/2025\/03\/17\/chpli-aykut-kayadan-mecliste-utts-tepkisi-bu-ekstra-maliyet-neden-vatandasa-yukleniyor\/\" class=\"read-more-link\">[more&#8230;]<\/a><\/p>\n","protected":false},"author":2,"featured_media":28037,"comment_status":"open","ping_status":"open","sticky":false,"template":"","format":"standard","meta":{"footnotes":""},"categories":[2],"tags":[],"class_list":["post-28036","post","type-post","status-publish","format-standard","has-post-thumbnail","hentry","category-gundem"],"_links":{"self":[{"href":"https:\/\/akdenizhaber.com.tr\/index.php\/wp-json\/wp\/v2\/posts\/28036","targetHints":{"allow":["GET"]}}],"collection":[{"href":"https:\/\/akdenizhaber.com.tr\/index.php\/wp-json\/wp\/v2\/posts"}],"about":[{"href":"https:\/\/akdenizhaber.com.tr\/index.php\/wp-json\/wp\/v2\/types\/post"}],"author":[{"embeddable":true,"href":"https:\/\/akdenizhaber.com.tr\/index.php\/wp-json\/wp\/v2\/users\/2"}],"replies":[{"embeddable":true,"href":"https:\/\/akdenizhaber.com.tr\/index.php\/wp-json\/wp\/v2\/comments?post=28036"}],"version-history":[{"count":1,"href":"https:\/\/akdenizhaber.com.tr\/index.php\/wp-json\/wp\/v2\/posts\/28036\/revisions"}],"predecessor-version":[{"id":28038,"href":"https:\/\/akdenizhaber.com.tr\/index.php\/wp-json\/wp\/v2\/posts\/28036\/revisions\/28038"}],"wp:featuredmedia":[{"embeddable":true,"href":"https:\/\/akdenizhaber.com.tr\/index.php\/wp-json\/wp\/v2\/media\/28037"}],"wp:attachment":[{"href":"https:\/\/akdenizhaber.com.tr\/index.php\/wp-json\/wp\/v2\/media?parent=28036"}],"wp:term":[{"taxonomy":"category","embeddable":true,"href":"https:\/\/akdenizhaber.com.tr\/index.php\/wp-json\/wp\/v2\/categories?post=28036"},{"taxonomy":"post_tag","embeddable":true,"href":"https:\/\/akdenizhaber.com.tr\/index.php\/wp-json\/wp\/v2\/tags?post=28036"}],"curies":[{"name":"wp","href":"https:\/\/api.w.org\/{rel}","templated":true}]}}