{"id":28002,"date":"2025-03-13T16:29:58","date_gmt":"2025-03-13T13:29:58","guid":{"rendered":"https:\/\/akdenizhaber.com.tr\/?p=28002"},"modified":"2025-03-13T16:29:59","modified_gmt":"2025-03-13T13:29:59","slug":"manavgat-merkez-esnaf-ve-sanatkarlar-kredi-kefalet-kooperatifi-genel-kurulu-gerceklesti","status":"publish","type":"post","link":"https:\/\/akdenizhaber.com.tr\/index.php\/2025\/03\/13\/manavgat-merkez-esnaf-ve-sanatkarlar-kredi-kefalet-kooperatifi-genel-kurulu-gerceklesti\/","title":{"rendered":"Manavgat Merkez Esnaf ve Sanatkarlar Kredi Kefalet Kooperatifi Genel Kurulu Ger\u00e7ekle\u015fti"},"content":{"rendered":"\n<p>S.S. Manavgat Merkez Esnaf ve Sanatkarlar Kredi Kefalet Kooperatifinin 2023-2024 y\u0131l\u0131 Ola\u011fan Mali Genel Kurul toplant\u0131s\u0131 6. B\u00f6lge Birlik Ba\u015fkan\u0131 Ahmet TURAL\u2019\u0131n \u00f6nderli\u011finde, B\u00f6lge Birli\u011fi Ba\u015fkan vekili Metin S\u0130PAH\u0130, B\u00f6lge Birli\u011fi Y\u00f6n. Kur. \u00dcyesi M.Muammer \u00dcNAL, B\u00f6lge Birli\u011fi Den. Kur. \u00dcyesi Salim AKSOY, Ticaret \u0130l M\u00fcd\u00fcrl\u00fc\u011f\u00fc Bakanl\u0131k Temsilcileri Mustafa \u015eAH\u0130N ve \u0130zzet Engin ERDEN\u2019nin kat\u0131l\u0131mlar\u0131 ile ger\u00e7ekle\u015ftirildi. Genel Kurula Halk Bankas\u0131 Manavgat Sanayi \u015eubesi M\u00fcd\u00fcr\u00fc Aziz Yasin Erarslan, Manavgat Oda Ba\u015fkanlar\u0131 ve kooperatif ortaklar\u0131 yo\u011fun kat\u0131l\u0131m sa\u011flad\u0131lar. Toplant\u0131da, kooperatifin mali durumu ve gelecek d\u00f6nem hedefleri ele al\u0131nd\u0131. Kooperatif Ba\u015fkan\u0131 Abdullah Akca, t\u00fcm kat\u0131l\u0131mc\u0131lara ve ortaklara te\u015fekk\u00fcr ederek \u201cGenel kurulda alm\u0131\u015f oldu\u011fumuz kararlar\u0131n t\u00fcm ortaklar\u0131m\u0131za hay\u0131rl\u0131 olmas\u0131n\u0131 diliyorum. Dedi.<\/p>\n\n\n\n<p>B\u00fc\u015fra Deveci\/ Haber<\/p>\n","protected":false},"excerpt":{"rendered":"<p>S.S. Manavgat Merkez Esnaf ve Sanatkarlar Kredi Kefalet Kooperatifinin 2023-2024 y\u0131l\u0131 Ola\u011fan Mali Genel Kurul toplant\u0131s\u0131 6. B\u00f6lge Birlik Ba\u015fkan\u0131 Ahmet TURAL\u2019\u0131n \u00f6nderli\u011finde, B\u00f6lge Birli\u011fi <a href=\"https:\/\/akdenizhaber.com.tr\/index.php\/2025\/03\/13\/manavgat-merkez-esnaf-ve-sanatkarlar-kredi-kefalet-kooperatifi-genel-kurulu-gerceklesti\/\" class=\"read-more-link\">[more&#8230;]<\/a><\/p>\n","protected":false},"author":2,"featured_media":28003,"comment_status":"open","ping_status":"open","sticky":false,"template":"","format":"standard","meta":{"footnotes":""},"categories":[2],"tags":[],"class_list":["post-28002","post","type-post","status-publish","format-standard","has-post-thumbnail","hentry","category-gundem"],"_links":{"self":[{"href":"https:\/\/akdenizhaber.com.tr\/index.php\/wp-json\/wp\/v2\/posts\/28002","targetHints":{"allow":["GET"]}}],"collection":[{"href":"https:\/\/akdenizhaber.com.tr\/index.php\/wp-json\/wp\/v2\/posts"}],"about":[{"href":"https:\/\/akdenizhaber.com.tr\/index.php\/wp-json\/wp\/v2\/types\/post"}],"author":[{"embeddable":true,"href":"https:\/\/akdenizhaber.com.tr\/index.php\/wp-json\/wp\/v2\/users\/2"}],"replies":[{"embeddable":true,"href":"https:\/\/akdenizhaber.com.tr\/index.php\/wp-json\/wp\/v2\/comments?post=28002"}],"version-history":[{"count":1,"href":"https:\/\/akdenizhaber.com.tr\/index.php\/wp-json\/wp\/v2\/posts\/28002\/revisions"}],"predecessor-version":[{"id":28004,"href":"https:\/\/akdenizhaber.com.tr\/index.php\/wp-json\/wp\/v2\/posts\/28002\/revisions\/28004"}],"wp:featuredmedia":[{"embeddable":true,"href":"https:\/\/akdenizhaber.com.tr\/index.php\/wp-json\/wp\/v2\/media\/28003"}],"wp:attachment":[{"href":"https:\/\/akdenizhaber.com.tr\/index.php\/wp-json\/wp\/v2\/media?parent=28002"}],"wp:term":[{"taxonomy":"category","embeddable":true,"href":"https:\/\/akdenizhaber.com.tr\/index.php\/wp-json\/wp\/v2\/categories?post=28002"},{"taxonomy":"post_tag","embeddable":true,"href":"https:\/\/akdenizhaber.com.tr\/index.php\/wp-json\/wp\/v2\/tags?post=28002"}],"curies":[{"name":"wp","href":"https:\/\/api.w.org\/{rel}","templated":true}]}}