{"id":27979,"date":"2025-03-13T16:22:30","date_gmt":"2025-03-13T13:22:30","guid":{"rendered":"https:\/\/akdenizhaber.com.tr\/?p=27979"},"modified":"2025-03-13T16:22:30","modified_gmt":"2025-03-13T13:22:30","slug":"asagi-pazarci-mahallesinde-iftar-cadiri","status":"publish","type":"post","link":"https:\/\/akdenizhaber.com.tr\/index.php\/2025\/03\/13\/asagi-pazarci-mahallesinde-iftar-cadiri\/","title":{"rendered":"A\u015fa\u011f\u0131 Pazarc\u0131 Mahallesi\u2019nde \u0130ftar \u00c7ad\u0131r\u0131"},"content":{"rendered":"\n<p>Manavgat Belediyesi Ramazan ay\u0131n\u0131n her g\u00fcn\u00fc \u015fehrin d\u00f6rt bir yan\u0131nda vatanda\u015flar\u0131yla iftar \u00e7ad\u0131r\u0131nda bulu\u015fuyor. 11 \u2013 15 Mart tarihleri aras\u0131nda A\u015fa\u011f\u0131 Pazarc\u0131 Mahallesi Pazartesi Pazar\u0131\u2019nda devam edecek iftar \u00e7ad\u0131r\u0131 y\u00fczlerce ki\u015fiye hizmet vererek Ramazan ay\u0131n\u0131n payla\u015fma ve dayan\u0131\u015fma ruhunu ya\u015fatmay\u0131 ama\u00e7l\u0131yor.<\/p>\n\n\n\n<p>Her ak\u015fam s\u0131cak yemek ikram\u0131n\u0131n yap\u0131ld\u0131\u011f\u0131 \u00e7ad\u0131rlarda, vatanda\u015flar ayn\u0131 sofrada bulu\u015farak oru\u00e7lar\u0131n\u0131 a\u00e7acak. Belediyenin a\u015f\u00e7\u0131lar\u0131 ve ekipleri, vatanda\u015flar\u0131n sa\u011fl\u0131kl\u0131 ve hijyenik bir ortamda iftar yapabilmesi i\u00e7in \u00f6zenle \u00e7al\u0131\u015f\u0131yor.<\/p>\n\n\n\n<p>MANAVGAT\u2019TA K\u0130MSE YALNIZ DE\u011e\u0130L<\/p>\n\n\n\n<p>\u0130ftar \u00f6ncesi masalar\u0131 tek tek gezen Manavgat Belediye Ba\u015fkan\u0131 Op. Dr. Niyazi Nefi Kara, vatanda\u015flarla konu\u015farak foto\u011fraf \u00e7ektirdi. Ba\u015fkan Kara, iftar \u00e7ad\u0131rlar\u0131n\u0131n toplumda birlik ve beraberli\u011fi peki\u015ftirdi\u011fini vurgulayarak, \u201c\u0130ftar sofralar\u0131 sadece yemek yedi\u011fimiz de\u011fil, g\u00f6n\u00fcllerimizi de bulu\u015fturdu\u011fumuz sofralard\u0131r. Manavgat\u2019ta kimse yaln\u0131z de\u011fil, bu sofralar hepimizin.\u201d dedi.<\/p>\n\n\n\n<p>Manavgat Belediyesi payla\u015fma ve dayan\u0131\u015fman\u0131n en g\u00fczel ya\u015fand\u0131\u011f\u0131 aylardan biri olan Ramazan boyunca Manavgat\u2019\u0131n farkl\u0131 mahallelerinde kurdu\u011fu iftar \u00e7ad\u0131rlar\u0131 ile vatanda\u015flara hizmet vermeye devam edecek.<\/p>\n\n\n\n<p>Manavgat Belediyesi \/ B\u00fclten<\/p>\n","protected":false},"excerpt":{"rendered":"<p>Manavgat Belediyesi Ramazan ay\u0131n\u0131n her g\u00fcn\u00fc \u015fehrin d\u00f6rt bir yan\u0131nda vatanda\u015flar\u0131yla iftar \u00e7ad\u0131r\u0131nda bulu\u015fuyor. 11 \u2013 15 Mart tarihleri aras\u0131nda A\u015fa\u011f\u0131 Pazarc\u0131 Mahallesi Pazartesi Pazar\u0131\u2019nda <a href=\"https:\/\/akdenizhaber.com.tr\/index.php\/2025\/03\/13\/asagi-pazarci-mahallesinde-iftar-cadiri\/\" class=\"read-more-link\">[more&#8230;]<\/a><\/p>\n","protected":false},"author":2,"featured_media":27980,"comment_status":"open","ping_status":"open","sticky":false,"template":"","format":"standard","meta":{"footnotes":""},"categories":[2],"tags":[],"class_list":["post-27979","post","type-post","status-publish","format-standard","has-post-thumbnail","hentry","category-gundem"],"_links":{"self":[{"href":"https:\/\/akdenizhaber.com.tr\/index.php\/wp-json\/wp\/v2\/posts\/27979","targetHints":{"allow":["GET"]}}],"collection":[{"href":"https:\/\/akdenizhaber.com.tr\/index.php\/wp-json\/wp\/v2\/posts"}],"about":[{"href":"https:\/\/akdenizhaber.com.tr\/index.php\/wp-json\/wp\/v2\/types\/post"}],"author":[{"embeddable":true,"href":"https:\/\/akdenizhaber.com.tr\/index.php\/wp-json\/wp\/v2\/users\/2"}],"replies":[{"embeddable":true,"href":"https:\/\/akdenizhaber.com.tr\/index.php\/wp-json\/wp\/v2\/comments?post=27979"}],"version-history":[{"count":1,"href":"https:\/\/akdenizhaber.com.tr\/index.php\/wp-json\/wp\/v2\/posts\/27979\/revisions"}],"predecessor-version":[{"id":27981,"href":"https:\/\/akdenizhaber.com.tr\/index.php\/wp-json\/wp\/v2\/posts\/27979\/revisions\/27981"}],"wp:featuredmedia":[{"embeddable":true,"href":"https:\/\/akdenizhaber.com.tr\/index.php\/wp-json\/wp\/v2\/media\/27980"}],"wp:attachment":[{"href":"https:\/\/akdenizhaber.com.tr\/index.php\/wp-json\/wp\/v2\/media?parent=27979"}],"wp:term":[{"taxonomy":"category","embeddable":true,"href":"https:\/\/akdenizhaber.com.tr\/index.php\/wp-json\/wp\/v2\/categories?post=27979"},{"taxonomy":"post_tag","embeddable":true,"href":"https:\/\/akdenizhaber.com.tr\/index.php\/wp-json\/wp\/v2\/tags?post=27979"}],"curies":[{"name":"wp","href":"https:\/\/api.w.org\/{rel}","templated":true}]}}