{"id":27976,"date":"2025-03-13T16:21:51","date_gmt":"2025-03-13T13:21:51","guid":{"rendered":"https:\/\/akdenizhaber.com.tr\/?p=27976"},"modified":"2025-03-13T16:21:51","modified_gmt":"2025-03-13T13:21:51","slug":"dana-ottmannin-ismi-manavgatta-yasatilmali","status":"publish","type":"post","link":"https:\/\/akdenizhaber.com.tr\/index.php\/2025\/03\/13\/dana-ottmannin-ismi-manavgatta-yasatilmali\/","title":{"rendered":"Dana Ottmann&#8217;\u0131n \u0130smi Manavgat&#8217;ta Ya\u015fat\u0131lmal\u0131"},"content":{"rendered":"\n<p>Manavgat ile Almanya&#8217;n\u0131n Kuzey Ren Vestfalya Eyaleti Her Ford \u015fehrinin karde\u015f \u015fehir olma \u00f6nc\u00fcs\u00fc ve mimar\u0131 olan Alman bisiklet sporcusu ve klinik psikolog Dana Ottmann&#8217;n\u0131n isminin sevenleri ve T\u00fcrk dostlar\u0131 taraf\u0131ndan Manavgat\u2019ta ya\u015fat\u0131lmas\u0131 isteniyor.<\/p>\n\n\n\n<p>Alman bisiklet sporcusu ve klinik psikolog Dana Ottmann, D\u00f6rt y\u0131l \u00f6nce Corona vir\u00fcs\u00fcnden korunma ama\u00e7l\u0131 Almanya Herford&#8217;ta oldu\u011fu Asta Zenika a\u015f\u0131s\u0131 sonras\u0131 9 Mart 2021 tarihinde evinde \u00f6l\u00fc bulunmu\u015ftu.<\/p>\n\n\n\n<p>Dana Ottmann&#8217;\u0131n Manavgat ve Antalya&#8217;da ya\u015fayan sevenleri isminin Manavgat&#8217;ta bir caddeye, bulvara, soka\u011fa bir parka yada bisiklet yoluna verilmesini istiyor.<\/p>\n\n\n\n<p>Manavgat&#8217;ta Umut Pide Sahibi Halis D\u00fczg\u00fcn,20 y\u0131ll\u0131k dostlar\u0131 Alman Ottmann ailesinin biricik k\u0131zlar\u0131 Dana&#8217;y\u0131 4 y\u0131l \u00f6nce kaybetmenin derin \u00fcz\u00fcnt\u00fcs\u00fc i\u00e7inde oldu\u011funu s\u00f6yledi. Halis D\u00fczg\u00fcn,&#8221; Dana Ottmann&#8217;\u0131n ismi mutlaka Manavgat&#8217;ta ya\u015fat\u0131lmas\u0131 gerekir.&#8221;dedi.<\/p>\n\n\n\n<p>Adalet ve \u0130nsan Haklar\u0131 Platformu(AH\u0130P) Ba\u015fkan\u0131 Av. M\u00fccahit G\u00fcndo\u011fdu, Dana\u2019n\u0131n Manavgat&#8217;ta bisiklet sporuna katk\u0131s\u0131 ile Manavgat- Herford Belediyesi karde\u015f \u015fehir olmas\u0131n\u0131n mimar\u0131 oldu\u011funu s\u00f6yledi. Av. M\u00fccahit G\u00fcndo\u011fdu,&#8221; Dana vefat\u0131n\u0131n 4&#8217;nc\u00fc y\u0131l\u0131nda Manavgat&#8217;ta bir yere ismi verilerek ya\u015fat\u0131lmas\u0131 gerekiyor.Bu konuda Manavgat Belediye Meclisi oy birli\u011fi karar\u0131 ile bir parka yada bisiklet yoluna ismini verebilir.&#8221;diye konu\u015ftu.<\/p>\n\n\n\n<p>&nbsp;K\u00fclt\u00fcr turizmi uzman\u0131 Erdem Uysal, Dana&#8217;n\u0131n Antalya&#8217;da Bisiklet sporu ve turizminin ba\u015flamas\u0131 ve hayat bulmas\u0131nda \u00e7ok b\u00fcy\u00fck eme\u011finin bulundu\u011funun alt\u0131n\u0131 \u00e7izdi. Erdem Uysal, &#8221; Dana Otman&#8217;\u0131 32 ya\u015f\u0131nda gen\u00e7 ya\u015f\u0131nda ac\u0131 bir olayda kaybettik. Bisiklet sporuna katk\u0131lar\u0131 i\u00e7in T\u00fcrkiye Bisiklet Federasyonu(TBF) \u00f6nc\u00fcl\u00fc\u011f\u00fcnde yerel y\u00f6netimlerde ismi ya\u015fat\u0131lmal\u0131. Dana, Antalya&#8217;da T\u00fcrk-Alman dostlu\u011funun sembol ismiydi. &#8221; diye konu\u015ftu.<\/p>\n\n\n\n<p>Anne Petra Otmann, k\u0131z\u0131n\u0131n 4 y\u0131l \u00f6nce kaybetmenin ac\u0131s\u0131n\u0131 hale d\u00fcn gibi ya\u015fad\u0131\u011f\u0131n\u0131 s\u00f6yledi. Alman Pedagog Petra Otmann, &#8221; Biricik k\u0131z\u0131m\u0131 \u00e7ok gen\u00e7 ya\u015fta kaybetmenin ac\u0131s\u0131 hala y\u00fcre\u011fimde. \u0130\u00e7im yan\u0131yor, 4 y\u0131ld\u0131r a\u011fl\u0131yorum. Onun hat\u0131ras\u0131 olan foto\u011fraflar\u0131na hi\u00e7 bakam\u0131yorum. Bak\u0131nca g\u00f6zya\u015flar\u0131na bo\u011fuluyorum. &#8221; diyerek&nbsp; hayat\u0131n\u0131 kaybeden k\u0131z\u0131na kar\u015f\u0131 \u00f6zlemini dile getirdi.&nbsp;<\/p>\n\n\n\n<p>&nbsp;Baba Prof. Dr. Horst B\u00f6hmert Ottmann , 4 y\u0131l \u00f6nce hayat\u0131n\u0131 kaybeden k\u0131z\u0131 Dana&#8217;y\u0131 kaybetmenin ac\u0131s\u0131n\u0131n kendisinde derin bir&nbsp; \u00fcz\u00fcnt\u00fc olu\u015fturdu\u011fu ve hale&nbsp; bu \u00fcz\u00fcnt\u00fcn\u00fcn her g\u00fcn devam etti\u011fini kaydetti. Horst B\u00f6hmert,&#8221;K\u0131z\u0131m Dana benim mele\u011fimdi. 4 y\u0131l \u00f6nce corona d\u00f6neminde u\u00e7up gitti. Yoklu\u011funa 4 y\u0131ld\u0131r hi\u00e7 al\u0131\u015famad\u0131m. Akl\u0131ma&nbsp; gelince ve foto\u011fraflar\u0131na bak\u0131nca hep a\u011fl\u0131yorum. &#8221; \u015feklinde konu\u015ftu.&nbsp;<\/p>\n\n\n\n<p>&nbsp;Manavgat&#8217;ta&nbsp; yerle\u015fik ya\u015fayan bisiklet sporcusu ve klinik psikolog Dana Ottmann, coronavirus salg\u0131n\u0131 d\u00f6neminde geldi\u011fi Almanya Herford&#8217;ta&nbsp; AstraZeneca a\u015f\u0131s\u0131 yapt\u0131rm\u0131\u015ft\u0131.&nbsp; A\u015f\u0131dan hemen birka\u00e7 g\u00fcn sonra ise \u00f6nce halsizlik hissetti, ard\u0131ndan da ate\u015flendi. 9 Mart 2021 g\u00fcn\u00fc ise Kuzey Ren Vestfalya\u2019ya ba\u011fl\u0131 Herford kentindeki evinde ya\u015fam\u0131n\u0131 yitirdi. Manavgat&#8217;ta ya\u015fayan Ottmann\u2019\u0131n babas\u0131 Horst B\u00f6hmert Ottmann ve annesi Petra Ottmann k\u0131zlar\u0131n\u0131n \u00f6l\u00fcm\u00fcyle y\u0131k\u0131l\u0131rken, Bielefeld Savc\u0131l\u0131\u011f\u0131 talimat\u0131yla Ottmann\u2019a otopsi yap\u0131ld\u0131. M\u00fcnster\u2019deki adli t\u0131p taraf\u0131ndan ger\u00e7ekle\u015ftirilen otopsi sonu\u00e7lar\u0131 de\u011ferlendirildi. Ba\u011f\u0131\u015f\u0131kl\u0131k reaksiyonlar\u0131 konusunda uzmanla\u015fm\u0131\u015f Greifswald \u00dcniversitesi\u2019ne ba\u011fl\u0131 \u0130mm\u00fcnoloji ve Transf\u00fczyon T\u0131p Enstit\u00fcs\u00fc, a\u015f\u0131ya ba\u011fl\u0131 olarak ortaya \u00e7\u0131kan ba\u011f\u0131\u015f\u0131kl\u0131k reaksiyonunun gen\u00e7 kad\u0131n\u0131n \u00f6l\u00fcm\u00fcne sebep oldu\u011funu a\u00e7\u0131klad\u0131 ve gen\u00e7 kad\u0131n\u0131n beyin damarlar\u0131ndaki kanama p\u0131ht\u0131la\u015fma nedeniyle ya\u015fam\u0131n\u0131 yitirdi\u011fi rapor edilmi\u015fti.<\/p>\n\n\n\n<p>Haber\/Abdurrahman B\u00fcy\u00fckkeskin<\/p>\n","protected":false},"excerpt":{"rendered":"<p>Manavgat ile Almanya&#8217;n\u0131n Kuzey Ren Vestfalya Eyaleti Her Ford \u015fehrinin karde\u015f \u015fehir olma \u00f6nc\u00fcs\u00fc ve mimar\u0131 olan Alman bisiklet sporcusu ve klinik psikolog Dana Ottmann&#8217;n\u0131n <a href=\"https:\/\/akdenizhaber.com.tr\/index.php\/2025\/03\/13\/dana-ottmannin-ismi-manavgatta-yasatilmali\/\" class=\"read-more-link\">[more&#8230;]<\/a><\/p>\n","protected":false},"author":2,"featured_media":27977,"comment_status":"open","ping_status":"open","sticky":false,"template":"","format":"standard","meta":{"footnotes":""},"categories":[2],"tags":[],"class_list":["post-27976","post","type-post","status-publish","format-standard","has-post-thumbnail","hentry","category-gundem"],"_links":{"self":[{"href":"https:\/\/akdenizhaber.com.tr\/index.php\/wp-json\/wp\/v2\/posts\/27976","targetHints":{"allow":["GET"]}}],"collection":[{"href":"https:\/\/akdenizhaber.com.tr\/index.php\/wp-json\/wp\/v2\/posts"}],"about":[{"href":"https:\/\/akdenizhaber.com.tr\/index.php\/wp-json\/wp\/v2\/types\/post"}],"author":[{"embeddable":true,"href":"https:\/\/akdenizhaber.com.tr\/index.php\/wp-json\/wp\/v2\/users\/2"}],"replies":[{"embeddable":true,"href":"https:\/\/akdenizhaber.com.tr\/index.php\/wp-json\/wp\/v2\/comments?post=27976"}],"version-history":[{"count":1,"href":"https:\/\/akdenizhaber.com.tr\/index.php\/wp-json\/wp\/v2\/posts\/27976\/revisions"}],"predecessor-version":[{"id":27978,"href":"https:\/\/akdenizhaber.com.tr\/index.php\/wp-json\/wp\/v2\/posts\/27976\/revisions\/27978"}],"wp:featuredmedia":[{"embeddable":true,"href":"https:\/\/akdenizhaber.com.tr\/index.php\/wp-json\/wp\/v2\/media\/27977"}],"wp:attachment":[{"href":"https:\/\/akdenizhaber.com.tr\/index.php\/wp-json\/wp\/v2\/media?parent=27976"}],"wp:term":[{"taxonomy":"category","embeddable":true,"href":"https:\/\/akdenizhaber.com.tr\/index.php\/wp-json\/wp\/v2\/categories?post=27976"},{"taxonomy":"post_tag","embeddable":true,"href":"https:\/\/akdenizhaber.com.tr\/index.php\/wp-json\/wp\/v2\/tags?post=27976"}],"curies":[{"name":"wp","href":"https:\/\/api.w.org\/{rel}","templated":true}]}}