{"id":27971,"date":"2025-03-13T16:21:23","date_gmt":"2025-03-13T13:21:23","guid":{"rendered":"https:\/\/akdenizhaber.com.tr\/?p=27971"},"modified":"2025-03-13T16:21:24","modified_gmt":"2025-03-13T13:21:24","slug":"colaklida-birlik-ve-beraberlik-sofrasi","status":"publish","type":"post","link":"https:\/\/akdenizhaber.com.tr\/index.php\/2025\/03\/13\/colaklida-birlik-ve-beraberlik-sofrasi\/","title":{"rendered":"\u00c7olakl\u0131&#8217;da Birlik ve Beraberlik Sofras\u0131"},"content":{"rendered":"\n<p>Manavgat Belediyesi Ramazan ay\u0131 boyunca Manavgat\u2019\u0131n farkl\u0131 mahallelerinde iftar sofralar\u0131 kurarak vatanda\u015flarla bir araya geliyor. D\u00fcn ak\u015fam \u00c7olakl\u0131 Mahallesi\u2019nde verilen iftar yeme\u011finde Belediye Ba\u015fkan\u0131 Dr. Niyazi Nefi Kara, e\u015fi Dr. Hacer Kara, CHP Antalya \u0130l Gen\u00e7lik Kollar\u0131 Ba\u015fkan\u0131 Onur Kayar, CHP \u0130l\u00e7e Gen\u00e7lik Kollar\u0131 Ba\u015fkan\u0131 Hasan \u00d6zer, belediye ba\u015fkan yard\u0131mc\u0131lar\u0131, muhtarlar, belediye meclis \u00fcyeleri ve sivil toplum kurulu\u015flar\u0131n\u0131n&nbsp; (STK) temsilcileri de iftar program\u0131na kat\u0131larak payla\u015fma ve dayan\u0131\u015fma \u00f6rne\u011fi sergiledi.<\/p>\n\n\n\n<p>Ramazan\u2019\u0131n manevi atmosferinin hissedildi\u011fi iftar program\u0131nda, belediye ekipleri taraf\u0131ndan \u00f6zenle haz\u0131rlanan yemekler vatanda\u015flara ikram edildi.<\/p>\n\n\n\n<p>BA\u015eKAN KARA T\u00dcM MAHALLELERDE G\u00d6N\u00dcL SOFRASI KURUYOR<\/p>\n\n\n\n<p>Vatanda\u015flar\u0131n ezan\u0131n okunmas\u0131yla birlikte dualar e\u015fli\u011finde oru\u00e7lar\u0131n\u0131 a\u00e7t\u0131\u011f\u0131 iftar ak\u015fam\u0131nda Ba\u015fkan Kara vatanda\u015flarla bir araya gelerek sohbet etti. Ba\u015fkan Kara, \u201c T\u00fcm mahallelerimizde ve beldelerimizde vatanda\u015flar\u0131m\u0131zla bulu\u015facak, g\u00f6n\u00fcl sofralar\u0131m\u0131z\u0131 halk\u0131m\u0131zla payla\u015faca\u011f\u0131z. Biz ayn\u0131 sofrada ekme\u011fini b\u00f6l\u00fc\u015fen karde\u015fleriz. Her zaman s\u00f6yledi\u011fim gibi; biz biriz, birlikteyiz. Ramazan ay\u0131 birlik olma, payla\u015fma ve dayan\u0131\u015fma ay\u0131d\u0131r. T\u00fcm vatanda\u015flar\u0131m\u0131z\u0131n tuttu\u011fu oru\u00e7lar\u0131 kabul olsun.\u201d dedi.<\/p>\n\n\n\n<p>Manavgat Belediyesi, iftar sofralar\u0131yla payla\u015fma ve dayan\u0131\u015fma gelene\u011fini ya\u015fatmaya devam edece\u011fini belirtirken, mahalle sakinleri bu bulu\u015fmadan duyduklar\u0131 memnuniyeti dile getirdi.<\/p>\n\n\n\n<p>Manavgat Belediyesi \/ B\u00fclten<\/p>\n","protected":false},"excerpt":{"rendered":"<p>Manavgat Belediyesi Ramazan ay\u0131 boyunca Manavgat\u2019\u0131n farkl\u0131 mahallelerinde iftar sofralar\u0131 kurarak vatanda\u015flarla bir araya geliyor. D\u00fcn ak\u015fam \u00c7olakl\u0131 Mahallesi\u2019nde verilen iftar yeme\u011finde Belediye Ba\u015fkan\u0131 Dr. <a href=\"https:\/\/akdenizhaber.com.tr\/index.php\/2025\/03\/13\/colaklida-birlik-ve-beraberlik-sofrasi\/\" class=\"read-more-link\">[more&#8230;]<\/a><\/p>\n","protected":false},"author":2,"featured_media":27974,"comment_status":"open","ping_status":"open","sticky":false,"template":"","format":"standard","meta":{"footnotes":""},"categories":[2],"tags":[],"class_list":["post-27971","post","type-post","status-publish","format-standard","has-post-thumbnail","hentry","category-gundem"],"_links":{"self":[{"href":"https:\/\/akdenizhaber.com.tr\/index.php\/wp-json\/wp\/v2\/posts\/27971","targetHints":{"allow":["GET"]}}],"collection":[{"href":"https:\/\/akdenizhaber.com.tr\/index.php\/wp-json\/wp\/v2\/posts"}],"about":[{"href":"https:\/\/akdenizhaber.com.tr\/index.php\/wp-json\/wp\/v2\/types\/post"}],"author":[{"embeddable":true,"href":"https:\/\/akdenizhaber.com.tr\/index.php\/wp-json\/wp\/v2\/users\/2"}],"replies":[{"embeddable":true,"href":"https:\/\/akdenizhaber.com.tr\/index.php\/wp-json\/wp\/v2\/comments?post=27971"}],"version-history":[{"count":1,"href":"https:\/\/akdenizhaber.com.tr\/index.php\/wp-json\/wp\/v2\/posts\/27971\/revisions"}],"predecessor-version":[{"id":27975,"href":"https:\/\/akdenizhaber.com.tr\/index.php\/wp-json\/wp\/v2\/posts\/27971\/revisions\/27975"}],"wp:featuredmedia":[{"embeddable":true,"href":"https:\/\/akdenizhaber.com.tr\/index.php\/wp-json\/wp\/v2\/media\/27974"}],"wp:attachment":[{"href":"https:\/\/akdenizhaber.com.tr\/index.php\/wp-json\/wp\/v2\/media?parent=27971"}],"wp:term":[{"taxonomy":"category","embeddable":true,"href":"https:\/\/akdenizhaber.com.tr\/index.php\/wp-json\/wp\/v2\/categories?post=27971"},{"taxonomy":"post_tag","embeddable":true,"href":"https:\/\/akdenizhaber.com.tr\/index.php\/wp-json\/wp\/v2\/tags?post=27971"}],"curies":[{"name":"wp","href":"https:\/\/api.w.org\/{rel}","templated":true}]}}