{"id":27957,"date":"2025-03-10T17:03:10","date_gmt":"2025-03-10T14:03:10","guid":{"rendered":"https:\/\/akdenizhaber.com.tr\/?p=27957"},"modified":"2025-03-10T17:03:11","modified_gmt":"2025-03-10T14:03:11","slug":"flag-futbol-yetiskin-kadinlar-turkiye-sampiyonasi-manavgatta-basladi","status":"publish","type":"post","link":"https:\/\/akdenizhaber.com.tr\/index.php\/2025\/03\/10\/flag-futbol-yetiskin-kadinlar-turkiye-sampiyonasi-manavgatta-basladi\/","title":{"rendered":"Flag Futbol Yeti\u015fkin Kad\u0131nlar T\u00fcrkiye \u015eampiyonas\u0131 Manavgat\u2019ta Ba\u015flad\u0131"},"content":{"rendered":"\n<p>Manavgat Belediyesi\u2019nin katk\u0131lar\u0131yla d\u00fczenlenen T\u00fcrkiye Ragbi Federasyonu 2025 Flag Futbol Yeti\u015fkin Kad\u0131nlar T\u00fcrkiye \u015eampiyonas\u0131 1. Etap M\u00fcsabakalar\u0131, 7 Mart itibar\u0131yla ba\u015flad\u0131. Side Atat\u00fcrk Stad\u0131\u2019nda ger\u00e7ekle\u015fen turnuvan\u0131n ilk g\u00fcn kar\u015f\u0131la\u015fmalar\u0131nda, kad\u0131n sporcular k\u0131yas\u0131ya m\u00fccadele ederken, sporseverlerin ma\u00e7lara b\u00fcy\u00fck ilgisi vard\u0131.<\/p>\n\n\n\n<p>BA\u015eKAN KARA\u2019DAN SPORA VE SPORCUYA DESTEK<\/p>\n\n\n\n<p>Turnuvaya dair a\u00e7\u0131klamalarda bulunan Manavgat Belediye Ba\u015fkan\u0131 Dr. Niyazi Nefi Kara, Manavgat Belediyesi olarak her zaman sporun ve sporcular\u0131n yan\u0131nda olduklar\u0131n\u0131 belirtti. Ba\u015fkan Kara, \u201c\u015eehrimizde d\u00fczenlenen bu \u015fampiyona, kad\u0131n sporcular\u0131m\u0131z i\u00e7in \u00f6nemli bir f\u0131rsat sunuyor. Kad\u0131nlar\u0131m\u0131z\u0131n sporda daha fazla yer almas\u0131n\u0131 ve ba\u015far\u0131l\u0131 olmalar\u0131n\u0131 desteklemek, bizim i\u00e7in b\u00fcy\u00fck bir gurur kayna\u011f\u0131. Manavgat, yaln\u0131zca tarihi ve do\u011fal g\u00fczellikleriyle de\u011fil, ayn\u0131 zamanda spor alan\u0131ndaki ba\u015far\u0131lar\u0131yla da an\u0131lan bir \u015fehir olacak. Bu organizasyon, hem gen\u00e7 sporcular\u0131m\u0131z\u0131n kendilerini geli\u015ftirmesi hem de kad\u0131nlar\u0131m\u0131z\u0131n spor alan\u0131nda daha aktif olmalar\u0131 f\u0131rsat\u0131n\u0131 sunuyor. Manavgat Belediyesi olarak kad\u0131nlar\u0131m\u0131z\u0131n sporda daha fazla yer almas\u0131n\u0131 sa\u011flamak i\u00e7in altyap\u0131 \u00e7al\u0131\u015fmalar\u0131m\u0131z\u0131 s\u00fcrd\u00fcrecek, gen\u00e7 yeteneklerin \u00f6n\u00fcn\u00fc a\u00e7acak projelere imza ataca\u011f\u0131z. T\u00fcm sporseverleri bu heyecan dolu organizasyona destek vermeye davet ediyorum.\u201d dedi.<\/p>\n\n\n\n<p>M\u00dcSABAKALAR DEVAM ED\u0130YOR<\/p>\n\n\n\n<p>2025 Flag Futbol Yeti\u015fkin Kad\u0131nlar T\u00fcrkiye \u015eampiyonas\u0131 1. Etap M\u00fcsabakalar\u0131, 7-9 Mart 2025 tarihleri aras\u0131nda Side Atat\u00fcrk Stad\u0131\u2019nda ger\u00e7ekle\u015ftiriliyor. T\u00fcrkiye\u2019nin d\u00f6rt bir yan\u0131ndan gelen tak\u0131mlar, \u015fampiyonluk yolunda ter d\u00f6kerken, sporseverler de bu heyecana ortak olma f\u0131rsat\u0131 buluyor.<\/p>\n\n\n\n<p>FLAG FUTBOLA ARTAN \u0130LG\u0130<\/p>\n\n\n\n<p>Son y\u0131llarda d\u00fcnya genelinde pop\u00fclerli\u011fi artan flag futbol, temas gerektirmeyen bir Amerikan futbolu t\u00fcrevi olarak dikkat \u00e7ekiyor. Kad\u0131nlar\u0131n bu alanda daha fazla yer almas\u0131n\u0131 te\u015fvik eden turnuvalar, sporseverlerin ilgisini \u00e7ekerken, kad\u0131n sporcular\u0131n da profesyonel anlamda kendilerini geli\u015ftirmelerine olanak sa\u011fl\u0131yor.<\/p>\n\n\n\n<p>T\u00dcM SPORSEVERLER DAVETL\u0130<\/p>\n\n\n\n<p>Organizasyon yetkilileri ve Manavgat Belediyesi, flag futbol heyecan\u0131n\u0131 yak\u0131ndan takip etmek isteyen herkesi m\u00fcsabakalara davet ediyor. Spor dolu \u00fc\u00e7 g\u00fcn boyunca, b\u00f6lgedeki vatanda\u015flar ve turistler, kad\u0131n sporcular\u0131n m\u00fccadelesine tan\u0131kl\u0131k etme f\u0131rsat\u0131 yakalayacak.<\/p>\n\n\n\n<p>T\u00fcrkiye Ragbi Federasyonu\u2019nun resmi internet sitesinden ve Manavgat Belediyesi\u2019nin sosyal medya hesaplar\u0131ndan \u015fampiyona ile ilgili g\u00fcncel bilgilere ula\u015f\u0131labilecek.<\/p>\n\n\n\n<p>Manavgat Belediyesi \/ B\u00fclten<\/p>\n","protected":false},"excerpt":{"rendered":"<p>Manavgat Belediyesi\u2019nin katk\u0131lar\u0131yla d\u00fczenlenen T\u00fcrkiye Ragbi Federasyonu 2025 Flag Futbol Yeti\u015fkin Kad\u0131nlar T\u00fcrkiye \u015eampiyonas\u0131 1. Etap M\u00fcsabakalar\u0131, 7 Mart itibar\u0131yla ba\u015flad\u0131. Side Atat\u00fcrk Stad\u0131\u2019nda ger\u00e7ekle\u015fen <a href=\"https:\/\/akdenizhaber.com.tr\/index.php\/2025\/03\/10\/flag-futbol-yetiskin-kadinlar-turkiye-sampiyonasi-manavgatta-basladi\/\" class=\"read-more-link\">[more&#8230;]<\/a><\/p>\n","protected":false},"author":2,"featured_media":27958,"comment_status":"open","ping_status":"open","sticky":false,"template":"","format":"standard","meta":{"footnotes":""},"categories":[2],"tags":[],"class_list":["post-27957","post","type-post","status-publish","format-standard","has-post-thumbnail","hentry","category-gundem"],"_links":{"self":[{"href":"https:\/\/akdenizhaber.com.tr\/index.php\/wp-json\/wp\/v2\/posts\/27957","targetHints":{"allow":["GET"]}}],"collection":[{"href":"https:\/\/akdenizhaber.com.tr\/index.php\/wp-json\/wp\/v2\/posts"}],"about":[{"href":"https:\/\/akdenizhaber.com.tr\/index.php\/wp-json\/wp\/v2\/types\/post"}],"author":[{"embeddable":true,"href":"https:\/\/akdenizhaber.com.tr\/index.php\/wp-json\/wp\/v2\/users\/2"}],"replies":[{"embeddable":true,"href":"https:\/\/akdenizhaber.com.tr\/index.php\/wp-json\/wp\/v2\/comments?post=27957"}],"version-history":[{"count":1,"href":"https:\/\/akdenizhaber.com.tr\/index.php\/wp-json\/wp\/v2\/posts\/27957\/revisions"}],"predecessor-version":[{"id":27959,"href":"https:\/\/akdenizhaber.com.tr\/index.php\/wp-json\/wp\/v2\/posts\/27957\/revisions\/27959"}],"wp:featuredmedia":[{"embeddable":true,"href":"https:\/\/akdenizhaber.com.tr\/index.php\/wp-json\/wp\/v2\/media\/27958"}],"wp:attachment":[{"href":"https:\/\/akdenizhaber.com.tr\/index.php\/wp-json\/wp\/v2\/media?parent=27957"}],"wp:term":[{"taxonomy":"category","embeddable":true,"href":"https:\/\/akdenizhaber.com.tr\/index.php\/wp-json\/wp\/v2\/categories?post=27957"},{"taxonomy":"post_tag","embeddable":true,"href":"https:\/\/akdenizhaber.com.tr\/index.php\/wp-json\/wp\/v2\/tags?post=27957"}],"curies":[{"name":"wp","href":"https:\/\/api.w.org\/{rel}","templated":true}]}}