{"id":27949,"date":"2025-03-10T17:01:44","date_gmt":"2025-03-10T14:01:44","guid":{"rendered":"https:\/\/akdenizhaber.com.tr\/?p=27949"},"modified":"2025-03-10T17:04:48","modified_gmt":"2025-03-10T14:04:48","slug":"erken-puberte-adet-gorme","status":"publish","type":"post","link":"https:\/\/akdenizhaber.com.tr\/index.php\/2025\/03\/10\/erken-puberte-adet-gorme\/","title":{"rendered":"Erken Puberte (Adet g\u00f6rme)"},"content":{"rendered":"\n<p>Kad\u0131n sa\u011fl\u0131\u011f\u0131 deyince&nbsp; fiziksel, zihinsel ve ruhsal sa\u011fl\u0131kl\u0131l\u0131k anla\u015f\u0131l\u0131r. Bir kad\u0131n\u0131n sa\u011fl\u0131kl\u0131 olabilmesi i\u00e7in bu \u00fc\u00e7 \u015fart\u0131n da bir arada olmas\u0131 gerekir.. Bu \u00fc\u00e7 \u015fart birbirini olumlu ve olumsuz y\u00f6nde etkiler.. Diyelim ki; obez bir k\u0131z \u00e7ocu\u011fu veya kad\u0131n var.. Hem psikolojik durumu, hem de zihinsel durumu etkilenir.. Onun&nbsp; i\u00e7in t\u00fcm kad\u0131nlar\u0131m\u0131z\u0131n bedenlerine psikolojik durumlar\u0131na ve de zihinsel durumlar\u0131na ergenlikten itibaren yat\u0131r\u0131m yapmalar\u0131 gerekir..<\/p>\n\n\n\n<figure class=\"wp-block-image size-large\"><img loading=\"lazy\" decoding=\"async\" width=\"1014\" height=\"1024\" src=\"https:\/\/akdenizhaber.com.tr\/wp-content\/uploads\/2025\/03\/H.ziyaettin-1-1014x1024.jpg\" alt=\"\" class=\"wp-image-27951\" srcset=\"https:\/\/akdenizhaber.com.tr\/wp-content\/uploads\/2025\/03\/H.ziyaettin-1-1014x1024.jpg 1014w, https:\/\/akdenizhaber.com.tr\/wp-content\/uploads\/2025\/03\/H.ziyaettin-1-297x300.jpg 297w, https:\/\/akdenizhaber.com.tr\/wp-content\/uploads\/2025\/03\/H.ziyaettin-1-150x150.jpg 150w, https:\/\/akdenizhaber.com.tr\/wp-content\/uploads\/2025\/03\/H.ziyaettin-1-768x776.jpg 768w, https:\/\/akdenizhaber.com.tr\/wp-content\/uploads\/2025\/03\/H.ziyaettin-1.jpg 1170w\" sizes=\"auto, (max-width: 1014px) 100vw, 1014px\" \/><\/figure>\n\n\n\n<p>Op.Dr. H\u00fcseyin Ziyaettin<\/p>\n\n\n\n<p>Bug\u00fcn sizlere <strong>\u201cerken puberte\u201d<\/strong>\u2019den bahsetmek istiyorum. Bir k\u0131z \u00e7ocu\u011funun on ya\u015f\u0131ndan \u00f6nce adet g\u00f6rmesi erken pubertedir.. Peki erken adet neden istenmez? \u00c7\u00fcnk\u00fc erken adet olmak k\u0131z \u00e7ocuklar\u0131n\u0131n boylar\u0131n\u0131n k\u0131sa kalmas\u0131na neden olur\u2026 Y\u00fcksek \u00f6strojen seviyeleri eklem aral\u0131\u011f\u0131ndaki epifiz geli\u015fmesini yava\u015flat\u0131r ve&nbsp; boy k\u0131sa kal\u0131r..<\/p>\n\n\n\n<p>Anneler&nbsp; k\u0131z \u00e7ocuklar\u0131n\u0131n erken puberteye girece\u011fini nas\u0131l anlar?<\/p>\n\n\n\n<p>\u0130lk \u00f6nce&nbsp; meme b\u00f6lgesinde meme tomurcu\u011fu olu\u015fur daha sonra koltuk alt\u0131 ve genital b\u00f6lgede siyah k\u0131llanma ve nihayetinde de adet olunur.. Bu belirtileri saptayan anneler mutlaka \u00e7ocuklar\u0131n\u0131 uzmanlara g\u00f6t\u00fcrmelidir.. Yap\u0131lan incelemelerde el bile\u011fi grafikleri, hormonlar, ultrason, \u00e7ocu\u011fun kemik ya\u015f\u0131, ger\u00e7ek ya\u015f\u0131, hormon seviyeleri saptan\u0131r. Sak\u0131ncas\u0131 olmayan gen\u00e7 k\u0131zlara geciktiren tedaviler uygulan\u0131r.. \u00d6zellikle&nbsp; bu konu \u00e7ocuk endokrinoloji uzmanlar\u0131n\u0131n konusudur.. Bu \u015fekilde ortalama 15-30 cm lik boy uzamas\u0131 sa\u011flanabilir.. Ailelerin bu konuda bilin\u00e7lenmesi ve bunu bir kader gibi g\u00f6rmemesi gerekiyor..<\/p>\n\n\n\n<p>Hepinize sa\u011fl\u0131kl\u0131, huzurlu nice g\u00fcnler diliyorum..<\/p>\n","protected":false},"excerpt":{"rendered":"<p>Kad\u0131n sa\u011fl\u0131\u011f\u0131 deyince&nbsp; fiziksel, zihinsel ve ruhsal sa\u011fl\u0131kl\u0131l\u0131k anla\u015f\u0131l\u0131r. Bir kad\u0131n\u0131n sa\u011fl\u0131kl\u0131 olabilmesi i\u00e7in bu \u00fc\u00e7 \u015fart\u0131n da bir arada olmas\u0131 gerekir.. Bu \u00fc\u00e7 \u015fart <a href=\"https:\/\/akdenizhaber.com.tr\/index.php\/2025\/03\/10\/erken-puberte-adet-gorme\/\" class=\"read-more-link\">[more&#8230;]<\/a><\/p>\n","protected":false},"author":2,"featured_media":27950,"comment_status":"open","ping_status":"open","sticky":false,"template":"","format":"standard","meta":{"footnotes":""},"categories":[2],"tags":[],"class_list":["post-27949","post","type-post","status-publish","format-standard","has-post-thumbnail","hentry","category-gundem"],"_links":{"self":[{"href":"https:\/\/akdenizhaber.com.tr\/index.php\/wp-json\/wp\/v2\/posts\/27949","targetHints":{"allow":["GET"]}}],"collection":[{"href":"https:\/\/akdenizhaber.com.tr\/index.php\/wp-json\/wp\/v2\/posts"}],"about":[{"href":"https:\/\/akdenizhaber.com.tr\/index.php\/wp-json\/wp\/v2\/types\/post"}],"author":[{"embeddable":true,"href":"https:\/\/akdenizhaber.com.tr\/index.php\/wp-json\/wp\/v2\/users\/2"}],"replies":[{"embeddable":true,"href":"https:\/\/akdenizhaber.com.tr\/index.php\/wp-json\/wp\/v2\/comments?post=27949"}],"version-history":[{"count":2,"href":"https:\/\/akdenizhaber.com.tr\/index.php\/wp-json\/wp\/v2\/posts\/27949\/revisions"}],"predecessor-version":[{"id":27969,"href":"https:\/\/akdenizhaber.com.tr\/index.php\/wp-json\/wp\/v2\/posts\/27949\/revisions\/27969"}],"wp:featuredmedia":[{"embeddable":true,"href":"https:\/\/akdenizhaber.com.tr\/index.php\/wp-json\/wp\/v2\/media\/27950"}],"wp:attachment":[{"href":"https:\/\/akdenizhaber.com.tr\/index.php\/wp-json\/wp\/v2\/media?parent=27949"}],"wp:term":[{"taxonomy":"category","embeddable":true,"href":"https:\/\/akdenizhaber.com.tr\/index.php\/wp-json\/wp\/v2\/categories?post=27949"},{"taxonomy":"post_tag","embeddable":true,"href":"https:\/\/akdenizhaber.com.tr\/index.php\/wp-json\/wp\/v2\/tags?post=27949"}],"curies":[{"name":"wp","href":"https:\/\/api.w.org\/{rel}","templated":true}]}}