{"id":27913,"date":"2025-03-08T10:32:18","date_gmt":"2025-03-08T07:32:18","guid":{"rendered":"https:\/\/akdenizhaber.com.tr\/?p=27913"},"modified":"2025-03-08T11:30:06","modified_gmt":"2025-03-08T08:30:06","slug":"yakup-gokcen-tum-kadinlarimizin-gunu-kutlu-olsun","status":"publish","type":"post","link":"https:\/\/akdenizhaber.com.tr\/index.php\/2025\/03\/08\/yakup-gokcen-tum-kadinlarimizin-gunu-kutlu-olsun\/","title":{"rendered":"Yakup G\u00f6k\u00e7en \u201cT\u00fcm Kad\u0131nlar\u0131m\u0131z\u0131n G\u00fcn\u00fc Kutlu Olsun\u201d"},"content":{"rendered":"\n<p><br>Mali M\u00fc\u015favir, Ba\u011f\u0131ms\u0131z denet\u00e7i 2025 y\u0131l\u0131 May\u0131s ay\u0131nda yap\u0131lacak olan Manavgat Serbest Muhasebeci Mali m\u00fc\u015favirler odas\u0131 Yenilik\u00e7i grup Ba\u015fkan aday\u0131 Yakup G\u00f6k\u00e7en 8 Mart D\u00fcnya Kad\u0131nlar g\u00fcn\u00fc nedeniyle kad\u0131n meslekta\u015flar\u0131n\u0131 i\u015f yerlerinde ziyaret ederek \u00e7i\u00e7ek takdim etti.<\/p>\n\n\n\n<figure class=\"wp-block-image size-large\"><img loading=\"lazy\" decoding=\"async\" width=\"1024\" height=\"683\" src=\"https:\/\/akdenizhaber.com.tr\/wp-content\/uploads\/2025\/03\/5f038dcd-e6d1-4eec-9d87-6bede3a740cb-1024x683.jpg\" alt=\"\" class=\"wp-image-27925\" srcset=\"https:\/\/akdenizhaber.com.tr\/wp-content\/uploads\/2025\/03\/5f038dcd-e6d1-4eec-9d87-6bede3a740cb-1024x683.jpg 1024w, https:\/\/akdenizhaber.com.tr\/wp-content\/uploads\/2025\/03\/5f038dcd-e6d1-4eec-9d87-6bede3a740cb-300x200.jpg 300w, https:\/\/akdenizhaber.com.tr\/wp-content\/uploads\/2025\/03\/5f038dcd-e6d1-4eec-9d87-6bede3a740cb-768x512.jpg 768w, https:\/\/akdenizhaber.com.tr\/wp-content\/uploads\/2025\/03\/5f038dcd-e6d1-4eec-9d87-6bede3a740cb-1536x1024.jpg 1536w, https:\/\/akdenizhaber.com.tr\/wp-content\/uploads\/2025\/03\/5f038dcd-e6d1-4eec-9d87-6bede3a740cb.jpg 1600w\" sizes=\"auto, (max-width: 1024px) 100vw, 1024px\" \/><\/figure>\n\n\n\n<p><br>D\u00fcnya Kad\u0131nlar g\u00fcn\u00fcn\u00fcn \u00e7ok \u00f6nemli oldu\u011funa dikkat \u00e7eken Yakup G\u00f6k\u00e7en bu anlaml\u0131 ve \u00f6nemli g\u00fcn i\u00e7in g\u00f6r\u00fc\u015flerini \u015f\u00f6yle dile getirdi;<br>&#8221; Haklar\u0131 i\u00e7in direnen, emekleriyle d\u00fcnyay\u0131 var eden t\u00fcm kad\u0131nlar\u0131n 8 Mart D\u00fcnya Emek\u00e7i Kad\u0131nlar G\u00fcn\u00fc\u2019n\u00fc kutluyorum. Ancak ne yaz\u0131k ki, kad\u0131nlar h\u00e2l\u00e2 e\u015fitlik ve adalet m\u00fccadelesi vermek zorunda b\u0131rak\u0131l\u0131yor. Kad\u0131na y\u00f6nelik \u015fiddet, her ge\u00e7en g\u00fcn daha da derinle\u015fen ekonomik kriz ve kad\u0131n istihdam\u0131ndaki e\u015fitsizlik, \u00fclkemizin en yak\u0131c\u0131 sorunlar\u0131 aras\u0131nda yer al\u0131yor. Kad\u0131nlar, hem \u00e7al\u0131\u015fma hayat\u0131nda hem de toplumsal ya\u015famda ayr\u0131mc\u0131l\u0131\u011fa maruz kal\u0131yor; eme\u011fi de\u011fersizle\u015ftiriliyor. E\u015fit, adil ve demokratik bir toplumun temeli, kad\u0131nlar\u0131n \u00f6zg\u00fcrce, g\u00fcven i\u00e7inde ya\u015fayabildi\u011fi bir d\u00fczenle m\u00fcmk\u00fcnd\u00fcr. Kad\u0131nlar\u0131n haklar\u0131n\u0131 savunmak, \u015fiddete ve s\u00f6m\u00fcr\u00fcye kar\u015f\u0131 durmak, hepimizin sorumlulu\u011fudur. Bizler, kad\u0131nlar\u0131n ya\u015fam\u0131n her alan\u0131nda hak ettikleri yeri alabilmeleri i\u00e7in m\u00fccadelemizi kararl\u0131l\u0131kla s\u00fcrd\u00fcrece\u011fiz. 8 Mart, yaln\u0131zca bir kutlama de\u011fil, ayn\u0131 zamanda dayan\u0131\u015fman\u0131n ve m\u00fccadelenin g\u00fcn\u00fcd\u00fcr. Hayat\u0131n her alan\u0131nda eme\u011fiyle var olan t\u00fcm kad\u0131nlar\u0131n \u00f6n\u00fcnde sayg\u0131yla e\u011filiyorum. Kad\u0131nlar\u0131n e\u015fit ve \u00f6zg\u00fcr oldu\u011fu bir d\u00fcnya i\u00e7in hep birlikte m\u00fccadeleye devam edece\u011fiz. Bu vesile ile Manavgat\u2019taki t\u00fcm kad\u0131n emek\u00e7i meslekta\u015flar\u0131m\u0131n g\u00fcn\u00fcn\u00fc de ayr\u0131ca kutluyorum \u201d dedi.<\/p>\n\n\n\n<p>B\u00fc\u015fra Deveci \/ Haber<\/p>\n","protected":false},"excerpt":{"rendered":"<p>Mali M\u00fc\u015favir, Ba\u011f\u0131ms\u0131z denet\u00e7i 2025 y\u0131l\u0131 May\u0131s ay\u0131nda yap\u0131lacak olan Manavgat Serbest Muhasebeci Mali m\u00fc\u015favirler odas\u0131 Yenilik\u00e7i grup Ba\u015fkan aday\u0131 Yakup G\u00f6k\u00e7en 8 Mart D\u00fcnya <a href=\"https:\/\/akdenizhaber.com.tr\/index.php\/2025\/03\/08\/yakup-gokcen-tum-kadinlarimizin-gunu-kutlu-olsun\/\" class=\"read-more-link\">[more&#8230;]<\/a><\/p>\n","protected":false},"author":2,"featured_media":27926,"comment_status":"open","ping_status":"open","sticky":false,"template":"","format":"standard","meta":{"footnotes":""},"categories":[1],"tags":[],"class_list":["post-27913","post","type-post","status-publish","format-standard","has-post-thumbnail","hentry","category-blog"],"_links":{"self":[{"href":"https:\/\/akdenizhaber.com.tr\/index.php\/wp-json\/wp\/v2\/posts\/27913","targetHints":{"allow":["GET"]}}],"collection":[{"href":"https:\/\/akdenizhaber.com.tr\/index.php\/wp-json\/wp\/v2\/posts"}],"about":[{"href":"https:\/\/akdenizhaber.com.tr\/index.php\/wp-json\/wp\/v2\/types\/post"}],"author":[{"embeddable":true,"href":"https:\/\/akdenizhaber.com.tr\/index.php\/wp-json\/wp\/v2\/users\/2"}],"replies":[{"embeddable":true,"href":"https:\/\/akdenizhaber.com.tr\/index.php\/wp-json\/wp\/v2\/comments?post=27913"}],"version-history":[{"count":2,"href":"https:\/\/akdenizhaber.com.tr\/index.php\/wp-json\/wp\/v2\/posts\/27913\/revisions"}],"predecessor-version":[{"id":27927,"href":"https:\/\/akdenizhaber.com.tr\/index.php\/wp-json\/wp\/v2\/posts\/27913\/revisions\/27927"}],"wp:featuredmedia":[{"embeddable":true,"href":"https:\/\/akdenizhaber.com.tr\/index.php\/wp-json\/wp\/v2\/media\/27926"}],"wp:attachment":[{"href":"https:\/\/akdenizhaber.com.tr\/index.php\/wp-json\/wp\/v2\/media?parent=27913"}],"wp:term":[{"taxonomy":"category","embeddable":true,"href":"https:\/\/akdenizhaber.com.tr\/index.php\/wp-json\/wp\/v2\/categories?post=27913"},{"taxonomy":"post_tag","embeddable":true,"href":"https:\/\/akdenizhaber.com.tr\/index.php\/wp-json\/wp\/v2\/tags?post=27913"}],"curies":[{"name":"wp","href":"https:\/\/api.w.org\/{rel}","templated":true}]}}