{"id":27901,"date":"2025-03-07T14:02:38","date_gmt":"2025-03-07T11:02:38","guid":{"rendered":"https:\/\/akdenizhaber.com.tr\/?p=27901"},"modified":"2025-03-07T14:02:39","modified_gmt":"2025-03-07T11:02:39","slug":"muz-ureticilerinden-anlamli-hediye","status":"publish","type":"post","link":"https:\/\/akdenizhaber.com.tr\/index.php\/2025\/03\/07\/muz-ureticilerinden-anlamli-hediye\/","title":{"rendered":"Muz \u00dcreticilerinden Anlaml\u0131 Hediye"},"content":{"rendered":"\n<p><br>Manavgat Muz \u00dcreticileri Birli\u011fi Ba\u015fkan\u0131 \u00d6nem G\u00f6k ziyarete gelenlere ve il\u00e7emizde bulunan sivil toplum \u00f6rg\u00fctlerine Atat\u00fcrk\u2019\u00fcn tar\u0131m pozlu foto\u011fraf\u0131n\u0131 hediye ediyor.<br>Ge\u00e7ti\u011fimiz Per\u015fembe g\u00fcn\u00fc Manavgat Sa\u011fl\u0131k platformu s\u00f6zc\u00fcs\u00fc Ali G\u00f6k\u00e7e, Manavgat Ispartal\u0131lar Dernek ba\u015fkan\u0131 Nuri \u00d6zen ve Manavgat Gazeteciler ve Yazarlar Cemiyeti ba\u015fkan\u0131 H\u00fcseyin Avni Gelendost\u2019un kendilerini ziyaret etmelerinden dolay\u0131 duydu\u011fu mutlulu\u011fu dile getirerek te\u015fekk\u00fcr ettikten sonra birer adet Atat\u00fcrk foto\u011fraf\u0131 hediye etti.<br>Platform s\u00f6zc\u00fcs\u00fc Ali G\u00f6k\u00e7e, il\u00e7emizde E\u011fitim ve Ara\u015ft\u0131rma hastanesinin neden kurulmas\u0131 gerekti\u011fini yapt\u0131klar\u0131 \u00e7al\u0131\u015fmaklar\u0131 ve geni\u015f kapsaml\u0131 bilgiler sundu. Muz \u00fcreticileri Birli\u011fi ba\u015fkan\u0131 \u00d6nem G\u00f6k Manavgat i\u00e7in ne gerekiyorsa yapmaya haz\u0131r olduklar\u0131n\u0131 ve ta\u015f\u0131n alt\u0131na ellerini sonuna kadar sokacaklar\u0131n\u0131 belirtti.<br>Muz \u00dcreticileri Birli\u011fi ve G\u00f6k Reklam y\u00f6netim kurulu ba\u015fkan\u0131 \u00d6nem G\u00f6k ziyaret\u00e7ilere Atat\u00fcrk foto\u011fraf\u0131 hediye ederken, \u00fclkemizde tar\u0131m\u0131n\u0131n kalk\u0131nmas\u0131na, T\u00fcrk \u00e7ift\u00e7isinin tek destek\u00e7isi Mustafa Kemal Atat\u00fcrk\u2019e \u00e7ok \u015fey bor\u00e7lu olduklar\u0131 i\u00e7in Atat\u00fcrk\u2019\u00fc anmak ve ya\u015fatmak zorunda olduklar\u0131n\u0131 s\u00f6yledi.<br>Toplumlar\u0131n giderek artan ve \u00e7e\u015fitlenen g\u0131da maddeleri taleplerinin kar\u015f\u0131lanmas\u0131, tar\u0131ma dayal\u0131 sanayiler arac\u0131l\u0131\u011f\u0131yla ulusal gelir, ihracat ve istihdama olan katk\u0131s\u0131, biyolojik \u00e7e\u015fitlilik ve ekolojik dengeye olan etkileri nedeniyle tar\u0131m\u0131n \u00fclkemiz ve b\u00f6lgemiz i\u00e7in \u00e7ok \u00f6nemli ve stratejik bir sekt\u00f6r sekt\u00f6r niteli\u011finde oldu\u011funu vurgulayan \u00d6nem G\u00f6k \u015f\u00f6yle konu\u015ftu;<br>\u201cMustafa Kemal Atat\u00fcrk 1937 y\u0131l\u0131nda Meclis a\u00e7\u0131\u015f konu\u015fmas\u0131nda daha ayr\u0131nt\u0131l\u0131 olarak bu konuda \u015funlar\u0131 ifade etmi\u015ftir: \u201cMilli ekonominin temeli tar\u0131md\u0131r. Bunun i\u00e7indir ki tar\u0131mda kalk\u0131nmaya b\u00fcy\u00fck \u00f6nem vermekteyiz. K\u00f6ylere kadar yay\u0131lacak programl\u0131 ve pratik \u00e7al\u0131\u015fmalar bu amac\u0131n yay\u0131lmas\u0131n\u0131 kolayla\u015ft\u0131racakt\u0131r diyen ulu \u00f6nderimizin izinde tar\u0131m\u0131n \u00fclkemizde daha iyi olmas\u0131 ad\u0131na m\u00fccadele veriyoruz. Gelecekte \u00fclke tar\u0131m\u0131n\u0131n bug\u00fcnlerden daha iyi olaca\u011f\u0131na y\u00fcrekten inan\u0131yoruz. \u0130\u015fte onun i\u00e7indir ki Mustafa Kemal Atat\u00fcrk bizlerin ve ulusun vazge\u00e7ilmezidir. Ya\u015fatmak ve her dakika onu anmak bizlerin g\u00f6revidir\u201d dedi.<\/p>\n\n\n\n<p>Haber Merkezi<\/p>\n","protected":false},"excerpt":{"rendered":"<p>Manavgat Muz \u00dcreticileri Birli\u011fi Ba\u015fkan\u0131 \u00d6nem G\u00f6k ziyarete gelenlere ve il\u00e7emizde bulunan sivil toplum \u00f6rg\u00fctlerine Atat\u00fcrk\u2019\u00fcn tar\u0131m pozlu foto\u011fraf\u0131n\u0131 hediye ediyor.Ge\u00e7ti\u011fimiz Per\u015fembe g\u00fcn\u00fc Manavgat Sa\u011fl\u0131k <a href=\"https:\/\/akdenizhaber.com.tr\/index.php\/2025\/03\/07\/muz-ureticilerinden-anlamli-hediye\/\" class=\"read-more-link\">[more&#8230;]<\/a><\/p>\n","protected":false},"author":2,"featured_media":27902,"comment_status":"open","ping_status":"open","sticky":false,"template":"","format":"standard","meta":{"footnotes":""},"categories":[2],"tags":[],"class_list":["post-27901","post","type-post","status-publish","format-standard","has-post-thumbnail","hentry","category-gundem"],"_links":{"self":[{"href":"https:\/\/akdenizhaber.com.tr\/index.php\/wp-json\/wp\/v2\/posts\/27901","targetHints":{"allow":["GET"]}}],"collection":[{"href":"https:\/\/akdenizhaber.com.tr\/index.php\/wp-json\/wp\/v2\/posts"}],"about":[{"href":"https:\/\/akdenizhaber.com.tr\/index.php\/wp-json\/wp\/v2\/types\/post"}],"author":[{"embeddable":true,"href":"https:\/\/akdenizhaber.com.tr\/index.php\/wp-json\/wp\/v2\/users\/2"}],"replies":[{"embeddable":true,"href":"https:\/\/akdenizhaber.com.tr\/index.php\/wp-json\/wp\/v2\/comments?post=27901"}],"version-history":[{"count":1,"href":"https:\/\/akdenizhaber.com.tr\/index.php\/wp-json\/wp\/v2\/posts\/27901\/revisions"}],"predecessor-version":[{"id":27903,"href":"https:\/\/akdenizhaber.com.tr\/index.php\/wp-json\/wp\/v2\/posts\/27901\/revisions\/27903"}],"wp:featuredmedia":[{"embeddable":true,"href":"https:\/\/akdenizhaber.com.tr\/index.php\/wp-json\/wp\/v2\/media\/27902"}],"wp:attachment":[{"href":"https:\/\/akdenizhaber.com.tr\/index.php\/wp-json\/wp\/v2\/media?parent=27901"}],"wp:term":[{"taxonomy":"category","embeddable":true,"href":"https:\/\/akdenizhaber.com.tr\/index.php\/wp-json\/wp\/v2\/categories?post=27901"},{"taxonomy":"post_tag","embeddable":true,"href":"https:\/\/akdenizhaber.com.tr\/index.php\/wp-json\/wp\/v2\/tags?post=27901"}],"curies":[{"name":"wp","href":"https:\/\/api.w.org\/{rel}","templated":true}]}}