{"id":27896,"date":"2025-03-06T15:55:41","date_gmt":"2025-03-06T12:55:41","guid":{"rendered":"https:\/\/akdenizhaber.com.tr\/?p=27896"},"modified":"2025-03-06T15:56:11","modified_gmt":"2025-03-06T12:56:11","slug":"sanatci-tugba-ozay-ilhan-ozay-hatira-ormanina-davetlisiniz","status":"publish","type":"post","link":"https:\/\/akdenizhaber.com.tr\/index.php\/2025\/03\/06\/sanatci-tugba-ozay-ilhan-ozay-hatira-ormanina-davetlisiniz\/","title":{"rendered":"Sanat\u00e7\u0131 Tu\u011fba \u00d6zay; \u201c\u0130lhan \u00d6zay Hat\u0131ra Orman\u0131na Davetlisiniz\u201d"},"content":{"rendered":"\n<p>\u015eair, e\u011fitimci, yazar ve do\u011fa a\u015f\u0131\u011f\u0131 Rahmetli \u0130lhan \u00d6zay i\u00e7in sanat\u00e7\u0131 k\u0131z\u0131 Tu\u011fba \u00d6zay Manavgat\u2019a hat\u0131ra orman\u0131 kuruyor.<\/p>\n\n\n\n<p>Ge\u00e7ti\u011fimiz aylarda Manavgat Orman i\u015fletme m\u00fcd\u00fcr\u00fc \u0130sa Tarhan\u2019\u0131 makam\u0131nda ziyaret ederek \u201c\u0130LHAN \u00d6ZAY HATIRA ORMANI\u201d i\u00e7in resmi ba\u015fvuruda bulunan sanat\u00e7\u0131 Tu\u011fba \u00d6zay 8 Mart 2025 Cumartesi g\u00fcn\u00fc hat\u0131ra orman\u0131na fidan dikilece\u011fini a\u00e7\u0131klad\u0131.<\/p>\n\n\n\n<p>Tu\u011fba \u00d6zay\u2019\u0131n \u00e7iftli\u011finin bulundu\u011fu Bucak\u015feyhler k\u00f6y\u00fcnde yar\u0131n saat 12.00\u2019de yap\u0131lacak fidan dikimine do\u011faseverleri ve t\u00fcm dostlar\u0131n\u0131 davet eden Tu\u011fba \u00d6zay \u201cSevgili ve biricik babam\u0131n an\u0131s\u0131na dikece\u011fimiz her fidan gelecekteki ku\u015faklara g\u00fczellikler verecek yar\u0131nki t\u00f6renimizde hepinizi aram\u0131zda g\u00f6rmek istiyorum\u201d dedi.<\/p>\n\n\n\n<p>2000 a\u011fa\u00e7l\u0131k bir alana kurulacak olan hat\u0131ra orman\u0131nda do\u011fay\u0131 \u00e7ok seven ya\u015fam\u0131 boyunca y\u00fczlerce a\u011fa\u00e7 diken babas\u0131n\u0131 ya\u015fatmak i\u00e7in olu\u015fturacak hat\u0131ra orman\u0131n\u0131n ge\u00e7mi\u015fteki b\u00fcy\u00fck yang\u0131nda zarar g\u00f6ren a\u011fa\u00e7lar\u0131n yeniden ye\u015fermesine katk\u0131 sa\u011flayaca\u011f\u0131n\u0131 s\u00f6yleyen Tu\u011fba \u00d6zay;<\/p>\n\n\n\n<p>&nbsp;\u201cGe\u00e7ti\u011fimiz aylarda Manavgat\u2019ta babac\u0131\u011f\u0131m ad\u0131na \u0130LHAN \u00d6ZAY HATIRA ORMANI yapt\u0131rmak i\u00e7in Manavgat Orman M\u00fcd\u00fcrl\u00fc\u011f\u00fc\u2019nde giri\u015fimlerde bulundum. Olumlu sonu\u00e7lanan giri\u015fimlerimiz sonucunda 8 Mart 2025 Cumartesi g\u00fcn\u00fc saat 12.00\u2019de Bucak\u015feyhler k\u00f6y\u00fcm\u00fczde a\u011fa\u00e7land\u0131rma i\u015flemimizi yaparak babam\u0131n ebediyen ya\u015famas\u0131na vesile olaca\u011f\u0131m. Bu anlaml\u0131 g\u00fcnde t\u00fcm dostlar\u0131m\u0131, do\u011fa severleri yan\u0131mda g\u00f6rmek istiyorum\u201d diyerek bu g\u00fczel g\u00fcn\u00fc hep birlikte an\u0131tla\u015ft\u0131rmak istedi\u011fini s\u00f6zlerine ekledi.<\/p>\n\n\n\n<p>B\u00fc\u015fra Deveci \/ Haber<\/p>\n","protected":false},"excerpt":{"rendered":"<p>\u015eair, e\u011fitimci, yazar ve do\u011fa a\u015f\u0131\u011f\u0131 Rahmetli \u0130lhan \u00d6zay i\u00e7in sanat\u00e7\u0131 k\u0131z\u0131 Tu\u011fba \u00d6zay Manavgat\u2019a hat\u0131ra orman\u0131 kuruyor. Ge\u00e7ti\u011fimiz aylarda Manavgat Orman i\u015fletme m\u00fcd\u00fcr\u00fc \u0130sa <a href=\"https:\/\/akdenizhaber.com.tr\/index.php\/2025\/03\/06\/sanatci-tugba-ozay-ilhan-ozay-hatira-ormanina-davetlisiniz\/\" class=\"read-more-link\">[more&#8230;]<\/a><\/p>\n","protected":false},"author":2,"featured_media":27897,"comment_status":"open","ping_status":"open","sticky":false,"template":"","format":"standard","meta":{"footnotes":""},"categories":[2],"tags":[],"class_list":["post-27896","post","type-post","status-publish","format-standard","has-post-thumbnail","hentry","category-gundem"],"_links":{"self":[{"href":"https:\/\/akdenizhaber.com.tr\/index.php\/wp-json\/wp\/v2\/posts\/27896","targetHints":{"allow":["GET"]}}],"collection":[{"href":"https:\/\/akdenizhaber.com.tr\/index.php\/wp-json\/wp\/v2\/posts"}],"about":[{"href":"https:\/\/akdenizhaber.com.tr\/index.php\/wp-json\/wp\/v2\/types\/post"}],"author":[{"embeddable":true,"href":"https:\/\/akdenizhaber.com.tr\/index.php\/wp-json\/wp\/v2\/users\/2"}],"replies":[{"embeddable":true,"href":"https:\/\/akdenizhaber.com.tr\/index.php\/wp-json\/wp\/v2\/comments?post=27896"}],"version-history":[{"count":1,"href":"https:\/\/akdenizhaber.com.tr\/index.php\/wp-json\/wp\/v2\/posts\/27896\/revisions"}],"predecessor-version":[{"id":27898,"href":"https:\/\/akdenizhaber.com.tr\/index.php\/wp-json\/wp\/v2\/posts\/27896\/revisions\/27898"}],"wp:featuredmedia":[{"embeddable":true,"href":"https:\/\/akdenizhaber.com.tr\/index.php\/wp-json\/wp\/v2\/media\/27897"}],"wp:attachment":[{"href":"https:\/\/akdenizhaber.com.tr\/index.php\/wp-json\/wp\/v2\/media?parent=27896"}],"wp:term":[{"taxonomy":"category","embeddable":true,"href":"https:\/\/akdenizhaber.com.tr\/index.php\/wp-json\/wp\/v2\/categories?post=27896"},{"taxonomy":"post_tag","embeddable":true,"href":"https:\/\/akdenizhaber.com.tr\/index.php\/wp-json\/wp\/v2\/tags?post=27896"}],"curies":[{"name":"wp","href":"https:\/\/api.w.org\/{rel}","templated":true}]}}