{"id":27893,"date":"2025-03-06T15:54:42","date_gmt":"2025-03-06T12:54:42","guid":{"rendered":"https:\/\/akdenizhaber.com.tr\/?p=27893"},"modified":"2025-03-06T15:55:10","modified_gmt":"2025-03-06T12:55:10","slug":"anahtar-parti-ilce-binasinin-yeri-belli-oldu","status":"publish","type":"post","link":"https:\/\/akdenizhaber.com.tr\/index.php\/2025\/03\/06\/anahtar-parti-ilce-binasinin-yeri-belli-oldu\/","title":{"rendered":"Anahtar Parti il\u00e7e binas\u0131n\u0131n yeri belli oldu"},"content":{"rendered":"\n<p><br>Anahtar Parti\u2019nin Manavgat \u0130l\u00e7e Ba\u015fkanl\u0131\u011f\u0131\u2019n\u0131n kullanaca\u011f\u0131 bina belli oldu. Parti binas\u0131n\u0131n belirlendi\u011fi yeri a\u00e7\u0131klayan Anahtar Parti Manavgat il\u00e7e Ba\u015fkan\u0131 \u015eerafettin Avc\u0131, \u201cAnahtar Parti\u2019nin Manavgat il\u00e7e Ba\u015fkanl\u0131\u011f\u0131 i\u00e7in A. Hisar Mahallesi 4533 Sokak No: 7 Daire 1 adresinde \u00e7al\u0131\u015fmalara ba\u015fland\u0131\u011f\u0131n\u0131 s\u00f6yledi<br>\u0130Y\u0130 Parti\u2019den istifa eden ve parti kuraca\u011f\u0131 iddialar\u0131yla g\u00fcndeme gelen Yavuz A\u011f\u0131ralio\u011flu, 28 Ekim 2024 tarihinde partisini ilan etti. Anahtar Parti\u2019yi (A Parti) Ankara Congresium\u2019da d\u00fczenlenen bas\u0131n toplant\u0131s\u0131yla kamuoyuna tan\u0131tan A\u011f\u0131ralio\u011flu, Manavgat il\u00e7e ba\u015fkan\u0131 olarak il\u00e7emizin tan\u0131nm\u0131\u015f ve duayen e\u011fitimcisi \u015eerafettin Avc\u0131y\u0131 tercih etti.<br>\u015eerafettin Avc\u0131 &#8220;Mevzubahis vatanda oldu\u011funda, de\u011fil elini, y\u00fcre\u011fini ta\u015f\u0131n alt\u0131na koyacak neferlerden olu\u015fan bir te\u015fkilat kurduk. Genel Ba\u015fkan\u0131m\u0131z\u0131n biz liyakatli \u015f\u00f6hretsizleriz c\u00fcmlesindeki vizyona sad\u0131k kalmak amac\u0131yla, gen\u00e7, dinamik, inan\u00e7l\u0131 ve siyasi ge\u00e7mi\u015fi olmayan vatan evlatlar\u0131yla kurulan bir il\u00e7e te\u015fkilat\u0131 olarak yeni hizmet binam\u0131z\u0131 a\u00e7m\u0131\u015f bulunmaktay\u0131z. T\u00fcm Manavgatl\u0131 hem\u015ferilerimizi parti binam\u0131zda a\u011f\u0131rlamaktan b\u00fcy\u00fck onur duyaca\u011f\u0131z\u201d dedi.<br>B\u00fc\u015fra Deveci \/ Haber<\/p>\n","protected":false},"excerpt":{"rendered":"<p>Anahtar Parti\u2019nin Manavgat \u0130l\u00e7e Ba\u015fkanl\u0131\u011f\u0131\u2019n\u0131n kullanaca\u011f\u0131 bina belli oldu. Parti binas\u0131n\u0131n belirlendi\u011fi yeri a\u00e7\u0131klayan Anahtar Parti Manavgat il\u00e7e Ba\u015fkan\u0131 \u015eerafettin Avc\u0131, \u201cAnahtar Parti\u2019nin Manavgat il\u00e7e <a href=\"https:\/\/akdenizhaber.com.tr\/index.php\/2025\/03\/06\/anahtar-parti-ilce-binasinin-yeri-belli-oldu\/\" class=\"read-more-link\">[more&#8230;]<\/a><\/p>\n","protected":false},"author":2,"featured_media":27894,"comment_status":"open","ping_status":"open","sticky":false,"template":"","format":"standard","meta":{"footnotes":""},"categories":[2],"tags":[],"class_list":["post-27893","post","type-post","status-publish","format-standard","has-post-thumbnail","hentry","category-gundem"],"_links":{"self":[{"href":"https:\/\/akdenizhaber.com.tr\/index.php\/wp-json\/wp\/v2\/posts\/27893","targetHints":{"allow":["GET"]}}],"collection":[{"href":"https:\/\/akdenizhaber.com.tr\/index.php\/wp-json\/wp\/v2\/posts"}],"about":[{"href":"https:\/\/akdenizhaber.com.tr\/index.php\/wp-json\/wp\/v2\/types\/post"}],"author":[{"embeddable":true,"href":"https:\/\/akdenizhaber.com.tr\/index.php\/wp-json\/wp\/v2\/users\/2"}],"replies":[{"embeddable":true,"href":"https:\/\/akdenizhaber.com.tr\/index.php\/wp-json\/wp\/v2\/comments?post=27893"}],"version-history":[{"count":1,"href":"https:\/\/akdenizhaber.com.tr\/index.php\/wp-json\/wp\/v2\/posts\/27893\/revisions"}],"predecessor-version":[{"id":27899,"href":"https:\/\/akdenizhaber.com.tr\/index.php\/wp-json\/wp\/v2\/posts\/27893\/revisions\/27899"}],"wp:featuredmedia":[{"embeddable":true,"href":"https:\/\/akdenizhaber.com.tr\/index.php\/wp-json\/wp\/v2\/media\/27894"}],"wp:attachment":[{"href":"https:\/\/akdenizhaber.com.tr\/index.php\/wp-json\/wp\/v2\/media?parent=27893"}],"wp:term":[{"taxonomy":"category","embeddable":true,"href":"https:\/\/akdenizhaber.com.tr\/index.php\/wp-json\/wp\/v2\/categories?post=27893"},{"taxonomy":"post_tag","embeddable":true,"href":"https:\/\/akdenizhaber.com.tr\/index.php\/wp-json\/wp\/v2\/tags?post=27893"}],"curies":[{"name":"wp","href":"https:\/\/api.w.org\/{rel}","templated":true}]}}