{"id":27886,"date":"2025-03-06T15:47:59","date_gmt":"2025-03-06T12:47:59","guid":{"rendered":"https:\/\/akdenizhaber.com.tr\/?p=27886"},"modified":"2025-03-06T15:47:59","modified_gmt":"2025-03-06T12:47:59","slug":"manavgat-belediyespor-tarsus-idman-yurdunu-konuk-ediyor","status":"publish","type":"post","link":"https:\/\/akdenizhaber.com.tr\/index.php\/2025\/03\/06\/manavgat-belediyespor-tarsus-idman-yurdunu-konuk-ediyor\/","title":{"rendered":"Manavgat Belediyespor, Tarsus \u0130dman Yurdu&#8217;nu Konuk Ediyor"},"content":{"rendered":"\n<p>Manavgat Belediyespor, bu hafta sonu kendi saha ve seyircisi \u00f6n\u00fcnde Tarsus \u0130dman Yurdu&#8217;nu konuk edecek. Ge\u00e7ti\u011fimiz hafta deplasmanda uzatma dakikalar\u0131nda yedi\u011fi golle 3 puandan olan Belediyespor, Tarsus \u0130dman Yurdu ma\u00e7\u0131na bu ma\u00e7\u0131 unutarak \u00e7\u0131kacak. Tak\u0131mda tek hedef, bol goll\u00fc 3 puan.<\/p>\n\n\n\n<p>Kar\u015f\u0131la\u015fma, 9 Mart Pazar g\u00fcn\u00fc saat 14.00&#8217;te Atat\u00fcrk Stad\u0131&#8217;nda oynanacak. Manavgat Belediyespor, taraftar\u0131n\u0131n deste\u011fiyle sahaya mutlak galibiyet parolas\u0131yla \u00e7\u0131kacak. Gol yollar\u0131nda etkili oyun hedefleyen<sup> 1 <\/sup>Belediyespor, rakibini ma\u011flup ederek ge\u00e7en haftan\u0131n telafisini yapmak istiyor. &nbsp;<\/p>\n\n\n\n<h2 class=\"wp-block-heading\">Tak\u0131mda Moraller Y\u00fcksek<\/h2>\n\n\n\n<p>Ge\u00e7ti\u011fimiz hafta al\u0131nan beraberli\u011fe ra\u011fmen Manavgat Belediyespor tak\u0131m\u0131nda moraller y\u00fcksek. Teknik direkt\u00f6r, oyuncular\u0131yla yapt\u0131\u011f\u0131 toplant\u0131da Tarsus \u0130dman Yurdu ma\u00e7\u0131n\u0131n \u00f6nemine vurgu yaparak, taraftarlara galibiyet hediye etmek istediklerini belirtti.<\/p>\n\n\n\n<h2 class=\"wp-block-heading\">Taraftarlar Ma\u00e7a Davetli<\/h2>\n\n\n\n<p>Manavgat Belediyespor y\u00f6netimi, taraftarlar\u0131 bu \u00f6nemli ma\u00e7ta tak\u0131mlar\u0131n\u0131 desteklemeye davet etti. Atat\u00fcrk Stad\u0131&#8217;n\u0131 doldurarak tak\u0131mlar\u0131na destek verecek olan taraftarlar, galibiyette \u00f6nemli rol oynayacak.<\/p>\n\n\n\n<p>B\u00fc\u015fra Deveci \/ Haber<\/p>\n","protected":false},"excerpt":{"rendered":"<p>Manavgat Belediyespor, bu hafta sonu kendi saha ve seyircisi \u00f6n\u00fcnde Tarsus \u0130dman Yurdu&#8217;nu konuk edecek. Ge\u00e7ti\u011fimiz hafta deplasmanda uzatma dakikalar\u0131nda yedi\u011fi golle 3 puandan olan <a href=\"https:\/\/akdenizhaber.com.tr\/index.php\/2025\/03\/06\/manavgat-belediyespor-tarsus-idman-yurdunu-konuk-ediyor\/\" class=\"read-more-link\">[more&#8230;]<\/a><\/p>\n","protected":false},"author":2,"featured_media":27850,"comment_status":"open","ping_status":"open","sticky":false,"template":"","format":"standard","meta":{"footnotes":""},"categories":[2],"tags":[],"class_list":["post-27886","post","type-post","status-publish","format-standard","has-post-thumbnail","hentry","category-gundem"],"_links":{"self":[{"href":"https:\/\/akdenizhaber.com.tr\/index.php\/wp-json\/wp\/v2\/posts\/27886","targetHints":{"allow":["GET"]}}],"collection":[{"href":"https:\/\/akdenizhaber.com.tr\/index.php\/wp-json\/wp\/v2\/posts"}],"about":[{"href":"https:\/\/akdenizhaber.com.tr\/index.php\/wp-json\/wp\/v2\/types\/post"}],"author":[{"embeddable":true,"href":"https:\/\/akdenizhaber.com.tr\/index.php\/wp-json\/wp\/v2\/users\/2"}],"replies":[{"embeddable":true,"href":"https:\/\/akdenizhaber.com.tr\/index.php\/wp-json\/wp\/v2\/comments?post=27886"}],"version-history":[{"count":1,"href":"https:\/\/akdenizhaber.com.tr\/index.php\/wp-json\/wp\/v2\/posts\/27886\/revisions"}],"predecessor-version":[{"id":27887,"href":"https:\/\/akdenizhaber.com.tr\/index.php\/wp-json\/wp\/v2\/posts\/27886\/revisions\/27887"}],"wp:featuredmedia":[{"embeddable":true,"href":"https:\/\/akdenizhaber.com.tr\/index.php\/wp-json\/wp\/v2\/media\/27850"}],"wp:attachment":[{"href":"https:\/\/akdenizhaber.com.tr\/index.php\/wp-json\/wp\/v2\/media?parent=27886"}],"wp:term":[{"taxonomy":"category","embeddable":true,"href":"https:\/\/akdenizhaber.com.tr\/index.php\/wp-json\/wp\/v2\/categories?post=27886"},{"taxonomy":"post_tag","embeddable":true,"href":"https:\/\/akdenizhaber.com.tr\/index.php\/wp-json\/wp\/v2\/tags?post=27886"}],"curies":[{"name":"wp","href":"https:\/\/api.w.org\/{rel}","templated":true}]}}