{"id":27858,"date":"2025-03-05T11:32:48","date_gmt":"2025-03-05T08:32:48","guid":{"rendered":"https:\/\/akdenizhaber.com.tr\/?p=27858"},"modified":"2025-03-05T11:33:07","modified_gmt":"2025-03-05T08:33:07","slug":"mali-musavirler-odasi-baskani-sabri-keskintum-meslektaslarimin-haftasi-kutlu-olsun","status":"publish","type":"post","link":"https:\/\/akdenizhaber.com.tr\/index.php\/2025\/03\/05\/mali-musavirler-odasi-baskani-sabri-keskintum-meslektaslarimin-haftasi-kutlu-olsun\/","title":{"rendered":"Mali M\u00fc\u015favirler Odas\u0131 Ba\u015fkan\u0131 Sabri Keskin;\u201cT\u00fcm Meslekta\u015flar\u0131m\u0131n Haftas\u0131 Kutlu Olsun\u201d"},"content":{"rendered":"\n<p><br>1-7 Mart Muhasebe Haftas\u0131 etkinlikleri kapsam\u0131nda Manavgat Serbest Muhasebeciler ve Mali M\u00fc\u015favirler Odas\u0131 ge\u00e7ti\u011fimiz g\u00fcnlerde Cumhuriyet meydan\u0131nda Atat\u00fcrk an\u0131t\u0131na \u00e7elenk koyarak haftay\u0131 kutlad\u0131.<br>Mali M\u00fc\u015favirler Odas\u0131 Ba\u015fkan\u0131 Sabri Keskin,1-7 Mart Muhasebe Haftas\u0131n\u0131n \u00f6nemine de\u011finerek, muhasebe mesle\u011finin \u00fclke ekonomisinin sa\u011fl\u0131kl\u0131 i\u015fleyi\u015finde hayati bir rol oynad\u0131\u011f\u0131n\u0131 vurgulad\u0131.<br>Serbest Muhasebeci Mali M\u00fc\u015favirlerin, ekonominin \u015feffafl\u0131\u011f\u0131 ve g\u00fcvenilirli\u011fi i\u00e7in \u00f6nemli g\u00f6revler \u00fcstlendi\u011fini belirten Sabri Keskin \u201cMesle\u011fimiz, Cumhuriyetimizin ve toplumumuzun gelece\u011fini \u015fekillendiren temel ta\u015flardan biridir. Mali M\u00fc\u015favirler, i\u015fletmelerin finansal sa\u011fl\u0131\u011f\u0131n\u0131 koruma ve g\u00fc\u00e7lendirme misyonuyla \u00fclke ekonomisine \u00f6nemli katk\u0131lar sa\u011flamaktad\u0131r\u201d dedi.<br>Meslek mensuplar\u0131n\u0131n, Hazine ve Maliye Bakanl\u0131\u011f\u0131 ba\u015fta olmak \u00fczere bir\u00e7ok kamu kurumuyla i\u015f birli\u011fi i\u00e7inde \u00e7al\u0131\u015ft\u0131\u011f\u0131n\u0131 ifade eden Sabri Keskin, muhasebe ve denetim mesle\u011finin dijitalle\u015fme ve yeni d\u00fczenlemeler do\u011frultusunda h\u0131zla geli\u015fti\u011fini dile getirdi.<br>Keskin, teknolojik adaptasyonun ve s\u00fcrekli e\u011fitimin \u00f6nemine de\u011finerek, \u201cYapay zeka ve b\u00fcy\u00fck veri analiti\u011fi, finansal dan\u0131\u015fmanl\u0131k hizmetlerinde etkinli\u011fi art\u0131rmaktad\u0131r. Meslekta\u015flar\u0131m\u0131z\u0131n bu de\u011fi\u015fimlere uyum sa\u011flamas\u0131 i\u00e7in s\u00fcrekli geli\u015fim i\u00e7inde olmalar\u0131 gerekmektedir\u201d ifadelerini kulland\u0131.<br>Mesaj\u0131nda s\u00fcrd\u00fcr\u00fclebilirlik vurgusu da yapan Manavgat Mali M\u00fc\u015favirler Odas\u0131 Ba\u015fkan\u0131 Sabri Keskin, t\u00fcm Serbest Muhasebeci Mali M\u00fc\u015favirlerin Muhasebe Haftas\u0131\u2019n\u0131 kutlayarak, sa\u011fl\u0131k ve huzur dileklerinde bulundu.<\/p>\n\n\n\n<p>B\u00fc\u015fra Deveci \/ Haber<\/p>\n","protected":false},"excerpt":{"rendered":"<p>1-7 Mart Muhasebe Haftas\u0131 etkinlikleri kapsam\u0131nda Manavgat Serbest Muhasebeciler ve Mali M\u00fc\u015favirler Odas\u0131 ge\u00e7ti\u011fimiz g\u00fcnlerde Cumhuriyet meydan\u0131nda Atat\u00fcrk an\u0131t\u0131na \u00e7elenk koyarak haftay\u0131 kutlad\u0131.Mali M\u00fc\u015favirler Odas\u0131 <a href=\"https:\/\/akdenizhaber.com.tr\/index.php\/2025\/03\/05\/mali-musavirler-odasi-baskani-sabri-keskintum-meslektaslarimin-haftasi-kutlu-olsun\/\" class=\"read-more-link\">[more&#8230;]<\/a><\/p>\n","protected":false},"author":2,"featured_media":27859,"comment_status":"open","ping_status":"open","sticky":false,"template":"","format":"standard","meta":{"footnotes":""},"categories":[2],"tags":[],"class_list":["post-27858","post","type-post","status-publish","format-standard","has-post-thumbnail","hentry","category-gundem"],"_links":{"self":[{"href":"https:\/\/akdenizhaber.com.tr\/index.php\/wp-json\/wp\/v2\/posts\/27858","targetHints":{"allow":["GET"]}}],"collection":[{"href":"https:\/\/akdenizhaber.com.tr\/index.php\/wp-json\/wp\/v2\/posts"}],"about":[{"href":"https:\/\/akdenizhaber.com.tr\/index.php\/wp-json\/wp\/v2\/types\/post"}],"author":[{"embeddable":true,"href":"https:\/\/akdenizhaber.com.tr\/index.php\/wp-json\/wp\/v2\/users\/2"}],"replies":[{"embeddable":true,"href":"https:\/\/akdenizhaber.com.tr\/index.php\/wp-json\/wp\/v2\/comments?post=27858"}],"version-history":[{"count":1,"href":"https:\/\/akdenizhaber.com.tr\/index.php\/wp-json\/wp\/v2\/posts\/27858\/revisions"}],"predecessor-version":[{"id":27860,"href":"https:\/\/akdenizhaber.com.tr\/index.php\/wp-json\/wp\/v2\/posts\/27858\/revisions\/27860"}],"wp:featuredmedia":[{"embeddable":true,"href":"https:\/\/akdenizhaber.com.tr\/index.php\/wp-json\/wp\/v2\/media\/27859"}],"wp:attachment":[{"href":"https:\/\/akdenizhaber.com.tr\/index.php\/wp-json\/wp\/v2\/media?parent=27858"}],"wp:term":[{"taxonomy":"category","embeddable":true,"href":"https:\/\/akdenizhaber.com.tr\/index.php\/wp-json\/wp\/v2\/categories?post=27858"},{"taxonomy":"post_tag","embeddable":true,"href":"https:\/\/akdenizhaber.com.tr\/index.php\/wp-json\/wp\/v2\/tags?post=27858"}],"curies":[{"name":"wp","href":"https:\/\/api.w.org\/{rel}","templated":true}]}}