{"id":27829,"date":"2025-03-03T15:00:18","date_gmt":"2025-03-03T12:00:18","guid":{"rendered":"https:\/\/akdenizhaber.com.tr\/?p=27829"},"modified":"2025-03-03T15:00:19","modified_gmt":"2025-03-03T12:00:19","slug":"matso-mastob-yonetimini-misafir-etti","status":"publish","type":"post","link":"https:\/\/akdenizhaber.com.tr\/index.php\/2025\/03\/03\/matso-mastob-yonetimini-misafir-etti\/","title":{"rendered":"MATSO, MASTOB Y\u00f6netimini Misafir Etti"},"content":{"rendered":"\n<p>MASTOB Ba\u015fkan\u0131 Ahmet \u00d6zden ve Y\u00f6netim Kurulu \u00dcyeleri ile MATSO Ba\u015fkan\u0131 Seydi Tahsin G\u00fcng\u00f6r\u2019\u00fc ziyaret etti. Ziyarette b\u00f6lge turizminin geli\u015fimi, b\u00f6lgede daha fazla turist a\u011f\u0131rlayabilmesi i\u00e7in yap\u0131lmas\u0131 gerekenler ele al\u0131nd\u0131.<\/p>\n\n\n\n<p>Manavgat Side Turizm \u0130\u015fletmecileri Derne\u011fi (MASTOB) Ba\u015fkan\u0131 Ahmet \u00d6zden ve Y\u00f6netim Kurulu \u00dcyeleri, Manavgat Ticaret ve Sanayi Odas\u0131 (MATSO) Ba\u015fkan\u0131 Seydi Tahsin G\u00fcng\u00f6r\u2019\u00fc ziyaret etti. MATSOB y\u00f6netimini MATSO Ba\u015fkan\u0131 Seydi Tahsin G\u00fcng\u00f6r, Meclis Ba\u015fkan\u0131 Sedat \u00d6z ve Y\u00f6netim Kurulu \u00dcyeleri ile birlikte misafir etti.<\/p>\n\n\n\n<p>Ziyarette, b\u00f6lge turizminin geli\u015fimi ve Manavgat-Side turizm destinasyonunun daha nitelikli ve daha fazla turist a\u011f\u0131rlayabilmesi i\u00e7in yap\u0131lmas\u0131 gereken \u00e7al\u0131\u015fmalar ele al\u0131nd\u0131. Ge\u00e7mi\u015f sezonlarda ya\u015fanan olumsuzluklar\u0131n ya\u015fanmamas\u0131na ad\u0131na sezon \u00f6ncesi al\u0131nacak \u00f6nlem ve tedbirlerle ilgili isti\u015farelerde bulunuldu.&nbsp; Manavgat\u2019\u0131n her ge\u00e7en y\u0131l daha fazla turist a\u011f\u0131rlad\u0131\u011f\u0131 vurgulanarak, 2025 y\u0131l\u0131 turizm sezonunda \u00f6nemli bir art\u0131\u015f beklendi\u011fi ifade edildi. Ayr\u0131ca, yurt i\u00e7i ve yurt d\u0131\u015f\u0131nda ger\u00e7ekle\u015fen turizm fuarlar\u0131nda yap\u0131lan tan\u0131t\u0131m faaliyetleri de\u011ferlendirilerek, b\u00f6lgenin tan\u0131t\u0131m\u0131 i\u00e7in i\u015f birli\u011finin g\u00fc\u00e7lendirilmesi gerekti\u011fi belirtildi.<\/p>\n\n\n\n<p>MATSO Ba\u015fkan\u0131 Seydi Tahsin G\u00fcng\u00f6r, Manavgat\u2019\u0131n, sahip oldu\u011fu do\u011fal g\u00fczellikleri, tarihi miras\u0131 ve kaliteli turizm hizmetleriyle her y\u0131l daha fazla turist a\u011f\u0131rlad\u0131\u011f\u0131n\u0131 belirterek turizmin s\u00fcrd\u00fcr\u00fclebilir b\u00fcy\u00fcmesi ve b\u00f6lge ekonomisine daha fazla katk\u0131 sa\u011flamas\u0131 i\u00e7in sekt\u00f6r temsilcileriyle i\u015f birli\u011fi i\u00e7inde \u00e7al\u0131\u015fmaya devam edeceklerini s\u00f6yledi.&nbsp; Ba\u015fkan G\u00fcng\u00f6r, \u201cYurt i\u00e7i ve yurt d\u0131\u015f\u0131nda y\u00fcr\u00fctt\u00fc\u011f\u00fcm\u00fcz tan\u0131t\u0131m faaliyetlerini daha da g\u00fc\u00e7lendirerek, Manavgat-Side destinasyonuna daha nitelikli ve daha fazla turist \u00e7ekebilmek i\u00e7in \u00e7aba g\u00f6steriyoruz&#8221; dedi.<\/p>\n\n\n\n<p>MASTOB Ba\u015fkan\u0131 Ahmet \u00d6zden ise Turizmde s\u00fcrd\u00fcr\u00fclebilir bir b\u00fcy\u00fcme sa\u011flamak i\u00e7in sekt\u00f6r\u00fcn t\u00fcm payda\u015flar\u0131yla ortak hareket etmesinin \u00f6nemine inand\u0131klar\u0131na de\u011finerek, \u201cMATSO ile ger\u00e7ekle\u015ftirdi\u011fimiz bu verimli toplant\u0131da, b\u00f6lge turizmini daha ileriye ta\u015f\u0131mak ad\u0131na neler yapabilirizi konu\u015ftuk. T\u00fcm payda\u015flar\u0131m\u0131zla birlikte Manavgat-Side destinasyonunun hak etti\u011fi yere ula\u015fmas\u0131 i\u00e7in \u00e7aba g\u00f6steriyoruz\u201d dedi.<\/p>\n\n\n\n<p>Manavgat Ticaret ve Sanayi Odas\u0131 \/ B\u00fclten<\/p>\n","protected":false},"excerpt":{"rendered":"<p>MASTOB Ba\u015fkan\u0131 Ahmet \u00d6zden ve Y\u00f6netim Kurulu \u00dcyeleri ile MATSO Ba\u015fkan\u0131 Seydi Tahsin G\u00fcng\u00f6r\u2019\u00fc ziyaret etti. Ziyarette b\u00f6lge turizminin geli\u015fimi, b\u00f6lgede daha fazla turist a\u011f\u0131rlayabilmesi <a href=\"https:\/\/akdenizhaber.com.tr\/index.php\/2025\/03\/03\/matso-mastob-yonetimini-misafir-etti\/\" class=\"read-more-link\">[more&#8230;]<\/a><\/p>\n","protected":false},"author":2,"featured_media":27830,"comment_status":"open","ping_status":"open","sticky":false,"template":"","format":"standard","meta":{"footnotes":""},"categories":[2],"tags":[],"class_list":["post-27829","post","type-post","status-publish","format-standard","has-post-thumbnail","hentry","category-gundem"],"_links":{"self":[{"href":"https:\/\/akdenizhaber.com.tr\/index.php\/wp-json\/wp\/v2\/posts\/27829","targetHints":{"allow":["GET"]}}],"collection":[{"href":"https:\/\/akdenizhaber.com.tr\/index.php\/wp-json\/wp\/v2\/posts"}],"about":[{"href":"https:\/\/akdenizhaber.com.tr\/index.php\/wp-json\/wp\/v2\/types\/post"}],"author":[{"embeddable":true,"href":"https:\/\/akdenizhaber.com.tr\/index.php\/wp-json\/wp\/v2\/users\/2"}],"replies":[{"embeddable":true,"href":"https:\/\/akdenizhaber.com.tr\/index.php\/wp-json\/wp\/v2\/comments?post=27829"}],"version-history":[{"count":1,"href":"https:\/\/akdenizhaber.com.tr\/index.php\/wp-json\/wp\/v2\/posts\/27829\/revisions"}],"predecessor-version":[{"id":27831,"href":"https:\/\/akdenizhaber.com.tr\/index.php\/wp-json\/wp\/v2\/posts\/27829\/revisions\/27831"}],"wp:featuredmedia":[{"embeddable":true,"href":"https:\/\/akdenizhaber.com.tr\/index.php\/wp-json\/wp\/v2\/media\/27830"}],"wp:attachment":[{"href":"https:\/\/akdenizhaber.com.tr\/index.php\/wp-json\/wp\/v2\/media?parent=27829"}],"wp:term":[{"taxonomy":"category","embeddable":true,"href":"https:\/\/akdenizhaber.com.tr\/index.php\/wp-json\/wp\/v2\/categories?post=27829"},{"taxonomy":"post_tag","embeddable":true,"href":"https:\/\/akdenizhaber.com.tr\/index.php\/wp-json\/wp\/v2\/tags?post=27829"}],"curies":[{"name":"wp","href":"https:\/\/api.w.org\/{rel}","templated":true}]}}