{"id":27807,"date":"2025-03-03T14:13:56","date_gmt":"2025-03-03T11:13:56","guid":{"rendered":"https:\/\/akdenizhaber.com.tr\/?p=27807"},"modified":"2025-03-03T14:13:58","modified_gmt":"2025-03-03T11:13:58","slug":"akdeniz-universitesinde-turk-dunyasinda-dilde-birlik-ortak-turk-alfabesi-konferansi","status":"publish","type":"post","link":"https:\/\/akdenizhaber.com.tr\/index.php\/2025\/03\/03\/akdeniz-universitesinde-turk-dunyasinda-dilde-birlik-ortak-turk-alfabesi-konferansi\/","title":{"rendered":"Akdeniz \u00dcniversitesi\u2019nde \u2018T\u00fcrk D\u00fcnyas\u0131nda Dilde Birlik: Ortak T\u00fcrk Alfabesi\u2019 Konferans\u0131"},"content":{"rendered":"\n<p>Akdeniz \u00dcniversitesi T\u00fcrk\u00e7e E\u011fitimi Ana Bilim Dal\u0131 Etkinlik Koordinat\u00f6rl\u00fc\u011f\u00fc taraf\u0131ndan, T\u00fcrk Dil Kurumu (TDK) Ba\u015fkan\u0131 Prof. Dr. Osman Mert\u2019in kat\u0131l\u0131m\u0131yla \u201cT\u00fcrk D\u00fcnyas\u0131nda Dilde Birlik: Ortak T\u00fcrk Alfabesi\u201d konulu konferans ger\u00e7ekle\u015ftirildi.<\/p>\n\n\n\n<p>Konferans\u0131n a\u00e7\u0131l\u0131\u015f konu\u015fmas\u0131n\u0131, Akdeniz \u00dcniversitesi Rekt\u00f6r Yard\u0131mc\u0131s\u0131 Prof. Dr. \u015e\u00fckr\u00fc \u00d6zen yapt\u0131. \u00d6zen, T\u00fcrk d\u00fcnyas\u0131nda dil birli\u011finin \u00f6nemine vurgu yaparak, ortak alfabe \u00e7al\u0131\u015fmalar\u0131n\u0131n k\u00fclt\u00fcrel ve akademik i\u015f birliklerine katk\u0131 sa\u011flayaca\u011f\u0131n\u0131 belirtti.<\/p>\n\n\n\n<p>A\u00e7\u0131l\u0131\u015f konu\u015fmas\u0131n\u0131n ard\u0131ndan, etkinlik koordinat\u00f6r\u00fc Dr. \u00d6\u011fr. \u00dcyesi P\u0131nar \u015eim\u015fek, konferans\u0131n i\u00e7eri\u011fine dair k\u0131sa bir bilgilendirme yapt\u0131. Konferansta, T\u00fcrk Dil Kurumu Ba\u015fkan\u0131 Prof. Dr. Osman Mert, 1997 y\u0131l\u0131ndan itibaren T\u00fcrk d\u00fcnyas\u0131nda y\u00fcr\u00fctt\u00fckleri dil \u00e7al\u0131\u015fmalar\u0131 ile ortak alfabe konusundaki geli\u015fmeleri i\u00e7eren bir sunum ger\u00e7ekle\u015ftirdi. Mert, ortak alfabenin T\u00fcrk d\u00fcnyas\u0131nda ileti\u015fimi g\u00fc\u00e7lendirece\u011fini ve bilim, e\u011fitim, teknoloji gibi bir\u00e7ok alanda i\u015f birli\u011fini art\u0131raca\u011f\u0131n\u0131 belirtti.<\/p>\n\n\n\n<p>Sunumun ard\u0131ndan soru-cevap etkinli\u011fi d\u00fczenlenerek kat\u0131l\u0131mc\u0131lar, merak ettikleri konular hakk\u0131nda Prof. Dr. Osman Mert\u2019e sorular y\u00f6neltti. Program\u0131n sonunda, Rekt\u00f6r Yard\u0131mc\u0131s\u0131 Prof. Dr. \u015e\u00fckr\u00fc \u00d6zen, katk\u0131lar\u0131ndan dolay\u0131 Prof. Dr. Osman Mert\u2019e plaket ve te\u015fekk\u00fcr belgesi takdim etti. Konferans, hat\u0131ra foto\u011fraf\u0131 \u00e7ekimiyle sona erdi.<\/p>\n\n\n\n<p>T\u00dcRK\u00c7E \u00d6Z\u00dcM\u00dcZ<\/p>\n\n\n\n<p>Konferans\u0131n a\u00e7\u0131l\u0131\u015f konu\u015fmalar\u0131n\u0131 ger\u00e7ekle\u015ftiren Akdeniz \u00dcniversitesi Rekt\u00f6r Yard\u0131mc\u0131s\u0131 Prof. Dr. \u015e\u00fckr\u00fc \u00d6zen, \u201cT\u00fcrk\u00e7e deyince, i\u015fin \u00f6z\u00fcne d\u00f6nm\u00fc\u015f oluyoruz. T\u00fcrk d\u00fcnyas\u0131nda birlik, T\u00fcrk alfabesinde birlik konusunda ba\u015fkan\u0131m\u0131z muhakkak bizi ayd\u0131nlatacakt\u0131r. Bu vesile ile buraday\u0131z. Dolay\u0131s\u0131yla hepinizi sayg\u0131 ve sevgiyle selaml\u0131yorum. Akdeniz \u00dcniversitesi\u2019nde bu toplant\u0131n\u0131n d\u00fczenleniyor olmas\u0131 dolay\u0131s\u0131yla da \u00e7ok mutluyum. T\u00fcrk\u00e7e \u00e7ok k\u0131ymetli, \u00f6z\u00fcm\u00fcz, dilimiz, k\u00fclt\u00fcr\u00fcm\u00fcz. Dili konu\u015fmak tek ba\u015f\u0131na yeterli olan bir unsur de\u011fil. K\u00fclt\u00fcrle birlikte de\u011ferlendirdi\u011fimizde dil, bir milletin olu\u015fmas\u0131ndan, k\u00fclt\u00fcr\u00fcn gelecek nesillere ta\u015f\u0131nmas\u0131nda en \u00f6nemli ara\u00e7t\u0131r. Geldi\u011fimiz noktada, toplumsal miras\u0131m\u0131za bakt\u0131\u011f\u0131m\u0131zda gerek g\u00f6\u00e7erek, gerek yer de\u011fi\u015ftirerek d\u00fcnyan\u0131n \u00e7ok geni\u015f co\u011frafyalar\u0131na yay\u0131lm\u0131\u015f soyda\u015flar\u0131m\u0131z var. Bu noktada bizi bir araya getiren temel unsurun dil oldu\u011funu hepimiz biliyoruz. Bu farkl\u0131l\u0131klar\u0131 da ortadan kald\u0131racak ve ad\u0131na da T\u00fcrk d\u00fcnyas\u0131 olarak tarif etti\u011fimiz, \u00f6zledi\u011fimiz, gelecek ku\u015faklara g\u00fc\u00e7l\u00fc bir \u015fekilde T\u00fcrk kimli\u011finin, T\u00fcrk k\u00fclt\u00fcr\u00fcn\u00fcn yayg\u0131nla\u015fmas\u0131 ve g\u00fc\u00e7lenmesi konusunda alfabenin de art\u0131k ortak d\u00fczlemde kullan\u0131lacak \u00e7al\u0131\u015fmalar\u0131n yap\u0131l\u0131yor olmas\u0131n\u0131 \u00e7ok \u00f6nemsiyoruz, \u00e7ok k\u0131ymetli buluyoruz.\u201d Dedi.&nbsp;<\/p>\n\n\n\n<p>D\u0130LDE F\u0130K\u0130RDE \u0130\u015eTE B\u0130RL\u0130K&nbsp;<\/p>\n\n\n\n<p>Etkinlik koordinat\u00f6r\u00fc Dr. \u00d6\u011fretim \u00dcyesi P\u0131nar \u015eim\u015fek, konferans hakk\u0131nda genel bilgi vererek, yap\u0131lan ortak alfabe \u00e7al\u0131\u015fmalar\u0131 hakk\u0131nda konu\u015ftu. \u015eim\u015fek,&nbsp; \u201cBilindi\u011fi \u00fczere T\u00fcrk Devletleri Te\u015fkilatlar\u0131 uktesinde T\u00fcrk Dil Kurumu ve T\u00fcrk Akademisi i\u015fbirli\u011finde olu\u015fturulan T\u00fcrk D\u00fcnyas\u0131 Ortak Alfabe Komisyonu\u2019nun 3. toplant\u0131s\u0131 9- 11 Eyl\u00fcl 2024 tarihinde Azerbaycan Bak\u00fc&#8217;de yap\u0131ld\u0131. A\u00e7\u0131l\u0131\u015f konu\u015fmas\u0131n\u0131 T\u00fcrk Dil Kurumu Ba\u015fkan\u0131 Prof. Dr. Osman Mert, T\u00fcrk Akademisi Ba\u015fkan\u0131 Prof. Dr. \u015eahin Mustafayev ve Azerbaycan Milli E\u011fitim Bakan\u0131 Emin Amrullayev\u2019in yapt\u0131\u011f\u0131 toplant\u0131da 34 harften olu\u015fan ortak T\u00fcrk alfabesi, T\u00fcrk Devletleri Te\u015fkilat\u0131 uktesinde olu\u015fturulan T\u00fcrk D\u00fcnyas\u0131 Ortak Alfabe Komisyonunca oy birli\u011fiyle kabul edildi. B\u00f6ylelikle T\u00fcrk Akademisi, T\u00fcrk Dil Kurumu Ve T\u00fcrk D\u00fcnyas\u0131 Ortak Alfabe Komisyonu \u00fcyelerinin 2 y\u0131l boyunca \u00fcst\u00fcn gayretler g\u00f6stererek yapt\u0131\u011f\u0131 \u00e7al\u0131\u015fmalar, ba\u015far\u0131 ve mutlulukla sonu\u00e7land\u0131. B\u00fct\u00fcn bu geli\u015fmeleri g\u00f6z \u00f6n\u00fcne alarak Gasp\u0131ral\u0131&#8217;n\u0131n dilde fikirde i\u015fte birlik ve dilimiz kimli\u011fimizdir anlay\u0131\u015f\u0131 do\u011frultusunda, d\u00fczenledi\u011fimiz konferans\u0131n b\u00f6l\u00fcm\u00fcm\u00fcz ve \u00f6\u011frencilerimiz ad\u0131na \u00e7ok yararl\u0131 olaca\u011f\u0131n\u0131 d\u00fc\u015f\u00fcn\u00fcyorum. Etkinli\u011fimize sonsuz destek veren Rekt\u00f6r\u00fcm\u00fcz Say\u0131n Prof. Dr. \u00d6zlenen \u00d6zkan\u2019a, Rekt\u00f6r Yard\u0131mc\u0131m\u0131z Say\u0131n Prof. Dr. \u015e\u00fckr\u00fc \u00d6zen\u2019e, her konuda bize destek veren Dekan\u0131m\u0131z Prof. Dr. Hilmi Demirkaya\u2019ya, eme\u011fi ge\u00e7en herkese te\u015fekk\u00fcr ediyorum. Ne Mutlu T\u00fcrk\u00fcm Diyene, ne mutlu T\u00fcrk\u00e7e konu\u015fana!\u201d ifadelerini kulland\u0131.<\/p>\n\n\n\n<p>YAZIDA B\u0130RL\u0130\u011e\u0130 SA\u011eLAYAMAZSAK, D\u0130\u011eER ALANLARDA \u0130STED\u0130\u011e\u0130M\u0130Z B\u0130RL\u0130\u011e\u0130 SA\u011eLAYAMAYIZ<\/p>\n\n\n\n<p>T\u00fcrk Dil Kurumu (TDK) Ba\u015fkan\u0131 Prof. Dr. Osman Mert, \u201cAntalya\u2019da sizinle birlikte olmak benim i\u00e7in b\u00fcy\u00fck bir mutluluk. T\u00fcrk k\u00fclt\u00fcr\u00fcnde yaz\u0131 kavram\u0131n\u0131n geli\u015fimiyle ben ba\u015flamak istedim. G\u00f6rd\u00fc\u011f\u00fcm kadar\u0131yla salonun \u00e7ok \u00f6nemli bir k\u0131sm\u0131 gen\u00e7lerden olu\u015fuyor. Bu fevkalade g\u00fczel bir \u015fey, gelece\u011fimiz onlar. Hep \u015funu diyorum, \u015fu an n\u00fcfusumuzun y\u00fczde 20\u2019sini olu\u015fturuyorlar ama gelece\u011fimizin y\u00fczde 100\u2019\u00fc onlar. Ey gen\u00e7ler, o kadar de\u011ferlisiniz. Onun i\u00e7in bu sorumlulu\u011fu biz size aktaraca\u011f\u0131z. \u015euan bu y\u00fck bizde, bizde size aktaraca\u011f\u0131z. Yaz\u0131da birli\u011fi sa\u011flayamazsak, di\u011fer alanlarda istedi\u011fimiz d\u00fczeyde bir birlik sa\u011flayamay\u0131z. Bu kolay bir yol olmad\u0131. Atalar\u0131m\u0131z kendi yaz\u0131lar\u0131n\u0131 kendileri geli\u015ftirmi\u015fler. Biz ekip olarak, ben 1997\u2019de ba\u015flad\u0131m, hocam 1989\u2019da ba\u015flad\u0131. K\u00fclt\u00fcr co\u011frafyas\u0131nda \u00e7al\u0131\u015f\u0131yoruz. Bizim alan\u0131m\u0131z G\u00f6kt\u00fcrk\u00e7e. 2006\u2019ya geldi\u011fimizde, elimizde \u00e7ok ciddi veriler oldu. T\u00fcrk\u2019e ait buldu\u011fumuz ne varsa kay\u0131tlar\u0131n\u0131, g\u00f6r\u00fcnt\u00fclerini ald\u0131k. D\u00fcnyadaki en zor i\u015flerden biri T\u00fcrklerin k\u00fclt\u00fcr\u00fc ve tarihi ile ilgili \u00e7al\u0131\u015fmakt\u0131r. Defalarca 20 g\u00fcn boyunca sa\u00e7\u0131ma su de\u011fmedi\u011fini biliyorum.\u201d \u015feklinde konu\u015ftu.<\/p>\n\n\n\n<p>Akdeniz \u00dcniversitesi Rekt\u00f6rl\u00fc\u011f\u00fc \/ B\u00fclten<\/p>\n","protected":false},"excerpt":{"rendered":"<p>Akdeniz \u00dcniversitesi T\u00fcrk\u00e7e E\u011fitimi Ana Bilim Dal\u0131 Etkinlik Koordinat\u00f6rl\u00fc\u011f\u00fc taraf\u0131ndan, T\u00fcrk Dil Kurumu (TDK) Ba\u015fkan\u0131 Prof. Dr. Osman Mert\u2019in kat\u0131l\u0131m\u0131yla \u201cT\u00fcrk D\u00fcnyas\u0131nda Dilde Birlik: Ortak <a href=\"https:\/\/akdenizhaber.com.tr\/index.php\/2025\/03\/03\/akdeniz-universitesinde-turk-dunyasinda-dilde-birlik-ortak-turk-alfabesi-konferansi\/\" class=\"read-more-link\">[more&#8230;]<\/a><\/p>\n","protected":false},"author":2,"featured_media":27808,"comment_status":"open","ping_status":"open","sticky":false,"template":"","format":"standard","meta":{"footnotes":""},"categories":[2],"tags":[],"class_list":["post-27807","post","type-post","status-publish","format-standard","has-post-thumbnail","hentry","category-gundem"],"_links":{"self":[{"href":"https:\/\/akdenizhaber.com.tr\/index.php\/wp-json\/wp\/v2\/posts\/27807","targetHints":{"allow":["GET"]}}],"collection":[{"href":"https:\/\/akdenizhaber.com.tr\/index.php\/wp-json\/wp\/v2\/posts"}],"about":[{"href":"https:\/\/akdenizhaber.com.tr\/index.php\/wp-json\/wp\/v2\/types\/post"}],"author":[{"embeddable":true,"href":"https:\/\/akdenizhaber.com.tr\/index.php\/wp-json\/wp\/v2\/users\/2"}],"replies":[{"embeddable":true,"href":"https:\/\/akdenizhaber.com.tr\/index.php\/wp-json\/wp\/v2\/comments?post=27807"}],"version-history":[{"count":1,"href":"https:\/\/akdenizhaber.com.tr\/index.php\/wp-json\/wp\/v2\/posts\/27807\/revisions"}],"predecessor-version":[{"id":27809,"href":"https:\/\/akdenizhaber.com.tr\/index.php\/wp-json\/wp\/v2\/posts\/27807\/revisions\/27809"}],"wp:featuredmedia":[{"embeddable":true,"href":"https:\/\/akdenizhaber.com.tr\/index.php\/wp-json\/wp\/v2\/media\/27808"}],"wp:attachment":[{"href":"https:\/\/akdenizhaber.com.tr\/index.php\/wp-json\/wp\/v2\/media?parent=27807"}],"wp:term":[{"taxonomy":"category","embeddable":true,"href":"https:\/\/akdenizhaber.com.tr\/index.php\/wp-json\/wp\/v2\/categories?post=27807"},{"taxonomy":"post_tag","embeddable":true,"href":"https:\/\/akdenizhaber.com.tr\/index.php\/wp-json\/wp\/v2\/tags?post=27807"}],"curies":[{"name":"wp","href":"https:\/\/api.w.org\/{rel}","templated":true}]}}